{"id":1010,"date":"2014-11-03T11:46:01","date_gmt":"2014-11-03T11:46:01","guid":{"rendered":"http:\/\/bibliotekamoscisko.pl\/?p=1010"},"modified":"2014-11-03T11:46:01","modified_gmt":"2014-11-03T11:46:01","slug":"wszyscy-bawilismy-sie-swietnie","status":"publish","type":"post","link":"https:\/\/bibliotekamoscisko.pl\/?p=1010","title":{"rendered":"&#8222;Wszyscy bawili\u015bmy si\u0119 \u015bwietnie&#8221;"},"content":{"rendered":"<p>M\u0142odzi czytelnicy Biblioteki Publiczno-Szkolnej w Pi\u0142awie Dolnej i zarazem uczniowie Szko\u0142y Podstawowej z klas I \u2013 III, pod opiek\u0105 wychowawc\u00f3w Ewy Soko\u0142owskiej i El\u017cbiety Biernackiej, odwiedzili 27 pa\u017adziernika Dzier\u017coniowski O\u015brodek Kultury. W \u201eGalerii na Pi\u0119trze\u201d obejrze\u0107 mogli wystaw\u0119 Henryka Kluzy, pod tytu\u0142em \u201eMalarstwo-rysunek\u201d. Artysta zwi\u0105zany by\u0142 od wielu lat z Dzier\u017coniowem. Za swoj\u0105 pasj\u0119 malarsk\u0105, otrzyma\u0142 wiele nagr\u00f3d. Zobaczyli\u015bmy pastelowe obrazy przedstawiaj\u0105ce przyrod\u0119, krajobrazy, architektur\u0119 naszych okolicznych miejscowo\u015bci. Zobaczyli\u015bmy ciekawe zestawienia koloru i \u015bwiat\u0142a, prace o kontrastowej kompozycji, na jednolitym kolorowym tle.<\/p>\n<div id='gallery-1' class='gallery galleryid-1010 gallery-columns-3 gallery-size-thumbnail'><figure class='gallery-item'>\n\t\t\t<div class='gallery-icon portrait'>\n\t\t\t\t<a href='https:\/\/bibliotekamoscisko.pl\/?attachment_id=1011'><img decoding=\"async\" width=\"150\" height=\"150\" src=\"https:\/\/bibliotekamoscisko.pl\/wp-content\/uploads\/2014\/11\/IMG_1649-150x150.jpg\" class=\"attachment-thumbnail size-thumbnail\" alt=\"\" \/><\/a>\n\t\t\t<\/div><\/figure><figure class='gallery-item'>\n\t\t\t<div class='gallery-icon landscape'>\n\t\t\t\t<a href='https:\/\/bibliotekamoscisko.pl\/?attachment_id=1012'><img decoding=\"async\" width=\"150\" height=\"150\" src=\"https:\/\/bibliotekamoscisko.pl\/wp-content\/uploads\/2014\/11\/IMG_1654-150x150.jpg\" class=\"attachment-thumbnail size-thumbnail\" alt=\"\" \/><\/a>\n\t\t\t<\/div><\/figure><figure class='gallery-item'>\n\t\t\t<div class='gallery-icon portrait'>\n\t\t\t\t<a href='https:\/\/bibliotekamoscisko.pl\/?attachment_id=1014'><img decoding=\"async\" width=\"150\" height=\"150\" src=\"https:\/\/bibliotekamoscisko.pl\/wp-content\/uploads\/2014\/11\/IMG_1656-150x150.jpg\" class=\"attachment-thumbnail size-thumbnail\" alt=\"\" \/><\/a>\n\t\t\t<\/div><\/figure><figure class='gallery-item'>\n\t\t\t<div class='gallery-icon portrait'>\n\t\t\t\t<a href='https:\/\/bibliotekamoscisko.pl\/?attachment_id=1015'><img loading=\"lazy\" decoding=\"async\" width=\"150\" height=\"150\" src=\"https:\/\/bibliotekamoscisko.pl\/wp-content\/uploads\/2014\/11\/IMG_1657-150x150.jpg\" class=\"attachment-thumbnail size-thumbnail\" alt=\"\" \/><\/a>\n\t\t\t<\/div><\/figure><figure class='gallery-item'>\n\t\t\t<div class='gallery-icon landscape'>\n\t\t\t\t<a href='https:\/\/bibliotekamoscisko.pl\/?attachment_id=1018'><img loading=\"lazy\" decoding=\"async\" width=\"150\" height=\"150\" src=\"https:\/\/bibliotekamoscisko.pl\/wp-content\/uploads\/2014\/11\/IMG_1668-150x150.jpg\" class=\"attachment-thumbnail size-thumbnail\" alt=\"\" \/><\/a>\n\t\t\t<\/div><\/figure>\n\t\t<\/div>\n\n<p>Prace w barwach czarno-bia\u0142ych charakteryzowa\u0142y si\u0119\u00a0 bogactwem kszta\u0142t\u00f3w, ciekaw\u0105 kresk\u0105, ekspresj\u0105.<\/p>\n<p>Dzieci z zaciekawieniem ogl\u0105da\u0142y wystaw\u0119. P\u00f3\u017aniej skierowali\u015bmy nasze kroki do kina \u201eZbyszek\u201d, na spektakl teatralny pt. \u201e80 dni\u2026 niesamowita przygoda Passepartout i Phileasa Foga\u201d, wystawiony przez Teatr Moich Marze\u0144 \u2013 z Chorzowa. By\u0142a to ciekawa, barwna adaptacja ksi\u0105\u017cki Juliusza Verne \u2013 pt. \u201eW 80 dni dooko\u0142a \u015bwiata.\u201d Dzieci \u015bwietnie bawi\u0142y si\u0119 na spektaklu, reaguj\u0105c z entuzjazmem na zdarzenia dziej\u0105ce si\u0119 na scenie. A to wypowied\u017a ucznia z III klasy \u2013 Kamila Kasztelana: \u201eSpektakl okaza\u0142 si\u0119 rewelacyjny, wspania\u0142e stroje, dekoracje, muzyka i gra aktorska. Wszyscy bawili\u015bmy si\u0119 \u015bwietnie. Zadowoleni wr\u00f3cili\u015bmy do szko\u0142y\u201d.<\/p>\n<p>Teraz wypada si\u0119gn\u0105\u0107 r\u00f3wnie\u017c do ksi\u0105\u017cki Juliusza Verne. Zapraszamy.<\/p>\n<p>&nbsp;<\/p>\n<p>Dzi\u0119kuj\u0119<\/p>\n<p>Wanda Kun<\/p>\n","protected":false},"excerpt":{"rendered":"<p>M\u0142odzi czytelnicy Biblioteki Publiczno-Szkolnej w Pi\u0142awie Dolnej i zarazem uczniowie Szko\u0142y Podstawowej z klas I \u2013 III, pod opiek\u0105 wychowawc\u00f3w Ewy Soko\u0142owskiej i El\u017cbiety Biernackiej, odwiedzili 27 pa\u017adziernika Dzier\u017coniowski O\u015brodek [&hellip;]<\/p>\n","protected":false},"author":1,"featured_media":0,"comment_status":"closed","ping_status":"open","sticky":false,"template":"","format":"standard","meta":{"ngg_post_thumbnail":0,"footnotes":""},"categories":[1],"tags":[],"class_list":["post-1010","post","type-post","status-publish","format-standard","hentry","category-uncategorized"],"_links":{"self":[{"href":"https:\/\/bibliotekamoscisko.pl\/index.php?rest_route=\/wp\/v2\/posts\/1010","targetHints":{"allow":["GET"]}}],"collection":[{"href":"https:\/\/bibliotekamoscisko.pl\/index.php?rest_route=\/wp\/v2\/posts"}],"about":[{"href":"https:\/\/bibliotekamoscisko.pl\/index.php?rest_route=\/wp\/v2\/types\/post"}],"author":[{"embeddable":true,"href":"https:\/\/bibliotekamoscisko.pl\/index.php?rest_route=\/wp\/v2\/users\/1"}],"replies":[{"embeddable":true,"href":"https:\/\/bibliotekamoscisko.pl\/index.php?rest_route=%2Fwp%2Fv2%2Fcomments&post=1010"}],"version-history":[{"count":1,"href":"https:\/\/bibliotekamoscisko.pl\/index.php?rest_route=\/wp\/v2\/posts\/1010\/revisions"}],"predecessor-version":[{"id":1019,"href":"https:\/\/bibliotekamoscisko.pl\/index.php?rest_route=\/wp\/v2\/posts\/1010\/revisions\/1019"}],"wp:attachment":[{"href":"https:\/\/bibliotekamoscisko.pl\/index.php?rest_route=%2Fwp%2Fv2%2Fmedia&parent=1010"}],"wp:term":[{"taxonomy":"category","embeddable":true,"href":"https:\/\/bibliotekamoscisko.pl\/index.php?rest_route=%2Fwp%2Fv2%2Fcategories&post=1010"},{"taxonomy":"post_tag","embeddable":true,"href":"https:\/\/bibliotekamoscisko.pl\/index.php?rest_route=%2Fwp%2Fv2%2Ftags&post=1010"}],"curies":[{"name":"wp","href":"https:\/\/api.w.org\/{rel}","templated":true}]}}