{"id":10180,"date":"2020-03-03T09:58:36","date_gmt":"2020-03-03T09:58:36","guid":{"rendered":"http:\/\/bibliotekamoscisko.pl\/?p=10180"},"modified":"2020-03-03T09:58:36","modified_gmt":"2020-03-03T09:58:36","slug":"kultura-tradycja-teatr-ostroszowice-w-trzech-aktach","status":"publish","type":"post","link":"https:\/\/bibliotekamoscisko.pl\/?p=10180","title":{"rendered":"Kultura, Tradycja, Teatr &#8211; Ostroszowice w trzech aktach"},"content":{"rendered":"<h2 style=\"text-align: center;\">Do czytelni Biblioteki w Mo\u015bcisku zawita\u0142a wystawa prac zrealizowana przez cz\u0142onk\u00f3w Stowarzyszenia Przyjaci\u00f3\u0142 G\u00f3r Sowich.\u00a0 Mo\u017cna j\u0105 b\u0119dzie ogl\u0105da\u0107 do 20 marca w godzinach pracy biblioteki. Zapraszamy!<\/h2>\n<p><a href=\"http:\/\/bibliotekamoscisko.pl\/wp-content\/uploads\/2020\/03\/projekt-plakatu-biblioteka.jpg\"><img fetchpriority=\"high\" decoding=\"async\" class=\"aligncenter size-large wp-image-10181\" src=\"http:\/\/bibliotekamoscisko.pl\/wp-content\/uploads\/2020\/03\/projekt-plakatu-biblioteka-724x1024.jpg\" alt=\"\" width=\"654\" height=\"925\" srcset=\"https:\/\/bibliotekamoscisko.pl\/wp-content\/uploads\/2020\/03\/projekt-plakatu-biblioteka-724x1024.jpg 724w, https:\/\/bibliotekamoscisko.pl\/wp-content\/uploads\/2020\/03\/projekt-plakatu-biblioteka-212x300.jpg 212w, https:\/\/bibliotekamoscisko.pl\/wp-content\/uploads\/2020\/03\/projekt-plakatu-biblioteka-768x1086.jpg 768w\" sizes=\"(max-width: 654px) 100vw, 654px\" \/><\/a><\/p>\n<div id='gallery-1' class='gallery galleryid-10180 gallery-columns-3 gallery-size-thumbnail'><figure class='gallery-item'>\n\t\t\t<div class='gallery-icon landscape'>\n\t\t\t\t<a href='https:\/\/bibliotekamoscisko.pl\/?attachment_id=10184'><img decoding=\"async\" width=\"150\" height=\"150\" src=\"https:\/\/bibliotekamoscisko.pl\/wp-content\/uploads\/2020\/03\/88150501_2489768798003294_8716242545018929152_n-150x150.jpg\" class=\"attachment-thumbnail size-thumbnail\" alt=\"\" srcset=\"https:\/\/bibliotekamoscisko.pl\/wp-content\/uploads\/2020\/03\/88150501_2489768798003294_8716242545018929152_n-150x150.jpg 150w, https:\/\/bibliotekamoscisko.pl\/wp-content\/uploads\/2020\/03\/88150501_2489768798003294_8716242545018929152_n-1x1.jpg 1w\" sizes=\"(max-width: 150px) 100vw, 150px\" \/><\/a>\n\t\t\t<\/div><\/figure><figure class='gallery-item'>\n\t\t\t<div class='gallery-icon landscape'>\n\t\t\t\t<a href='https:\/\/bibliotekamoscisko.pl\/?attachment_id=10182'><img decoding=\"async\" width=\"150\" height=\"150\" src=\"https:\/\/bibliotekamoscisko.pl\/wp-content\/uploads\/2020\/03\/88083401_2837501916326545_5743114690641264640_n-150x150.jpg\" class=\"attachment-thumbnail size-thumbnail\" alt=\"\" srcset=\"https:\/\/bibliotekamoscisko.pl\/wp-content\/uploads\/2020\/03\/88083401_2837501916326545_5743114690641264640_n-150x150.jpg 150w, https:\/\/bibliotekamoscisko.pl\/wp-content\/uploads\/2020\/03\/88083401_2837501916326545_5743114690641264640_n-1x1.jpg 1w\" sizes=\"(max-width: 150px) 100vw, 150px\" \/><\/a>\n\t\t\t<\/div><\/figure><figure class='gallery-item'>\n\t\t\t<div class='gallery-icon landscape'>\n\t\t\t\t<a href='https:\/\/bibliotekamoscisko.pl\/?attachment_id=10183'><img loading=\"lazy\" decoding=\"async\" width=\"150\" height=\"150\" src=\"https:\/\/bibliotekamoscisko.pl\/wp-content\/uploads\/2020\/03\/88099171_581149786081173_5180911786651549696_n-150x150.jpg\" class=\"attachment-thumbnail size-thumbnail\" alt=\"\" srcset=\"https:\/\/bibliotekamoscisko.pl\/wp-content\/uploads\/2020\/03\/88099171_581149786081173_5180911786651549696_n-150x150.jpg 150w, https:\/\/bibliotekamoscisko.pl\/wp-content\/uploads\/2020\/03\/88099171_581149786081173_5180911786651549696_n-1x1.jpg 1w\" sizes=\"(max-width: 150px) 100vw, 150px\" \/><\/a>\n\t\t\t<\/div><\/figure>\n\t\t<\/div>\n\n<p>&nbsp;<\/p>\n","protected":false},"excerpt":{"rendered":"<p>Do czytelni Biblioteki w Mo\u015bcisku zawita\u0142a wystawa prac zrealizowana przez cz\u0142onk\u00f3w Stowarzyszenia Przyjaci\u00f3\u0142 G\u00f3r Sowich.\u00a0 Mo\u017cna j\u0105 b\u0119dzie ogl\u0105da\u0107 do 20 marca w godzinach pracy biblioteki. Zapraszamy! &nbsp;<\/p>\n","protected":false},"author":1,"featured_media":0,"comment_status":"closed","ping_status":"open","sticky":false,"template":"","format":"standard","meta":{"ngg_post_thumbnail":0,"footnotes":""},"categories":[1],"tags":[],"class_list":["post-10180","post","type-post","status-publish","format-standard","hentry","category-uncategorized"],"_links":{"self":[{"href":"https:\/\/bibliotekamoscisko.pl\/index.php?rest_route=\/wp\/v2\/posts\/10180","targetHints":{"allow":["GET"]}}],"collection":[{"href":"https:\/\/bibliotekamoscisko.pl\/index.php?rest_route=\/wp\/v2\/posts"}],"about":[{"href":"https:\/\/bibliotekamoscisko.pl\/index.php?rest_route=\/wp\/v2\/types\/post"}],"author":[{"embeddable":true,"href":"https:\/\/bibliotekamoscisko.pl\/index.php?rest_route=\/wp\/v2\/users\/1"}],"replies":[{"embeddable":true,"href":"https:\/\/bibliotekamoscisko.pl\/index.php?rest_route=%2Fwp%2Fv2%2Fcomments&post=10180"}],"version-history":[{"count":1,"href":"https:\/\/bibliotekamoscisko.pl\/index.php?rest_route=\/wp\/v2\/posts\/10180\/revisions"}],"predecessor-version":[{"id":10185,"href":"https:\/\/bibliotekamoscisko.pl\/index.php?rest_route=\/wp\/v2\/posts\/10180\/revisions\/10185"}],"wp:attachment":[{"href":"https:\/\/bibliotekamoscisko.pl\/index.php?rest_route=%2Fwp%2Fv2%2Fmedia&parent=10180"}],"wp:term":[{"taxonomy":"category","embeddable":true,"href":"https:\/\/bibliotekamoscisko.pl\/index.php?rest_route=%2Fwp%2Fv2%2Fcategories&post=10180"},{"taxonomy":"post_tag","embeddable":true,"href":"https:\/\/bibliotekamoscisko.pl\/index.php?rest_route=%2Fwp%2Fv2%2Ftags&post=10180"}],"curies":[{"name":"wp","href":"https:\/\/api.w.org\/{rel}","templated":true}]}}