{"id":1020,"date":"2014-11-04T15:02:52","date_gmt":"2014-11-04T15:02:52","guid":{"rendered":"http:\/\/bibliotekamoscisko.pl\/?p=1020"},"modified":"2015-03-11T09:44:26","modified_gmt":"2015-03-11T09:44:26","slug":"zamknij-oczy-i-czytaj","status":"publish","type":"post","link":"https:\/\/bibliotekamoscisko.pl\/?p=1020","title":{"rendered":"Zamknij oczy i czytaj!!!"},"content":{"rendered":"<p>Mi\u0142o jest nam poinformowa\u0107, \u017ce Biblioteka przyst\u0105pi\u0142a do projektu \u201eWypo\u017cyczalnia odtwarzaczy cyfrowej ksi\u0105\u017cki m\u00f3wionej dla os\u00f3b niewidomych i s\u0142abowidz\u0105cych \u2013 Edycja 2014\u201d realizowanego przez Stowarzyszenie Pomocy Osobom Niepe\u0142nosprawnym \u201eLarix\u201d im. Henryka Ruszczyca. Projekt jest dofinansowany przez Ministra Kultury i Dziedzictwa Narodowego.<\/p>\n<p>Zapraszamy do przejrzenia dost\u0119pnych tytu\u0142\u00f3w:<\/p>\n<p><a href=\"http:\/\/bibliotekamoscisko.pl\/wp-content\/uploads\/2014\/11\/katalog_larix_2014.pdf\">katalog_larix_2014<\/a><\/p>\n<p>Biblioteka w\u00a0ramach projektu otrzyma\u0142a nieodp\u0142atnie \u00a0urz\u0105dzenie Czytak Plus, kt\u00f3re jest przystosowane do obs\u0142ugi przez osoby niewidome i\u00a0s\u0142abo widz\u0105ce. Nasza plac\u00f3wka b\u0119dzie mog\u0142a wypo\u017cycza\u0107 Czytaka wraz z\u00a0ksi\u0105\u017ckami audio czytelnikom z\u00a0wad\u0105 wzroku. Biblioteka dzi\u0119ki uprzejmo\u015bci Stowarzyszenia &#8222;Larix&#8221; otrzyma\u0142a bezp\u0142atnie tak\u017ce pakiet prawie 1000 cyfrowych ksi\u0105\u017cek m\u00f3wionych, kt\u00f3rych mo\u017cna pos\u0142ucha\u0107 na urz\u0105dzeniu Czytak.<\/p>\n<p>Dzi\u0119ki wsparciu Ministra Kultury Czytelnicy z wad\u0105 wzroku b\u0119d\u0105 mie\u0107 \u0142atwiejszy dost\u0119p do ksi\u0105\u017cek nagranych w postaci audiobook\u00f3w.<\/p>\n<p>Stowarzyszenie \u201eLarix\u201d od 2007 r. zajmuje si\u0119 nagrywaniem i\u00a0udost\u0119pnianiem bibliotekom cyfrowych ksi\u0105\u017cek m\u00f3wionych przeznaczonych dla os\u00f3b niewidomych i\u00a0s\u0142abo widz\u0105cych. We wsp\u00f3\u0142pracy ze Stowarzyszeniem nasza biblioteka b\u0119dzie wci\u0105\u017c powi\u0119ksza\u0107 ksi\u0119gozbi\u00f3r dostosowany dla os\u00f3b z wad\u0105 wzroku.<\/p>\n<p><a href=\"http:\/\/bibliotekamoscisko.pl\/wp-content\/uploads\/2015\/03\/REGULAMIN-WYPO\u017bYCZANIA-CZYTAKA-PLUS.docx\">REGULAMIN WYPO\u017bYCZANIA CZYTAKA PLUS<\/a><\/p>\n<p><a href=\"http:\/\/bibliotekamoscisko.pl\/wp-content\/uploads\/2014\/11\/logo-mkidn.jpg\"><img decoding=\"async\" class=\"alignleft  wp-image-1025\" src=\"http:\/\/bibliotekamoscisko.pl\/wp-content\/uploads\/2014\/11\/logo-mkidn.jpg\" alt=\"logo-mkidn\" width=\"183\" height=\"124\" \/>\u00a0<\/a>\u00a0\u00a0 \u00a0<a href=\"http:\/\/bibliotekamoscisko.pl\/wp-content\/uploads\/2014\/11\/logo_larix-jpg-ma\u0142e.jpg\">\u00a0<\/a><a href=\"http:\/\/bibliotekamoscisko.pl\/wp-content\/uploads\/2014\/11\/czytak.gif\"><img fetchpriority=\"high\" decoding=\"async\" class=\"aligncenter wp-image-1498 size-full\" src=\"http:\/\/bibliotekamoscisko.pl\/wp-content\/uploads\/2014\/11\/czytak.gif\" alt=\"\" width=\"275\" height=\"194\" \/><\/a><\/p>\n","protected":false},"excerpt":{"rendered":"<p>Mi\u0142o jest nam poinformowa\u0107, \u017ce Biblioteka przyst\u0105pi\u0142a do projektu \u201eWypo\u017cyczalnia odtwarzaczy cyfrowej ksi\u0105\u017cki m\u00f3wionej dla os\u00f3b niewidomych i s\u0142abowidz\u0105cych \u2013 Edycja 2014\u201d realizowanego przez Stowarzyszenie Pomocy Osobom Niepe\u0142nosprawnym \u201eLarix\u201d im. [&hellip;]<\/p>\n","protected":false},"author":1,"featured_media":1023,"comment_status":"closed","ping_status":"open","sticky":false,"template":"","format":"standard","meta":{"ngg_post_thumbnail":0,"footnotes":""},"categories":[1],"tags":[],"class_list":["post-1020","post","type-post","status-publish","format-standard","has-post-thumbnail","hentry","category-uncategorized"],"_links":{"self":[{"href":"https:\/\/bibliotekamoscisko.pl\/index.php?rest_route=\/wp\/v2\/posts\/1020","targetHints":{"allow":["GET"]}}],"collection":[{"href":"https:\/\/bibliotekamoscisko.pl\/index.php?rest_route=\/wp\/v2\/posts"}],"about":[{"href":"https:\/\/bibliotekamoscisko.pl\/index.php?rest_route=\/wp\/v2\/types\/post"}],"author":[{"embeddable":true,"href":"https:\/\/bibliotekamoscisko.pl\/index.php?rest_route=\/wp\/v2\/users\/1"}],"replies":[{"embeddable":true,"href":"https:\/\/bibliotekamoscisko.pl\/index.php?rest_route=%2Fwp%2Fv2%2Fcomments&post=1020"}],"version-history":[{"count":6,"href":"https:\/\/bibliotekamoscisko.pl\/index.php?rest_route=\/wp\/v2\/posts\/1020\/revisions"}],"predecessor-version":[{"id":1506,"href":"https:\/\/bibliotekamoscisko.pl\/index.php?rest_route=\/wp\/v2\/posts\/1020\/revisions\/1506"}],"wp:featuredmedia":[{"embeddable":true,"href":"https:\/\/bibliotekamoscisko.pl\/index.php?rest_route=\/wp\/v2\/media\/1023"}],"wp:attachment":[{"href":"https:\/\/bibliotekamoscisko.pl\/index.php?rest_route=%2Fwp%2Fv2%2Fmedia&parent=1020"}],"wp:term":[{"taxonomy":"category","embeddable":true,"href":"https:\/\/bibliotekamoscisko.pl\/index.php?rest_route=%2Fwp%2Fv2%2Fcategories&post=1020"},{"taxonomy":"post_tag","embeddable":true,"href":"https:\/\/bibliotekamoscisko.pl\/index.php?rest_route=%2Fwp%2Fv2%2Ftags&post=1020"}],"curies":[{"name":"wp","href":"https:\/\/api.w.org\/{rel}","templated":true}]}}