{"id":10234,"date":"2020-03-09T13:05:28","date_gmt":"2020-03-09T13:05:28","guid":{"rendered":"http:\/\/bibliotekamoscisko.pl\/?p=10234"},"modified":"2020-03-09T13:05:28","modified_gmt":"2020-03-09T13:05:28","slug":"jej-wysokosc-torebka","status":"publish","type":"post","link":"https:\/\/bibliotekamoscisko.pl\/?p=10234","title":{"rendered":"Jej wysoko\u015b\u0107 torebka"},"content":{"rendered":"<div class=\"Message-content\">\n<div id=\"gwp6f273fea\">\n<div id=\"gwp6f273feah\">\n<div class=\"gwp6f273feab\" data-message-body=\"true\">\n<p>Joanna Boja\u0144czyk w ksi\u0105\u017cce ,,Jej wysoko\u015b\u0107 torebka&#8221; znakomicie przedstawi\u0142a interesuj\u0105ce historie dotycz\u0105ce torebek,<a href=\"http:\/\/bibliotekamoscisko.pl\/wp-content\/uploads\/2020\/03\/torebeczka.jpg\"><img decoding=\"async\" class=\"alignright size-thumbnail wp-image-10238\" src=\"http:\/\/bibliotekamoscisko.pl\/wp-content\/uploads\/2020\/03\/torebeczka-150x150.jpg\" alt=\"\" width=\"150\" height=\"150\" srcset=\"https:\/\/bibliotekamoscisko.pl\/wp-content\/uploads\/2020\/03\/torebeczka-150x150.jpg 150w, https:\/\/bibliotekamoscisko.pl\/wp-content\/uploads\/2020\/03\/torebeczka-1x1.jpg 1w\" sizes=\"(max-width: 150px) 100vw, 150px\" \/><\/a><br \/>\nwalizek, plecak\u00f3w, teczek i innych noside\u0142. Ksi\u0105\u017cka bogato ilustrowana przez Adama W\u00f3jcickiego zainteresowa\u0142a dzieci w Ostroszowicach i zach\u0119ci\u0142a do swobodnych wypowiedzi. Wspania\u0142y poranek w przedszkolu z fantastyczn\u0105 ksi\u0105\u017ck\u0105 zapowiada dobry i tw\u00f3rczy dzie\u0144.<\/p>\n<div id='gallery-1' class='gallery galleryid-10234 gallery-columns-3 gallery-size-thumbnail'><figure class='gallery-item'>\n\t\t\t<div class='gallery-icon landscape'>\n\t\t\t\t<a href='https:\/\/bibliotekamoscisko.pl\/?attachment_id=10235'><img decoding=\"async\" width=\"150\" height=\"150\" src=\"https:\/\/bibliotekamoscisko.pl\/wp-content\/uploads\/2020\/03\/tereb-150x150.jpg\" class=\"attachment-thumbnail size-thumbnail\" alt=\"\" srcset=\"https:\/\/bibliotekamoscisko.pl\/wp-content\/uploads\/2020\/03\/tereb-150x150.jpg 150w, https:\/\/bibliotekamoscisko.pl\/wp-content\/uploads\/2020\/03\/tereb-1x1.jpg 1w\" sizes=\"(max-width: 150px) 100vw, 150px\" \/><\/a>\n\t\t\t<\/div><\/figure><figure class='gallery-item'>\n\t\t\t<div class='gallery-icon landscape'>\n\t\t\t\t<a href='https:\/\/bibliotekamoscisko.pl\/?attachment_id=10236'><img decoding=\"async\" width=\"150\" height=\"150\" src=\"https:\/\/bibliotekamoscisko.pl\/wp-content\/uploads\/2020\/03\/tor-150x150.jpg\" class=\"attachment-thumbnail size-thumbnail\" alt=\"\" srcset=\"https:\/\/bibliotekamoscisko.pl\/wp-content\/uploads\/2020\/03\/tor-150x150.jpg 150w, https:\/\/bibliotekamoscisko.pl\/wp-content\/uploads\/2020\/03\/tor-1x1.jpg 1w\" sizes=\"(max-width: 150px) 100vw, 150px\" \/><\/a>\n\t\t\t<\/div><\/figure><figure class='gallery-item'>\n\t\t\t<div class='gallery-icon landscape'>\n\t\t\t\t<a href='https:\/\/bibliotekamoscisko.pl\/?attachment_id=10237'><img loading=\"lazy\" decoding=\"async\" width=\"150\" height=\"150\" src=\"https:\/\/bibliotekamoscisko.pl\/wp-content\/uploads\/2020\/03\/tore-150x150.jpg\" class=\"attachment-thumbnail size-thumbnail\" alt=\"\" srcset=\"https:\/\/bibliotekamoscisko.pl\/wp-content\/uploads\/2020\/03\/tore-150x150.jpg 150w, https:\/\/bibliotekamoscisko.pl\/wp-content\/uploads\/2020\/03\/tore-1x1.jpg 1w\" sizes=\"(max-width: 150px) 100vw, 150px\" \/><\/a>\n\t\t\t<\/div><\/figure>\n\t\t<\/div>\n\n<div class=\"gwp6f273fea_text_exposed_show\">\n<p style=\"text-align: center;\">Dyskusyjne Kluby Ksi\u0105\u017cki dzi\u0119ki wspania\u0142ej literaturze pomagaj\u0105 dzieciom poznawa\u0107 nowe wspania\u0142e rzeczy!<\/p>\n<\/div>\n<\/div>\n<\/div>\n<\/div>\n<\/div>\n<div class=\"Message-attachments\">\n<h3><\/h3>\n<\/div>\n","protected":false},"excerpt":{"rendered":"<p>Joanna Boja\u0144czyk w ksi\u0105\u017cce ,,Jej wysoko\u015b\u0107 torebka&#8221; znakomicie przedstawi\u0142a interesuj\u0105ce historie dotycz\u0105ce torebek, walizek, plecak\u00f3w, teczek i innych noside\u0142. Ksi\u0105\u017cka bogato ilustrowana przez Adama W\u00f3jcickiego zainteresowa\u0142a dzieci w Ostroszowicach i [&hellip;]<\/p>\n","protected":false},"author":1,"featured_media":0,"comment_status":"closed","ping_status":"open","sticky":false,"template":"","format":"standard","meta":{"ngg_post_thumbnail":0,"footnotes":""},"categories":[1],"tags":[],"class_list":["post-10234","post","type-post","status-publish","format-standard","hentry","category-uncategorized"],"_links":{"self":[{"href":"https:\/\/bibliotekamoscisko.pl\/index.php?rest_route=\/wp\/v2\/posts\/10234","targetHints":{"allow":["GET"]}}],"collection":[{"href":"https:\/\/bibliotekamoscisko.pl\/index.php?rest_route=\/wp\/v2\/posts"}],"about":[{"href":"https:\/\/bibliotekamoscisko.pl\/index.php?rest_route=\/wp\/v2\/types\/post"}],"author":[{"embeddable":true,"href":"https:\/\/bibliotekamoscisko.pl\/index.php?rest_route=\/wp\/v2\/users\/1"}],"replies":[{"embeddable":true,"href":"https:\/\/bibliotekamoscisko.pl\/index.php?rest_route=%2Fwp%2Fv2%2Fcomments&post=10234"}],"version-history":[{"count":1,"href":"https:\/\/bibliotekamoscisko.pl\/index.php?rest_route=\/wp\/v2\/posts\/10234\/revisions"}],"predecessor-version":[{"id":10239,"href":"https:\/\/bibliotekamoscisko.pl\/index.php?rest_route=\/wp\/v2\/posts\/10234\/revisions\/10239"}],"wp:attachment":[{"href":"https:\/\/bibliotekamoscisko.pl\/index.php?rest_route=%2Fwp%2Fv2%2Fmedia&parent=10234"}],"wp:term":[{"taxonomy":"category","embeddable":true,"href":"https:\/\/bibliotekamoscisko.pl\/index.php?rest_route=%2Fwp%2Fv2%2Fcategories&post=10234"},{"taxonomy":"post_tag","embeddable":true,"href":"https:\/\/bibliotekamoscisko.pl\/index.php?rest_route=%2Fwp%2Fv2%2Ftags&post=10234"}],"curies":[{"name":"wp","href":"https:\/\/api.w.org\/{rel}","templated":true}]}}