{"id":10256,"date":"2020-03-27T09:29:44","date_gmt":"2020-03-27T09:29:44","guid":{"rendered":"http:\/\/bibliotekamoscisko.pl\/?p=10256"},"modified":"2020-03-27T09:29:44","modified_gmt":"2020-03-27T09:29:44","slug":"masz-te-moc","status":"publish","type":"post","link":"https:\/\/bibliotekamoscisko.pl\/?p=10256","title":{"rendered":"Masz t\u0119 moc!"},"content":{"rendered":"<p style=\"text-align: center;\">Serdecznie zapraszamy do obejrzenia ksi\u0105\u017ceczki dla dzieci na temat koronawirusa.<\/p>\n<p style=\"text-align: center;\"><span class=\"text_exposed_show\">Wszyscy, kt\u00f3rzy wzi\u0119li udzia\u0142 w projekcie, zrobili to za darmo.<br \/>\nWielkie podzi\u0119kowania dla <a class=\"profileLink\" title=\"Agnieszka Fr\u0105czek\" href=\"https:\/\/www.facebook.com\/profile.php?id=1031959799&amp;__tn__=KH-R&amp;eid=ARC6Y6Bg6NANLCb9-fOhhQ-Rzfn8alKFlxOXGmDMGSkyGA38N4YW2JDEBrZ-INx47Iirxbl51gxWo3Un&amp;fref=mentions&amp;__xts__%5B0%5D=68.ARDNK1tuUgK9d-r9JwWIFFmyHa8jYqanQk6OFso3pamSEQ6o0G7QG-H8XByGWENpbmKGvDML4SiBM-KRbz3Q338GMRshydlHOHrY-CMjW6snhoBTnHaqkS5IfWqwKCwlFcWjXV38jcNOlx8g4Pd6GImGv5R1fGdS-OQjMQbJV7ENCG4LopKTHAi703AzfXn4_oULwZ6o2CNEBTBomtSCYBFZzjoADKNJYVsxAthaGNSUERbCvENVKJ96ezb-_1eZOLsOQBE2xUZqQk3WIh0jSi_wXr6rnATGteYzUY0zs5ZHXIbkRBN-Tw0KPQ0A1WGwsKgF2u1y9DCnAFtBWRrghyxKwyptjkj3Ma6RT8TgWul89TOZ7U548FmjwOLhQq3EIDFgFAlCtjJwYH_9NwNFuXPn3HJJfjblQ0RL5M7B-dwnRcageLuBicYNWX9guvucycqOnXSfmEWHDdXLucqZVCCrb5v6dkr7G_cS2IR5nXX-y6nsiQ6dWlTBWoQz\" data-hovercard=\"\/ajax\/hovercard\/user.php?id=1031959799&amp;extragetparams=%7B%22__tn__%22%3A%22%2CdKH-R-R%22%2C%22eid%22%3A%22ARC6Y6Bg6NANLCb9-fOhhQ-Rzfn8alKFlxOXGmDMGSkyGA38N4YW2JDEBrZ-INx47Iirxbl51gxWo3Un%22%2C%22fref%22%3A%22mentions%22%7D\" data-hovercard-prefer-more-content-show=\"1\">Agnieszka Fr\u0105czek<\/a> i Wydawnictwa Olesiejuk.<\/span><\/p>\n<p style=\"text-align: center;\">Ilustracje Ewa Podle\u015b.<\/p>\n<p style=\"text-align: center;\"><span class=\"text_exposed_show\"> \u017byczymy Pa\u0144stwu du\u017co zdrowia i spokoju. <\/span><\/p>\n<p><a href=\"http:\/\/bibliotekamoscisko.pl\/wp-content\/uploads\/2020\/03\/masz-t\u0119-moc.jpg\"><img fetchpriority=\"high\" decoding=\"async\" class=\"aligncenter size-medium wp-image-10258\" src=\"http:\/\/bibliotekamoscisko.pl\/wp-content\/uploads\/2020\/03\/masz-t\u0119-moc-300x287.jpg\" alt=\"\" width=\"300\" height=\"287\" srcset=\"https:\/\/bibliotekamoscisko.pl\/wp-content\/uploads\/2020\/03\/masz-t\u0119-moc-300x287.jpg 300w, https:\/\/bibliotekamoscisko.pl\/wp-content\/uploads\/2020\/03\/masz-t\u0119-moc-768x734.jpg 768w, https:\/\/bibliotekamoscisko.pl\/wp-content\/uploads\/2020\/03\/masz-t\u0119-moc-1x1.jpg 1w, https:\/\/bibliotekamoscisko.pl\/wp-content\/uploads\/2020\/03\/masz-t\u0119-moc.jpg 812w\" sizes=\"(max-width: 300px) 100vw, 300px\" \/><\/a><\/p>\n<h1 style=\"text-align: center;\"><a href=\"http:\/\/bibliotekamoscisko.pl\/wp-content\/uploads\/2020\/03\/Koronawirus.pdf\" target=\"_blank\" rel=\"noopener\">Masz t\u0119 moc!<\/a><\/h1>\n","protected":false},"excerpt":{"rendered":"<p>Serdecznie zapraszamy do obejrzenia ksi\u0105\u017ceczki dla dzieci na temat koronawirusa. Wszyscy, kt\u00f3rzy wzi\u0119li udzia\u0142 w projekcie, zrobili to za darmo. Wielkie podzi\u0119kowania dla Agnieszka Fr\u0105czek i Wydawnictwa Olesiejuk. Ilustracje Ewa [&hellip;]<\/p>\n","protected":false},"author":1,"featured_media":0,"comment_status":"closed","ping_status":"open","sticky":false,"template":"","format":"standard","meta":{"ngg_post_thumbnail":0,"footnotes":""},"categories":[1],"tags":[],"class_list":["post-10256","post","type-post","status-publish","format-standard","hentry","category-uncategorized"],"_links":{"self":[{"href":"https:\/\/bibliotekamoscisko.pl\/index.php?rest_route=\/wp\/v2\/posts\/10256","targetHints":{"allow":["GET"]}}],"collection":[{"href":"https:\/\/bibliotekamoscisko.pl\/index.php?rest_route=\/wp\/v2\/posts"}],"about":[{"href":"https:\/\/bibliotekamoscisko.pl\/index.php?rest_route=\/wp\/v2\/types\/post"}],"author":[{"embeddable":true,"href":"https:\/\/bibliotekamoscisko.pl\/index.php?rest_route=\/wp\/v2\/users\/1"}],"replies":[{"embeddable":true,"href":"https:\/\/bibliotekamoscisko.pl\/index.php?rest_route=%2Fwp%2Fv2%2Fcomments&post=10256"}],"version-history":[{"count":1,"href":"https:\/\/bibliotekamoscisko.pl\/index.php?rest_route=\/wp\/v2\/posts\/10256\/revisions"}],"predecessor-version":[{"id":10259,"href":"https:\/\/bibliotekamoscisko.pl\/index.php?rest_route=\/wp\/v2\/posts\/10256\/revisions\/10259"}],"wp:attachment":[{"href":"https:\/\/bibliotekamoscisko.pl\/index.php?rest_route=%2Fwp%2Fv2%2Fmedia&parent=10256"}],"wp:term":[{"taxonomy":"category","embeddable":true,"href":"https:\/\/bibliotekamoscisko.pl\/index.php?rest_route=%2Fwp%2Fv2%2Fcategories&post=10256"},{"taxonomy":"post_tag","embeddable":true,"href":"https:\/\/bibliotekamoscisko.pl\/index.php?rest_route=%2Fwp%2Fv2%2Ftags&post=10256"}],"curies":[{"name":"wp","href":"https:\/\/api.w.org\/{rel}","templated":true}]}}