{"id":10279,"date":"2020-04-29T13:06:10","date_gmt":"2020-04-29T13:06:10","guid":{"rendered":"http:\/\/bibliotekamoscisko.pl\/?p=10279"},"modified":"2020-04-30T08:33:22","modified_gmt":"2020-04-30T08:33:22","slug":"mamy-czas-konkurs-z-okazji-dnia-matki","status":"publish","type":"post","link":"https:\/\/bibliotekamoscisko.pl\/?p=10279","title":{"rendered":"Mamy Czas &#8211; Konkurs z okazji Dnia Matki"},"content":{"rendered":"<h2 style=\"text-align: center;\">Mamy Czas &#8211; czas na zabaw\u0119 z literatur\u0105!<\/h2>\n<p style=\"text-align: center;\">Zabierz Mam\u0119 na pyszne ciastko i kaw\u0119 z okazji Dnia Matki!<\/p>\n<p style=\"text-align: center;\">Nasz Patron W\u0142adys\u0142aw Stanis\u0142aw Reymont zaprasza wszystkie dzieci do zabawy.<\/p>\n<p style=\"text-align: center;\">Do zdobycia podw\u00f3jne zaproszenia na s\u0142odk\u0105 niespodziank\u0119!<\/p>\n<h1 style=\"text-align: center;\"><a href=\"http:\/\/bibliotekamoscisko.pl\/wp-content\/uploads\/2020\/04\/plakat-1.jpg\"><img fetchpriority=\"high\" decoding=\"async\" class=\"aligncenter size-full wp-image-10280\" src=\"http:\/\/bibliotekamoscisko.pl\/wp-content\/uploads\/2020\/04\/plakat-1.jpg\" alt=\"\" width=\"958\" height=\"686\" srcset=\"https:\/\/bibliotekamoscisko.pl\/wp-content\/uploads\/2020\/04\/plakat-1.jpg 958w, https:\/\/bibliotekamoscisko.pl\/wp-content\/uploads\/2020\/04\/plakat-1-300x215.jpg 300w, https:\/\/bibliotekamoscisko.pl\/wp-content\/uploads\/2020\/04\/plakat-1-768x550.jpg 768w, https:\/\/bibliotekamoscisko.pl\/wp-content\/uploads\/2020\/04\/plakat-1-1x1.jpg 1w\" sizes=\"(max-width: 958px) 100vw, 958px\" \/><\/a><a href=\"http:\/\/bibliotekamoscisko.pl\/wp-content\/uploads\/2020\/04\/Regulamin-Konkurs-Mamy-Czas-2020.pdf\">Regulamin Konkurs Mamy Czas 2020 &#8211; zajrzyj<\/a><\/h1>\n<p>&nbsp;<\/p>\n<p>S\u0142o\u0144ce wschodzi\u0142o pogodnie; czerwone i ogromne, z wolna wtacza\u0142o si\u0119 na wysokie niebo, jakoby na to pole nieobj\u0119te, kaj w sinych oprz\u0119dach mgie\u0142 le\u017ca\u0142y nieprzeliczone stada bia\u0142ych chmur.<\/p>\n<p>I wiater si\u0119 ju\u017c wa\u0142\u0119sa\u0142 po \u015bwiecie, kieby ten gospodarz budz\u0105cy wszystko na \u015bwitaniu; przegarnia\u0142 zbo\u017ca pomdla\u0142e, dmucha\u0142 we mg\u0142y, \u017ce rozpierzcha\u0142y si\u0119 na wsze strony, targa\u0142 obwis\u0142ymi ga\u0142\u0119ziami, kaj\u015b na rozstajach hukn\u0105\u0142, to chy\u0142kiem przebra\u0142 si\u0119 ku u\u015bpionym jeszcze sadom \u00a0i rymn\u0105\u0142 w g\u0105szcze, \u017ce z wi\u015bni posypa\u0142 si\u0119 ostatni okwiat i kiej \u015bnieg trz\u0105s\u0142 si\u0119 na ziemi\u0119, kiej \u0142zy na wody stawu pada\u0142.<\/p>\n<p>Ziemia si\u0119 budzi\u0142a, ptaki za\u015bpiewa\u0142y w gniazdach, drzewa te\u017c j\u0119\u0142y szemra\u0107 niby tym pacierzem pierwszym; kwiaty si\u0119 otwiera\u0142y podnosz\u0105c do s\u0142o\u0144ca ci\u0119\u017ckie, zwilgocone i senne rz\u0119sy, a l\u015bni\u0105ce rosy sypa\u0142y si\u0119 gradem perlistym.<\/p>\n<p><strong>\u00a0\u00a0\u00a0\u00a0\u00a0\u00a0\u00a0\u00a0\u00a0\u00a0\u00a0\u00a0\u00a0\u00a0\u00a0\u00a0\u00a0\u00a0\u00a0\u00a0\u00a0\u00a0\u00a0\u00a0\u00a0\u00a0\u00a0\u00a0\u00a0\u00a0\u00a0\u00a0\u00a0\u00a0\u00a0\u00a0\u00a0\u00a0\u00a0\u00a0\u00a0\u00a0\u00a0\u00a0\u00a0\u00a0\u00a0\u00a0\u00a0\u00a0\u00a0\u00a0\u00a0\u00a0\u00a0\u00a0\u00a0\u00a0\u00a0\u00a0\u00a0\u00a0\u00a0\u00a0\u00a0\u00a0\u00a0\u00a0\u00a0\u00a0\u00a0\u00a0\u00a0\u00a0\u00a0\u00a0\u00a0\u00a0\u00a0\u00a0\u00a0\u00a0\u00a0\u00a0\u00a0 W\u0142adys\u0142aw Stanis\u0142aw Reymont, Ch\u0142opi, t. III, Wiosna<\/strong><\/p>\n","protected":false},"excerpt":{"rendered":"<p>Mamy Czas &#8211; czas na zabaw\u0119 z literatur\u0105! Zabierz Mam\u0119 na pyszne ciastko i kaw\u0119 z okazji Dnia Matki! Nasz Patron W\u0142adys\u0142aw Stanis\u0142aw Reymont zaprasza wszystkie dzieci do zabawy. Do [&hellip;]<\/p>\n","protected":false},"author":1,"featured_media":0,"comment_status":"closed","ping_status":"closed","sticky":false,"template":"","format":"standard","meta":{"ngg_post_thumbnail":0,"footnotes":""},"categories":[1],"tags":[],"class_list":["post-10279","post","type-post","status-publish","format-standard","hentry","category-uncategorized"],"_links":{"self":[{"href":"https:\/\/bibliotekamoscisko.pl\/index.php?rest_route=\/wp\/v2\/posts\/10279","targetHints":{"allow":["GET"]}}],"collection":[{"href":"https:\/\/bibliotekamoscisko.pl\/index.php?rest_route=\/wp\/v2\/posts"}],"about":[{"href":"https:\/\/bibliotekamoscisko.pl\/index.php?rest_route=\/wp\/v2\/types\/post"}],"author":[{"embeddable":true,"href":"https:\/\/bibliotekamoscisko.pl\/index.php?rest_route=\/wp\/v2\/users\/1"}],"replies":[{"embeddable":true,"href":"https:\/\/bibliotekamoscisko.pl\/index.php?rest_route=%2Fwp%2Fv2%2Fcomments&post=10279"}],"version-history":[{"count":2,"href":"https:\/\/bibliotekamoscisko.pl\/index.php?rest_route=\/wp\/v2\/posts\/10279\/revisions"}],"predecessor-version":[{"id":10283,"href":"https:\/\/bibliotekamoscisko.pl\/index.php?rest_route=\/wp\/v2\/posts\/10279\/revisions\/10283"}],"wp:attachment":[{"href":"https:\/\/bibliotekamoscisko.pl\/index.php?rest_route=%2Fwp%2Fv2%2Fmedia&parent=10279"}],"wp:term":[{"taxonomy":"category","embeddable":true,"href":"https:\/\/bibliotekamoscisko.pl\/index.php?rest_route=%2Fwp%2Fv2%2Fcategories&post=10279"},{"taxonomy":"post_tag","embeddable":true,"href":"https:\/\/bibliotekamoscisko.pl\/index.php?rest_route=%2Fwp%2Fv2%2Ftags&post=10279"}],"curies":[{"name":"wp","href":"https:\/\/api.w.org\/{rel}","templated":true}]}}