{"id":10297,"date":"2020-05-06T08:59:34","date_gmt":"2020-05-06T08:59:34","guid":{"rendered":"http:\/\/bibliotekamoscisko.pl\/?p=10297"},"modified":"2020-05-06T12:37:28","modified_gmt":"2020-05-06T12:37:28","slug":"wznowienie-dzialalnosci","status":"publish","type":"post","link":"https:\/\/bibliotekamoscisko.pl\/?p=10297","title":{"rendered":"Wznowienie dzia\u0142alno\u015bci"},"content":{"rendered":"<h2 style=\"text-align: center;\"><a href=\"http:\/\/bibliotekamoscisko.pl\/wp-content\/uploads\/2020\/05\/logo-maseczka.jpg\"><img fetchpriority=\"high\" decoding=\"async\" class=\"aligncenter size-medium wp-image-10298\" src=\"http:\/\/bibliotekamoscisko.pl\/wp-content\/uploads\/2020\/05\/logo-maseczka-300x294.jpg\" alt=\"\" width=\"300\" height=\"294\" srcset=\"https:\/\/bibliotekamoscisko.pl\/wp-content\/uploads\/2020\/05\/logo-maseczka-300x294.jpg 300w, https:\/\/bibliotekamoscisko.pl\/wp-content\/uploads\/2020\/05\/logo-maseczka-1x1.jpg 1w, https:\/\/bibliotekamoscisko.pl\/wp-content\/uploads\/2020\/05\/logo-maseczka.jpg 512w\" sizes=\"(max-width: 300px) 100vw, 300px\" \/><\/a><strong>Szanowni Czytelnicy!<\/strong><\/h2>\n<h2 style=\"text-align: center;\"><strong>8 maja (pi\u0105tek) wznawiamy swoj\u0105 dzia\u0142alno\u015b\u0107!<\/strong><\/h2>\n<h2 style=\"text-align: center;\"><strong>Informujemy, \u017ce Biblioteka Publiczna Gminy Dzier\u017coni\u00f3w im. W\u0142adys\u0142awa Reymonta oraz jej filie wznawiaj\u0105 wypo\u017cyczanie ksi\u0105\u017cek czytelnikom od 8 maja 2020 r.<\/strong><\/h2>\n<p>Decyzja zosta\u0142a podj\u0119ta po konsultacji Dyrektora Biblioteki z W\u00f3jtem Gminy Dzier\u017coni\u00f3w oraz po uzyskaniu pozytywnej opinii Powiatowej Stacji Sanitarno-Epidemiologicznej w Dzier\u017coniowie.<\/p>\n<p>Biblioteki b\u0119d\u0105 dzia\u0142a\u0142y do odwo\u0142ania wed\u0142ug nast\u0119puj\u0105cych zasad:<\/p>\n<p>\ud83d\udccc Przed wej\u015bciem do biblioteki Czytelnik ma obowi\u0105zek zas\u0142oni\u0119cia nosa i ust (maseczka, chustka itp.) oraz dezynfekcji r\u0105k.<br \/>\n\ud83d\udccc Jednocze\u015bnie w bibliotece mog\u0105 przebywa\u0107 dwie osoby.<br \/>\n\ud83d\udccc Wolny dost\u0119p do ksi\u0119gozbioru zostaje ograniczony. Ksi\u0105\u017cki podaje wy\u0142\u0105cznie bibliotekarz.<br \/>\n\ud83d\udccc Zwr\u00f3cone ksi\u0105\u017cki poddawane s\u0105 min. 4-dniowej kwarantannie.<br \/>\n\ud83d\udccc Zalecamy wcze\u015bniejsze przygotowanie listy tytu\u0142\u00f3w, kt\u00f3re chcemy wypo\u017cyczy\u0107. Ksi\u0105\u017ck\u0119 mo\u017cna zarezerwowa\u0107 r\u00f3wnie\u017c telefonicznie pod nr tel.:<\/p>\n<p>Biblioteka w Mo\u015bcisku &#8211; \u00a074\u00a0830 31 142,<\/p>\n<p>Biblioteka w Ostroszowicach &#8211; 74 817 49 77,<\/p>\n<p>Biblioteka w Uciechowie &#8211; 74 8177172,<\/p>\n<p>Biblioteka w Tuszynie &#8211; 74\u00a0832 41 98,<\/p>\n<p>Biblioteka w Pi\u0142awie Dolnej &#8211; 74\u00a0837 02 17,<\/p>\n<p>Biblioteka w Owie\u015bnie &#8211; 605 847 974,<\/p>\n<p>Biblioteka w Roztoczniku &#8211; 74\u00a0830 17 51.<\/p>\n<p>\ud83d\udccc Lada biblioteczna zapewnia odst\u0119p 2 metr\u00f3w pomi\u0119dzy bibliotekarzem a Czytelnikiem.<br \/>\n\ud83d\udccc Bibliotekarze maj\u0105 obowi\u0105zek stosowania \u015brodk\u00f3w ochrony osobistej &#8211; p\u0142yn do dezynfekcji r\u0105k i powierzchni, r\u0119kawiczki, maseczki lub przy\u0142bice.<br \/>\n\ud83d\udccc Godziny otwarcia bibliotek &#8211; poniedzia\u0142ek, wtorek, \u015broda, pi\u0105tek:<\/p>\n<p>Biblioteka w Mo\u015bcisku &#8211; \u00a011.00 &#8211; 17.00<\/p>\n<p>Biblioteka w Ostroszowicach \u2013 10.00 &#8211; 16.00<\/p>\n<p>Biblioteka w Uciechowie \u2013 10.00 \u2013 16.00<\/p>\n<p>Biblioteka w Tuszynie \u2013 12.00 \u2013 16.00<\/p>\n<p>Biblioteka w Pi\u0142awie Dolnej \u2013 10.00 \u2013 16.00<\/p>\n<p>Biblioteka w Owie\u015bnie \u2013 13.00 \u2013 17.00<\/p>\n<p>Biblioteka w Roztoczniku \u2013 15.30 \u2013 19.00<\/p>\n<p>Czwartki \u2013 praca wewn\u0105trz<\/p>\n<p style=\"text-align: center;\">Do zobaczenia!<\/p>\n","protected":false},"excerpt":{"rendered":"<p>Szanowni Czytelnicy! 8 maja (pi\u0105tek) wznawiamy swoj\u0105 dzia\u0142alno\u015b\u0107! Informujemy, \u017ce Biblioteka Publiczna Gminy Dzier\u017coni\u00f3w im. W\u0142adys\u0142awa Reymonta oraz jej filie wznawiaj\u0105 wypo\u017cyczanie ksi\u0105\u017cek czytelnikom od 8 maja 2020 r. Decyzja [&hellip;]<\/p>\n","protected":false},"author":1,"featured_media":0,"comment_status":"closed","ping_status":"closed","sticky":false,"template":"","format":"standard","meta":{"ngg_post_thumbnail":0,"footnotes":""},"categories":[1],"tags":[],"class_list":["post-10297","post","type-post","status-publish","format-standard","hentry","category-uncategorized"],"_links":{"self":[{"href":"https:\/\/bibliotekamoscisko.pl\/index.php?rest_route=\/wp\/v2\/posts\/10297","targetHints":{"allow":["GET"]}}],"collection":[{"href":"https:\/\/bibliotekamoscisko.pl\/index.php?rest_route=\/wp\/v2\/posts"}],"about":[{"href":"https:\/\/bibliotekamoscisko.pl\/index.php?rest_route=\/wp\/v2\/types\/post"}],"author":[{"embeddable":true,"href":"https:\/\/bibliotekamoscisko.pl\/index.php?rest_route=\/wp\/v2\/users\/1"}],"replies":[{"embeddable":true,"href":"https:\/\/bibliotekamoscisko.pl\/index.php?rest_route=%2Fwp%2Fv2%2Fcomments&post=10297"}],"version-history":[{"count":5,"href":"https:\/\/bibliotekamoscisko.pl\/index.php?rest_route=\/wp\/v2\/posts\/10297\/revisions"}],"predecessor-version":[{"id":10303,"href":"https:\/\/bibliotekamoscisko.pl\/index.php?rest_route=\/wp\/v2\/posts\/10297\/revisions\/10303"}],"wp:attachment":[{"href":"https:\/\/bibliotekamoscisko.pl\/index.php?rest_route=%2Fwp%2Fv2%2Fmedia&parent=10297"}],"wp:term":[{"taxonomy":"category","embeddable":true,"href":"https:\/\/bibliotekamoscisko.pl\/index.php?rest_route=%2Fwp%2Fv2%2Fcategories&post=10297"},{"taxonomy":"post_tag","embeddable":true,"href":"https:\/\/bibliotekamoscisko.pl\/index.php?rest_route=%2Fwp%2Fv2%2Ftags&post=10297"}],"curies":[{"name":"wp","href":"https:\/\/api.w.org\/{rel}","templated":true}]}}