{"id":1032,"date":"2014-11-07T17:56:57","date_gmt":"2014-11-07T17:56:57","guid":{"rendered":"http:\/\/bibliotekamoscisko.pl\/?p=1032"},"modified":"2014-11-07T17:56:57","modified_gmt":"2014-11-07T17:56:57","slug":"nie-wolno-nam-nie-pamietac","status":"publish","type":"post","link":"https:\/\/bibliotekamoscisko.pl\/?p=1032","title":{"rendered":"Nie wolno nam nie pami\u0119ta\u0107"},"content":{"rendered":"<p>Biblioteka Publiczno-Szkolna w Pi\u0142awie Dolnej, w dniu 5.XI.br, zaprosi\u0142a do swojej plac\u00f3wki uczni\u00f3w III klasy Szko\u0142y Podstawowej w Pi\u0142awie Dolnej na \u201e\u015brodowe spotkanie z ksi\u0105\u017ck\u0105\u201d.<\/p>\n<p>Z okazji zbli\u017caj\u0105cej si\u0119 \u015awi\u0119ta Niepodleg\u0142o\u015bci Polski, wsp\u00f3lnie czytali\u015bmy utw\u00f3r W. Be\u0142zy \u2013 \u201eKto Ty jeste\u015b?\u201d, oraz \u201eKocham Polsk\u0119\u201d \u2013 autorstwa Joanny i Jaros\u0142awa Szark\u00f3w. W formie quizu dzieci odpowiada\u0142y na pytania wynikaj\u0105ce z wcze\u015bniej poznanego tekstu.<\/p>\n<div id='gallery-1' class='gallery galleryid-1032 gallery-columns-3 gallery-size-thumbnail'><figure class='gallery-item'>\n\t\t\t<div class='gallery-icon landscape'>\n\t\t\t\t<a href='https:\/\/bibliotekamoscisko.pl\/?attachment_id=1033'><img decoding=\"async\" width=\"150\" height=\"150\" src=\"https:\/\/bibliotekamoscisko.pl\/wp-content\/uploads\/2014\/11\/IMG_1676-150x150.jpeg\" class=\"attachment-thumbnail size-thumbnail\" alt=\"\" \/><\/a>\n\t\t\t<\/div><\/figure><figure class='gallery-item'>\n\t\t\t<div class='gallery-icon landscape'>\n\t\t\t\t<a href='https:\/\/bibliotekamoscisko.pl\/?attachment_id=1038'><img decoding=\"async\" width=\"150\" height=\"150\" src=\"https:\/\/bibliotekamoscisko.pl\/wp-content\/uploads\/2014\/11\/IMG_1687-150x150.jpeg\" class=\"attachment-thumbnail size-thumbnail\" alt=\"\" \/><\/a>\n\t\t\t<\/div><\/figure><figure class='gallery-item'>\n\t\t\t<div class='gallery-icon landscape'>\n\t\t\t\t<a href='https:\/\/bibliotekamoscisko.pl\/?attachment_id=1039'><img decoding=\"async\" width=\"150\" height=\"150\" src=\"https:\/\/bibliotekamoscisko.pl\/wp-content\/uploads\/2014\/11\/IMG_1688-150x150.jpeg\" class=\"attachment-thumbnail size-thumbnail\" alt=\"\" \/><\/a>\n\t\t\t<\/div><\/figure>\n\t\t<\/div>\n\n<p>Kolejnym zadaniem dzieci by\u0142o przygotowanie flagi, zebrali\u015bmy si\u0119 do wsp\u00f3lnego malowania kontur\u00f3w Polski w barwach narodowych. Atmosfera w trakcie wykonywania prac by\u0142a weso\u0142a i pracowita.<\/p>\n<p>Po zako\u0144czonym spotkaniu dzieci zebra\u0142y swoje flagi do dom\u00f3w. Serdecznie dzi\u0119kuj\u0119 za odwiedziny, zapraszam ponownie.<\/p>\n<p>Wanda Kun<\/p>\n<p>&nbsp;<\/p>\n","protected":false},"excerpt":{"rendered":"<p>Biblioteka Publiczno-Szkolna w Pi\u0142awie Dolnej, w dniu 5.XI.br, zaprosi\u0142a do swojej plac\u00f3wki uczni\u00f3w III klasy Szko\u0142y Podstawowej w Pi\u0142awie Dolnej na \u201e\u015brodowe spotkanie z ksi\u0105\u017ck\u0105\u201d. Z okazji zbli\u017caj\u0105cej si\u0119 \u015awi\u0119ta [&hellip;]<\/p>\n","protected":false},"author":1,"featured_media":1038,"comment_status":"closed","ping_status":"open","sticky":false,"template":"","format":"standard","meta":{"ngg_post_thumbnail":0,"footnotes":""},"categories":[1],"tags":[],"class_list":["post-1032","post","type-post","status-publish","format-standard","has-post-thumbnail","hentry","category-uncategorized"],"_links":{"self":[{"href":"https:\/\/bibliotekamoscisko.pl\/index.php?rest_route=\/wp\/v2\/posts\/1032","targetHints":{"allow":["GET"]}}],"collection":[{"href":"https:\/\/bibliotekamoscisko.pl\/index.php?rest_route=\/wp\/v2\/posts"}],"about":[{"href":"https:\/\/bibliotekamoscisko.pl\/index.php?rest_route=\/wp\/v2\/types\/post"}],"author":[{"embeddable":true,"href":"https:\/\/bibliotekamoscisko.pl\/index.php?rest_route=\/wp\/v2\/users\/1"}],"replies":[{"embeddable":true,"href":"https:\/\/bibliotekamoscisko.pl\/index.php?rest_route=%2Fwp%2Fv2%2Fcomments&post=1032"}],"version-history":[{"count":1,"href":"https:\/\/bibliotekamoscisko.pl\/index.php?rest_route=\/wp\/v2\/posts\/1032\/revisions"}],"predecessor-version":[{"id":1041,"href":"https:\/\/bibliotekamoscisko.pl\/index.php?rest_route=\/wp\/v2\/posts\/1032\/revisions\/1041"}],"wp:featuredmedia":[{"embeddable":true,"href":"https:\/\/bibliotekamoscisko.pl\/index.php?rest_route=\/wp\/v2\/media\/1038"}],"wp:attachment":[{"href":"https:\/\/bibliotekamoscisko.pl\/index.php?rest_route=%2Fwp%2Fv2%2Fmedia&parent=1032"}],"wp:term":[{"taxonomy":"category","embeddable":true,"href":"https:\/\/bibliotekamoscisko.pl\/index.php?rest_route=%2Fwp%2Fv2%2Fcategories&post=1032"},{"taxonomy":"post_tag","embeddable":true,"href":"https:\/\/bibliotekamoscisko.pl\/index.php?rest_route=%2Fwp%2Fv2%2Ftags&post=1032"}],"curies":[{"name":"wp","href":"https:\/\/api.w.org\/{rel}","templated":true}]}}