{"id":10371,"date":"2020-07-01T12:27:30","date_gmt":"2020-07-01T12:27:30","guid":{"rendered":"http:\/\/bibliotekamoscisko.pl\/?p=10371"},"modified":"2020-07-01T12:27:30","modified_gmt":"2020-07-01T12:27:30","slug":"olga-tokarczuk-na-swiecie-przeklady-odglosy-prasy-fotografie","status":"publish","type":"post","link":"https:\/\/bibliotekamoscisko.pl\/?p=10371","title":{"rendered":"Olga Tokarczuk na \u015bwiecie. Przek\u0142ady. Odg\u0142osy prasy. Fotografie"},"content":{"rendered":"<p>W Galerii od 1 lipca mo\u017cna ogl\u0105da\u0107 wystaw\u0119 \u201eOlga Tokarczuk na\u00a0\u015bwiecie\u201d, kt\u00f3ra pokazuje jak kszta\u0142towa\u0142 si\u0119 odbi\u00f3r tw\u00f3rczo\u015bci autorki \u201eBiegun\u00f3w\u201d i\u00a0noblistki poza granicami kraju.<a href=\"http:\/\/bibliotekamoscisko.pl\/wp-content\/uploads\/2020\/07\/Chi\u0144skie-wydanie-\u201ePrawieku-i-innych-czas\u00f3w\u201d.jpg\"><img fetchpriority=\"high\" decoding=\"async\" class=\"alignright size-medium wp-image-10372\" src=\"http:\/\/bibliotekamoscisko.pl\/wp-content\/uploads\/2020\/07\/Chi\u0144skie-wydanie-\u201ePrawieku-i-innych-czas\u00f3w\u201d-206x300.jpg\" alt=\"\" width=\"206\" height=\"300\" srcset=\"https:\/\/bibliotekamoscisko.pl\/wp-content\/uploads\/2020\/07\/Chi\u0144skie-wydanie-\u201ePrawieku-i-innych-czas\u00f3w\u201d-206x300.jpg 206w, https:\/\/bibliotekamoscisko.pl\/wp-content\/uploads\/2020\/07\/Chi\u0144skie-wydanie-\u201ePrawieku-i-innych-czas\u00f3w\u201d-1x1.jpg 1w, https:\/\/bibliotekamoscisko.pl\/wp-content\/uploads\/2020\/07\/Chi\u0144skie-wydanie-\u201ePrawieku-i-innych-czas\u00f3w\u201d.jpg 389w\" sizes=\"(max-width: 206px) 100vw, 206px\" \/><\/a><br \/>\nPlansze przekazuj\u0105 informacje w\u00a0jakich krajach ukazywa\u0142y si\u0119 utwory autorki \u201eBiegun\u00f3w\u201d, na\u00a0jakie j\u0119zyki je prze\u0142o\u017cono, a\u00a0tak\u017ce obejrze\u0107 zdj\u0119cia obcoj\u0119zycznych wyda\u0144 jej dzie\u0142 (z prywatnej biblioteki noblistki), przeczyta\u0107 fragmenty recenzji publikowanych w\u00a0zagranicznej prasie oraz\u00a0przyjrze\u0107 si\u0119 fotografiom wykonanym w\u00a0r\u00f3\u017cnych miejscach globu.<\/p>\n<p style=\"text-align: center;\">Wystaw\u0119 przygotowa\u0142a Dolno\u015bl\u0105ska Biblioteka Publiczna im. Tadeusza Mikulskiego we Wroc\u0142awiu.<\/p>\n<p>\u00a0\u00a0\u00a0\u00a0\u00a0\u00a0\u00a0\u00a0\u00a0\u00a0\u00a0\u00a0\u00a0\u00a0\u00a0\u00a0\u00a0\u00a0\u00a0\u00a0\u00a0\u00a0\u00a0\u00a0\u00a0\u00a0\u00a0\u00a0\u00a0\u00a0\u00a0\u00a0\u00a0\u00a0\u00a0 \u00a0 \u00a0\u00a0 \u00a0 \u00a0 \u00a0 \u00a0\u00a0 Chi\u0144skie wydanie \u201ePrawieku i innych czas\u00f3w&#8221;<\/p>\n<div id='gallery-1' class='gallery galleryid-10371 gallery-columns-3 gallery-size-thumbnail'><figure class='gallery-item'>\n\t\t\t<div class='gallery-icon landscape'>\n\t\t\t\t<a href='https:\/\/bibliotekamoscisko.pl\/?attachment_id=10373'><img decoding=\"async\" width=\"150\" height=\"150\" src=\"https:\/\/bibliotekamoscisko.pl\/wp-content\/uploads\/2020\/07\/Olga-Tokarczuk-wystawa-2-150x150.jpg\" class=\"attachment-thumbnail size-thumbnail\" alt=\"\" srcset=\"https:\/\/bibliotekamoscisko.pl\/wp-content\/uploads\/2020\/07\/Olga-Tokarczuk-wystawa-2-150x150.jpg 150w, https:\/\/bibliotekamoscisko.pl\/wp-content\/uploads\/2020\/07\/Olga-Tokarczuk-wystawa-2-2x1.jpg 2w\" sizes=\"(max-width: 150px) 100vw, 150px\" \/><\/a>\n\t\t\t<\/div><\/figure><figure class='gallery-item'>\n\t\t\t<div class='gallery-icon landscape'>\n\t\t\t\t<a href='https:\/\/bibliotekamoscisko.pl\/?attachment_id=10374'><img decoding=\"async\" width=\"150\" height=\"150\" src=\"https:\/\/bibliotekamoscisko.pl\/wp-content\/uploads\/2020\/07\/Olga-Tokarczuk-wystawa-3-150x150.jpg\" class=\"attachment-thumbnail size-thumbnail\" alt=\"\" srcset=\"https:\/\/bibliotekamoscisko.pl\/wp-content\/uploads\/2020\/07\/Olga-Tokarczuk-wystawa-3-150x150.jpg 150w, https:\/\/bibliotekamoscisko.pl\/wp-content\/uploads\/2020\/07\/Olga-Tokarczuk-wystawa-3-2x1.jpg 2w\" sizes=\"(max-width: 150px) 100vw, 150px\" \/><\/a>\n\t\t\t<\/div><\/figure><figure class='gallery-item'>\n\t\t\t<div class='gallery-icon landscape'>\n\t\t\t\t<a href='https:\/\/bibliotekamoscisko.pl\/?attachment_id=10375'><img loading=\"lazy\" decoding=\"async\" width=\"150\" height=\"150\" src=\"https:\/\/bibliotekamoscisko.pl\/wp-content\/uploads\/2020\/07\/Olga-Tokarczuk-wystawa1-150x150.jpg\" class=\"attachment-thumbnail size-thumbnail\" alt=\"\" srcset=\"https:\/\/bibliotekamoscisko.pl\/wp-content\/uploads\/2020\/07\/Olga-Tokarczuk-wystawa1-150x150.jpg 150w, https:\/\/bibliotekamoscisko.pl\/wp-content\/uploads\/2020\/07\/Olga-Tokarczuk-wystawa1-1x1.jpg 1w\" sizes=\"(max-width: 150px) 100vw, 150px\" \/><\/a>\n\t\t\t<\/div><\/figure>\n\t\t<\/div>\n\n","protected":false},"excerpt":{"rendered":"<p>W Galerii od 1 lipca mo\u017cna ogl\u0105da\u0107 wystaw\u0119 \u201eOlga Tokarczuk na\u00a0\u015bwiecie\u201d, kt\u00f3ra pokazuje jak kszta\u0142towa\u0142 si\u0119 odbi\u00f3r tw\u00f3rczo\u015bci autorki \u201eBiegun\u00f3w\u201d i\u00a0noblistki poza granicami kraju. Plansze przekazuj\u0105 informacje w\u00a0jakich krajach ukazywa\u0142y [&hellip;]<\/p>\n","protected":false},"author":1,"featured_media":0,"comment_status":"closed","ping_status":"closed","sticky":false,"template":"","format":"standard","meta":{"ngg_post_thumbnail":0,"footnotes":""},"categories":[1],"tags":[],"class_list":["post-10371","post","type-post","status-publish","format-standard","hentry","category-uncategorized"],"_links":{"self":[{"href":"https:\/\/bibliotekamoscisko.pl\/index.php?rest_route=\/wp\/v2\/posts\/10371","targetHints":{"allow":["GET"]}}],"collection":[{"href":"https:\/\/bibliotekamoscisko.pl\/index.php?rest_route=\/wp\/v2\/posts"}],"about":[{"href":"https:\/\/bibliotekamoscisko.pl\/index.php?rest_route=\/wp\/v2\/types\/post"}],"author":[{"embeddable":true,"href":"https:\/\/bibliotekamoscisko.pl\/index.php?rest_route=\/wp\/v2\/users\/1"}],"replies":[{"embeddable":true,"href":"https:\/\/bibliotekamoscisko.pl\/index.php?rest_route=%2Fwp%2Fv2%2Fcomments&post=10371"}],"version-history":[{"count":8,"href":"https:\/\/bibliotekamoscisko.pl\/index.php?rest_route=\/wp\/v2\/posts\/10371\/revisions"}],"predecessor-version":[{"id":10383,"href":"https:\/\/bibliotekamoscisko.pl\/index.php?rest_route=\/wp\/v2\/posts\/10371\/revisions\/10383"}],"wp:attachment":[{"href":"https:\/\/bibliotekamoscisko.pl\/index.php?rest_route=%2Fwp%2Fv2%2Fmedia&parent=10371"}],"wp:term":[{"taxonomy":"category","embeddable":true,"href":"https:\/\/bibliotekamoscisko.pl\/index.php?rest_route=%2Fwp%2Fv2%2Fcategories&post=10371"},{"taxonomy":"post_tag","embeddable":true,"href":"https:\/\/bibliotekamoscisko.pl\/index.php?rest_route=%2Fwp%2Fv2%2Ftags&post=10371"}],"curies":[{"name":"wp","href":"https:\/\/api.w.org\/{rel}","templated":true}]}}