{"id":10402,"date":"2020-07-09T09:39:19","date_gmt":"2020-07-09T09:39:19","guid":{"rendered":"http:\/\/bibliotekamoscisko.pl\/?p=10402"},"modified":"2020-07-09T09:39:19","modified_gmt":"2020-07-09T09:39:19","slug":"tworczo-w-kazdym-wieku","status":"publish","type":"post","link":"https:\/\/bibliotekamoscisko.pl\/?p=10402","title":{"rendered":"Tw\u00f3rczo w ka\u017cdym wieku"},"content":{"rendered":"<p>Gminna Rada Dzia\u0142alno\u015bci Po\u017cytku Publicznego na swoim posiedzeniu 8 lipca rozmawia\u0142a o dzia\u0142aniach na rzecz os\u00f3b w wieku emerytalnym. Nie mog\u0142o oczywi\u015bcie zabrakn\u0105\u0107 Grupy Tw\u00f3rczej dzia\u0142aj\u0105cej przy bibliotece w Ostroszowicach. Ich entuzjazm i d\u0142uuuuga lista zrealizowanych pomys\u0142\u00f3w budzi podziw. Drugie tyle, jak i nie wi\u0119cej, czeka na zrealizowanie. Powodzenia!<\/p>\n<h6><a href=\"http:\/\/bibliotekamoscisko.pl\/wp-content\/uploads\/2020\/07\/Grupa-Tw\u00f3rcza-w-gminie.jpg\"><img fetchpriority=\"high\" decoding=\"async\" class=\"aligncenter size-large wp-image-10403\" src=\"http:\/\/bibliotekamoscisko.pl\/wp-content\/uploads\/2020\/07\/Grupa-Tw\u00f3rcza-w-gminie-1024x683.jpg\" alt=\"\" width=\"654\" height=\"436\" srcset=\"https:\/\/bibliotekamoscisko.pl\/wp-content\/uploads\/2020\/07\/Grupa-Tw\u00f3rcza-w-gminie-1024x683.jpg 1024w, https:\/\/bibliotekamoscisko.pl\/wp-content\/uploads\/2020\/07\/Grupa-Tw\u00f3rcza-w-gminie-300x200.jpg 300w, https:\/\/bibliotekamoscisko.pl\/wp-content\/uploads\/2020\/07\/Grupa-Tw\u00f3rcza-w-gminie-768x512.jpg 768w, https:\/\/bibliotekamoscisko.pl\/wp-content\/uploads\/2020\/07\/Grupa-Tw\u00f3rcza-w-gminie.jpg 2048w\" sizes=\"(max-width: 654px) 100vw, 654px\" \/><\/a>\u00a0\u00a0\u00a0\u00a0\u00a0\u00a0\u00a0\u00a0\u00a0\u00a0\u00a0\u00a0\u00a0\u00a0\u00a0\u00a0\u00a0\u00a0\u00a0\u00a0\u00a0\u00a0\u00a0\u00a0\u00a0\u00a0\u00a0\u00a0\u00a0\u00a0\u00a0\u00a0\u00a0\u00a0\u00a0\u00a0\u00a0\u00a0\u00a0\u00a0\u00a0\u00a0\u00a0\u00a0\u00a0\u00a0\u00a0\u00a0\u00a0\u00a0\u00a0\u00a0\u00a0\u00a0\u00a0\u00a0\u00a0\u00a0\u00a0\u00a0\u00a0\u00a0\u00a0\u00a0\u00a0\u00a0\u00a0\u00a0\u00a0\u00a0\u00a0\u00a0\u00a0\u00a0\u00a0\u00a0\u00a0\u00a0\u00a0\u00a0\u00a0\u00a0\u00a0\u00a0\u00a0\u00a0\u00a0\u00a0\u00a0\u00a0\u00a0\u00a0\u00a0\u00a0\u00a0\u00a0\u00a0\u00a0\u00a0\u00a0\u00a0\u00a0\u00a0\u00a0\u00a0\u00a0\u00a0\u00a0\u00a0\u00a0\u00a0\u00a0\u00a0\u00a0\u00a0\u00a0\u00a0\u00a0\u00a0\u00a0\u00a0\u00a0\u00a0\u00a0\u00a0\u00a0\u00a0\u00a0\u00a0\u00a0\u00a0\u00a0\u00a0\u00a0\u00a0\u00a0\u00a0\u00a0\u00a0\u00a0\u00a0\u00a0\u00a0\u00a0\u00a0\u00a0\u00a0\u00a0\u00a0\u00a0\u00a0\u00a0\u00a0\u00a0\u00a0\u00a0\u00a0\u00a0\u00a0\u00a0\u00a0\u00a0\u00a0\u00a0\u00a0\u00a0\u00a0\u00a0\u00a0\u00a0\u00a0\u00a0\u00a0\u00a0\u00a0\u00a0\u00a0\u00a0\u00a0\u00a0\u00a0\u00a0\u00a0\u00a0\u00a0\u00a0\u00a0\u00a0\u00a0\u00a0\u00a0\u00a0\u00a0\u00a0\u00a0\u00a0\u00a0\u00a0\u00a0\u00a0\u00a0\u00a0\u00a0\u00a0\u00a0\u00a0\u00a0\u00a0\u00a0\u00a0\u00a0\u00a0\u00a0\u00a0\u00a0\u00a0\u00a0\u00a0\u00a0\u00a0\u00a0\u00a0\u00a0\u00a0\u00a0\u00a0\u00a0\u00a0\u00a0\u00a0\u00a0\u00a0\u00a0\u00a0\u00a0\u00a0\u00a0\u00a0\u00a0\u00a0\u00a0\u00a0\u00a0\u00a0\u00a0\u00a0\u00a0\u00a0\u00a0\u00a0\u00a0\u00a0\u00a0\u00a0\u00a0\u00a0\u00a0\u00a0\u00a0\u00a0\u00a0\u00a0\u00a0\u00a0\u00a0\u00a0\u00a0\u00a0\u00a0\u00a0\u00a0 fot. Gmina Dzier\u017coni\u00f3w<\/h6>\n","protected":false},"excerpt":{"rendered":"<p>Gminna Rada Dzia\u0142alno\u015bci Po\u017cytku Publicznego na swoim posiedzeniu 8 lipca rozmawia\u0142a o dzia\u0142aniach na rzecz os\u00f3b w wieku emerytalnym. Nie mog\u0142o oczywi\u015bcie zabrakn\u0105\u0107 Grupy Tw\u00f3rczej dzia\u0142aj\u0105cej przy bibliotece w Ostroszowicach. [&hellip;]<\/p>\n","protected":false},"author":1,"featured_media":0,"comment_status":"closed","ping_status":"closed","sticky":false,"template":"","format":"standard","meta":{"ngg_post_thumbnail":0,"footnotes":""},"categories":[1],"tags":[],"class_list":["post-10402","post","type-post","status-publish","format-standard","hentry","category-uncategorized"],"_links":{"self":[{"href":"https:\/\/bibliotekamoscisko.pl\/index.php?rest_route=\/wp\/v2\/posts\/10402","targetHints":{"allow":["GET"]}}],"collection":[{"href":"https:\/\/bibliotekamoscisko.pl\/index.php?rest_route=\/wp\/v2\/posts"}],"about":[{"href":"https:\/\/bibliotekamoscisko.pl\/index.php?rest_route=\/wp\/v2\/types\/post"}],"author":[{"embeddable":true,"href":"https:\/\/bibliotekamoscisko.pl\/index.php?rest_route=\/wp\/v2\/users\/1"}],"replies":[{"embeddable":true,"href":"https:\/\/bibliotekamoscisko.pl\/index.php?rest_route=%2Fwp%2Fv2%2Fcomments&post=10402"}],"version-history":[{"count":1,"href":"https:\/\/bibliotekamoscisko.pl\/index.php?rest_route=\/wp\/v2\/posts\/10402\/revisions"}],"predecessor-version":[{"id":10404,"href":"https:\/\/bibliotekamoscisko.pl\/index.php?rest_route=\/wp\/v2\/posts\/10402\/revisions\/10404"}],"wp:attachment":[{"href":"https:\/\/bibliotekamoscisko.pl\/index.php?rest_route=%2Fwp%2Fv2%2Fmedia&parent=10402"}],"wp:term":[{"taxonomy":"category","embeddable":true,"href":"https:\/\/bibliotekamoscisko.pl\/index.php?rest_route=%2Fwp%2Fv2%2Fcategories&post=10402"},{"taxonomy":"post_tag","embeddable":true,"href":"https:\/\/bibliotekamoscisko.pl\/index.php?rest_route=%2Fwp%2Fv2%2Ftags&post=10402"}],"curies":[{"name":"wp","href":"https:\/\/api.w.org\/{rel}","templated":true}]}}