{"id":10409,"date":"2020-07-09T11:05:15","date_gmt":"2020-07-09T11:05:15","guid":{"rendered":"http:\/\/bibliotekamoscisko.pl\/?p=10409"},"modified":"2020-07-09T11:05:15","modified_gmt":"2020-07-09T11:05:15","slug":"lato-w-obiektywie","status":"publish","type":"post","link":"https:\/\/bibliotekamoscisko.pl\/?p=10409","title":{"rendered":"Lato w obiektywie"},"content":{"rendered":"<h2 style=\"text-align: center;\">Lubisz uwiecznia\u0107 ciekawe miejsca, magiczne chwile, krajobrazy?<\/h2>\n<h2 style=\"text-align: center;\">Prze\u015blij nam zdj\u0119cia swojego autorstwa.<\/h2>\n<h2 style=\"text-align: center;\">Najciekawsze wykorzystamy na naszym profilu fb!<\/h2>\n<p><a href=\"http:\/\/bibliotekamoscisko.pl\/wp-content\/uploads\/2020\/07\/lato-w-obiektywie.jpg\"><img fetchpriority=\"high\" decoding=\"async\" class=\"aligncenter size-large wp-image-10411\" src=\"http:\/\/bibliotekamoscisko.pl\/wp-content\/uploads\/2020\/07\/lato-w-obiektywie-1024x583.jpg\" alt=\"\" width=\"654\" height=\"372\" srcset=\"https:\/\/bibliotekamoscisko.pl\/wp-content\/uploads\/2020\/07\/lato-w-obiektywie-1024x583.jpg 1024w, https:\/\/bibliotekamoscisko.pl\/wp-content\/uploads\/2020\/07\/lato-w-obiektywie-300x171.jpg 300w, https:\/\/bibliotekamoscisko.pl\/wp-content\/uploads\/2020\/07\/lato-w-obiektywie-768x437.jpg 768w, https:\/\/bibliotekamoscisko.pl\/wp-content\/uploads\/2020\/07\/lato-w-obiektywie-2x1.jpg 2w, https:\/\/bibliotekamoscisko.pl\/wp-content\/uploads\/2020\/07\/lato-w-obiektywie.jpg 1580w\" sizes=\"(max-width: 654px) 100vw, 654px\" \/><\/a><\/p>\n","protected":false},"excerpt":{"rendered":"<p>Lubisz uwiecznia\u0107 ciekawe miejsca, magiczne chwile, krajobrazy? Prze\u015blij nam zdj\u0119cia swojego autorstwa. Najciekawsze wykorzystamy na naszym profilu fb!<\/p>\n","protected":false},"author":1,"featured_media":0,"comment_status":"closed","ping_status":"closed","sticky":false,"template":"","format":"standard","meta":{"ngg_post_thumbnail":0,"footnotes":""},"categories":[1],"tags":[],"class_list":["post-10409","post","type-post","status-publish","format-standard","hentry","category-uncategorized"],"_links":{"self":[{"href":"https:\/\/bibliotekamoscisko.pl\/index.php?rest_route=\/wp\/v2\/posts\/10409","targetHints":{"allow":["GET"]}}],"collection":[{"href":"https:\/\/bibliotekamoscisko.pl\/index.php?rest_route=\/wp\/v2\/posts"}],"about":[{"href":"https:\/\/bibliotekamoscisko.pl\/index.php?rest_route=\/wp\/v2\/types\/post"}],"author":[{"embeddable":true,"href":"https:\/\/bibliotekamoscisko.pl\/index.php?rest_route=\/wp\/v2\/users\/1"}],"replies":[{"embeddable":true,"href":"https:\/\/bibliotekamoscisko.pl\/index.php?rest_route=%2Fwp%2Fv2%2Fcomments&post=10409"}],"version-history":[{"count":2,"href":"https:\/\/bibliotekamoscisko.pl\/index.php?rest_route=\/wp\/v2\/posts\/10409\/revisions"}],"predecessor-version":[{"id":10413,"href":"https:\/\/bibliotekamoscisko.pl\/index.php?rest_route=\/wp\/v2\/posts\/10409\/revisions\/10413"}],"wp:attachment":[{"href":"https:\/\/bibliotekamoscisko.pl\/index.php?rest_route=%2Fwp%2Fv2%2Fmedia&parent=10409"}],"wp:term":[{"taxonomy":"category","embeddable":true,"href":"https:\/\/bibliotekamoscisko.pl\/index.php?rest_route=%2Fwp%2Fv2%2Fcategories&post=10409"},{"taxonomy":"post_tag","embeddable":true,"href":"https:\/\/bibliotekamoscisko.pl\/index.php?rest_route=%2Fwp%2Fv2%2Ftags&post=10409"}],"curies":[{"name":"wp","href":"https:\/\/api.w.org\/{rel}","templated":true}]}}