{"id":10497,"date":"2020-09-11T14:49:32","date_gmt":"2020-09-11T14:49:32","guid":{"rendered":"http:\/\/bibliotekamoscisko.pl\/?p=10497"},"modified":"2020-09-11T14:49:32","modified_gmt":"2020-09-11T14:49:32","slug":"malenkie-ziarenko-pod-zielonymi-chmurami","status":"publish","type":"post","link":"https:\/\/bibliotekamoscisko.pl\/?p=10497","title":{"rendered":"Male\u0144kie ziarenko pod zielonymi chmurami"},"content":{"rendered":"<p>W jak spos\u00f3b najlepiej wspomina\u0107 lato?\u00a0 I jak dostrzec w\u0142asn\u0105 obecno\u015b\u0107 we wszech\u015bwiecie? Oczywi\u015bcie zagl\u0105daj\u0105c do ksi\u0105\u017cki! Wiersz Danuty Wawi\u0142ow &#8222;Latem&#8221; by\u0142 tematem pierwszego spotkania z dzie\u0107mi w bibliotece w Pi\u0142awie Dolnej. 10 wrze\u015bnia dzieci z klasy II odwa\u017cnie zmierzy\u0142y si\u0119 z interpretacj\u0105 poezji i \u015bmia\u0142o czyta\u0142y wybrane fragmenty. Pod fachow\u0105 opiek\u0105 wychowawczyni Sylwii \u017baczek ogrom wszech\u015bwiata nie sta\u0142 si\u0119 przyt\u0142aczaj\u0105cy a kosmos nabra\u0142 nowej barwy.<\/p>\n<p>&nbsp;<\/p>\n<div id='gallery-1' class='gallery galleryid-10497 gallery-columns-3 gallery-size-thumbnail'><figure class='gallery-item'>\n\t\t\t<div class='gallery-icon landscape'>\n\t\t\t\t<a href='https:\/\/bibliotekamoscisko.pl\/?attachment_id=10498'><img decoding=\"async\" width=\"150\" height=\"150\" src=\"https:\/\/bibliotekamoscisko.pl\/wp-content\/uploads\/2020\/09\/IMG_5851-150x150.jpg\" class=\"attachment-thumbnail size-thumbnail\" alt=\"\" srcset=\"https:\/\/bibliotekamoscisko.pl\/wp-content\/uploads\/2020\/09\/IMG_5851-150x150.jpg 150w, https:\/\/bibliotekamoscisko.pl\/wp-content\/uploads\/2020\/09\/IMG_5851-1x1.jpg 1w\" sizes=\"(max-width: 150px) 100vw, 150px\" \/><\/a>\n\t\t\t<\/div><\/figure><figure class='gallery-item'>\n\t\t\t<div class='gallery-icon landscape'>\n\t\t\t\t<a href='https:\/\/bibliotekamoscisko.pl\/?attachment_id=10499'><img decoding=\"async\" width=\"150\" height=\"150\" src=\"https:\/\/bibliotekamoscisko.pl\/wp-content\/uploads\/2020\/09\/IMG_5853-150x150.jpg\" class=\"attachment-thumbnail size-thumbnail\" alt=\"\" srcset=\"https:\/\/bibliotekamoscisko.pl\/wp-content\/uploads\/2020\/09\/IMG_5853-150x150.jpg 150w, https:\/\/bibliotekamoscisko.pl\/wp-content\/uploads\/2020\/09\/IMG_5853-1x1.jpg 1w\" sizes=\"(max-width: 150px) 100vw, 150px\" \/><\/a>\n\t\t\t<\/div><\/figure>\n\t\t<\/div>\n\n","protected":false},"excerpt":{"rendered":"<p>W jak spos\u00f3b najlepiej wspomina\u0107 lato?\u00a0 I jak dostrzec w\u0142asn\u0105 obecno\u015b\u0107 we wszech\u015bwiecie? Oczywi\u015bcie zagl\u0105daj\u0105c do ksi\u0105\u017cki! Wiersz Danuty Wawi\u0142ow &#8222;Latem&#8221; by\u0142 tematem pierwszego spotkania z dzie\u0107mi w bibliotece w [&hellip;]<\/p>\n","protected":false},"author":1,"featured_media":0,"comment_status":"closed","ping_status":"closed","sticky":false,"template":"","format":"standard","meta":{"ngg_post_thumbnail":0,"footnotes":""},"categories":[1],"tags":[],"class_list":["post-10497","post","type-post","status-publish","format-standard","hentry","category-uncategorized"],"_links":{"self":[{"href":"https:\/\/bibliotekamoscisko.pl\/index.php?rest_route=\/wp\/v2\/posts\/10497","targetHints":{"allow":["GET"]}}],"collection":[{"href":"https:\/\/bibliotekamoscisko.pl\/index.php?rest_route=\/wp\/v2\/posts"}],"about":[{"href":"https:\/\/bibliotekamoscisko.pl\/index.php?rest_route=\/wp\/v2\/types\/post"}],"author":[{"embeddable":true,"href":"https:\/\/bibliotekamoscisko.pl\/index.php?rest_route=\/wp\/v2\/users\/1"}],"replies":[{"embeddable":true,"href":"https:\/\/bibliotekamoscisko.pl\/index.php?rest_route=%2Fwp%2Fv2%2Fcomments&post=10497"}],"version-history":[{"count":1,"href":"https:\/\/bibliotekamoscisko.pl\/index.php?rest_route=\/wp\/v2\/posts\/10497\/revisions"}],"predecessor-version":[{"id":10500,"href":"https:\/\/bibliotekamoscisko.pl\/index.php?rest_route=\/wp\/v2\/posts\/10497\/revisions\/10500"}],"wp:attachment":[{"href":"https:\/\/bibliotekamoscisko.pl\/index.php?rest_route=%2Fwp%2Fv2%2Fmedia&parent=10497"}],"wp:term":[{"taxonomy":"category","embeddable":true,"href":"https:\/\/bibliotekamoscisko.pl\/index.php?rest_route=%2Fwp%2Fv2%2Fcategories&post=10497"},{"taxonomy":"post_tag","embeddable":true,"href":"https:\/\/bibliotekamoscisko.pl\/index.php?rest_route=%2Fwp%2Fv2%2Ftags&post=10497"}],"curies":[{"name":"wp","href":"https:\/\/api.w.org\/{rel}","templated":true}]}}