{"id":10501,"date":"2020-09-11T14:57:47","date_gmt":"2020-09-11T14:57:47","guid":{"rendered":"http:\/\/bibliotekamoscisko.pl\/?p=10501"},"modified":"2020-09-11T14:57:47","modified_gmt":"2020-09-11T14:57:47","slug":"ta-tragedia-jest-najlepsza","status":"publish","type":"post","link":"https:\/\/bibliotekamoscisko.pl\/?p=10501","title":{"rendered":"Ta tragedia jest najlepsz\u0105"},"content":{"rendered":"<p><a href=\"http:\/\/bibliotekamoscisko.pl\/wp-content\/uploads\/2020\/09\/NC-Mo\u015bcisko-22020.jpg\"><img fetchpriority=\"high\" decoding=\"async\" class=\"alignleft size-medium wp-image-10512\" src=\"http:\/\/bibliotekamoscisko.pl\/wp-content\/uploads\/2020\/09\/NC-Mo\u015bcisko-22020-300x254.jpg\" alt=\"\" width=\"300\" height=\"254\" srcset=\"https:\/\/bibliotekamoscisko.pl\/wp-content\/uploads\/2020\/09\/NC-Mo\u015bcisko-22020-300x254.jpg 300w, https:\/\/bibliotekamoscisko.pl\/wp-content\/uploads\/2020\/09\/NC-Mo\u015bcisko-22020-1x1.jpg 1w, https:\/\/bibliotekamoscisko.pl\/wp-content\/uploads\/2020\/09\/NC-Mo\u015bcisko-22020.jpg 578w\" sizes=\"(max-width: 300px) 100vw, 300px\" \/><\/a><\/p>\n<p>Akcja <strong>Narodowe Czytanie <\/strong>organizowana jest przez Prezydenta RP od 2012 roku. Zosta\u0142a zainicjowana wsp\u00f3ln\u0105 lektur\u0105 <em>Pana Tadeusza<\/em> Adama Mickiewicza. <a href=\"http:\/\/bibliotekamoscisko.pl\/wp-content\/uploads\/2020\/09\/NC-Ostroszowice1.jpg\"><img decoding=\"async\" class=\"alignright size-medium wp-image-10507\" src=\"http:\/\/bibliotekamoscisko.pl\/wp-content\/uploads\/2020\/09\/NC-Ostroszowice1-245x300.jpg\" alt=\"\" width=\"245\" height=\"300\" srcset=\"https:\/\/bibliotekamoscisko.pl\/wp-content\/uploads\/2020\/09\/NC-Ostroszowice1-245x300.jpg 245w, https:\/\/bibliotekamoscisko.pl\/wp-content\/uploads\/2020\/09\/NC-Ostroszowice1-768x942.jpg 768w, https:\/\/bibliotekamoscisko.pl\/wp-content\/uploads\/2020\/09\/NC-Ostroszowice1-1x1.jpg 1w, https:\/\/bibliotekamoscisko.pl\/wp-content\/uploads\/2020\/09\/NC-Ostroszowice1.jpg 783w\" sizes=\"(max-width: 245px) 100vw, 245px\" \/><\/a>\u00a0\u00a0\u00a0\u00a0\u00a0\u00a0\u00a0\u00a0\u00a0\u00a0\u00a0W tym roku sp\u0119dzili\u015bmy czas z \u201eBalladyn\u0105\u201d Juliusza S\u0142owackiego. W bibliotece w Ostroszowicach dyskusja na temat ksi\u0105\u017cki dotyczy\u0142a genezy powstania dramatu, historii, tradycji oraz obliczom w\u0142adzy. Wspania\u0142\u0105 niespodziank\u0105 by\u0142 zabytkowy egzemplarz dzie\u0142a Juliusza S\u0142owackiego z 1881 roku udost\u0119pniony przez Emili\u0119 Wojdy\u0142o. Pyszny pocz\u0119stunek, przygotowany przez Emili\u0119 Wojdy\u0142o i Partycj\u0119 Wojtachn\u0119, uatrakcyjni\u0142 spotkanie podkre\u015blaj\u0105c, \u017ce wsp\u00f3lne czytanie to niek\u0142amana przyjemno\u015b\u0107. By\u0142o to tak\u017ce wida\u0107 na spotkaniu w Klubie Senior + , gdzie cz\u0142onkowie Stowarzyszenia Pi\u0142awa Dolna w kameralnej atmosferze zas\u0142uchali si\u0119 w s\u0142owa dramatu, wyr\u00f3\u017cniaj\u0105cego si\u0119 oryginalno\u015bci\u0105 i nowatorstwem. \u201eZ wszystkich rzeczy \u2014 pisa\u0142 autor do matki w grudniu 1834 r. \u2014 kt\u00f3re dotychczas moja m\u00f3zgownica urodzi\u0142a, ta tragedia jest najlepsz\u0105 \u2014 zw\u0142aszcza, \u017ce otworzy\u0142a mi now\u0105 drog\u0119, nowy kraj poetyczny, nie tkni\u0119ty ludzk\u0105 stop\u0105, kraj obszerniejszy ni\u017c ta biedna ziemia, bo ide\u00adalny.\u201d. Z pysznymi malinami i talerzem pachn\u0105cego ciasta Marii Chudek nawet krwawe sceny dramatu zosta\u0142y ob\u0142askawione.\u00a0\u00a0\u00a0\u00a0\u00a0 \u00a0\u00a0\u00a0\u00a0\u00a0\u00a0\u00a0\u00a0 \u00a0\u00a0\u00a0\u00a0\u00a0\u00a0\u00a0\u00a0\u00a0\u00a0\u00a0\u00a0\u00a0\u00a0\u00a0\u00a0 W\u00f3jt Gminy Dzier\u017coni\u00f3w Marek Chmielewski ze stemplem w d\u0142oni pilnowa\u0142 aby ka\u017cdy dost\u0119pny egzemplarz ksi\u0105\u017cki wyruszy\u0142 do domu z nietuzinkowym stemplem Pami\u0105tkowa piecz\u0119\u0107 jest do dyspozycji wszystkich ch\u0119tnych Czytelnik\u00f3w, kt\u00f3rzy posiadaj\u0105 w swoich prywatnych zbiorach egzemplarze ,,Balladyny&#8221;.<\/p>\n<div id='gallery-1' class='gallery galleryid-10501 gallery-columns-3 gallery-size-thumbnail'><figure class='gallery-item'>\n\t\t\t<div class='gallery-icon landscape'>\n\t\t\t\t<a href='https:\/\/bibliotekamoscisko.pl\/?attachment_id=10502'><img decoding=\"async\" width=\"150\" height=\"150\" src=\"https:\/\/bibliotekamoscisko.pl\/wp-content\/uploads\/2020\/09\/b4-150x150.jpg\" class=\"attachment-thumbnail size-thumbnail\" alt=\"\" srcset=\"https:\/\/bibliotekamoscisko.pl\/wp-content\/uploads\/2020\/09\/b4-150x150.jpg 150w, https:\/\/bibliotekamoscisko.pl\/wp-content\/uploads\/2020\/09\/b4-1x1.jpg 1w\" sizes=\"(max-width: 150px) 100vw, 150px\" \/><\/a>\n\t\t\t<\/div><\/figure><figure class='gallery-item'>\n\t\t\t<div class='gallery-icon landscape'>\n\t\t\t\t<a href='https:\/\/bibliotekamoscisko.pl\/?attachment_id=10503'><img loading=\"lazy\" decoding=\"async\" width=\"150\" height=\"150\" src=\"https:\/\/bibliotekamoscisko.pl\/wp-content\/uploads\/2020\/09\/b5-150x150.jpg\" class=\"attachment-thumbnail size-thumbnail\" alt=\"\" srcset=\"https:\/\/bibliotekamoscisko.pl\/wp-content\/uploads\/2020\/09\/b5-150x150.jpg 150w, https:\/\/bibliotekamoscisko.pl\/wp-content\/uploads\/2020\/09\/b5-1x1.jpg 1w\" sizes=\"(max-width: 150px) 100vw, 150px\" \/><\/a>\n\t\t\t<\/div><\/figure><figure class='gallery-item'>\n\t\t\t<div class='gallery-icon landscape'>\n\t\t\t\t<a href='https:\/\/bibliotekamoscisko.pl\/?attachment_id=10504'><img loading=\"lazy\" decoding=\"async\" width=\"150\" height=\"150\" src=\"https:\/\/bibliotekamoscisko.pl\/wp-content\/uploads\/2020\/09\/Balladyna-Pi\u0142awa1-150x150.jpg\" class=\"attachment-thumbnail size-thumbnail\" alt=\"\" srcset=\"https:\/\/bibliotekamoscisko.pl\/wp-content\/uploads\/2020\/09\/Balladyna-Pi\u0142awa1-150x150.jpg 150w, https:\/\/bibliotekamoscisko.pl\/wp-content\/uploads\/2020\/09\/Balladyna-Pi\u0142awa1-1x1.jpg 1w\" sizes=\"(max-width: 150px) 100vw, 150px\" \/><\/a>\n\t\t\t<\/div><\/figure><figure class='gallery-item'>\n\t\t\t<div class='gallery-icon landscape'>\n\t\t\t\t<a href='https:\/\/bibliotekamoscisko.pl\/?attachment_id=10505'><img loading=\"lazy\" decoding=\"async\" width=\"150\" height=\"150\" src=\"https:\/\/bibliotekamoscisko.pl\/wp-content\/uploads\/2020\/09\/Balladyna-Pi\u0142awa2-150x150.jpg\" class=\"attachment-thumbnail size-thumbnail\" alt=\"\" srcset=\"https:\/\/bibliotekamoscisko.pl\/wp-content\/uploads\/2020\/09\/Balladyna-Pi\u0142awa2-150x150.jpg 150w, https:\/\/bibliotekamoscisko.pl\/wp-content\/uploads\/2020\/09\/Balladyna-Pi\u0142awa2-1x1.jpg 1w\" sizes=\"(max-width: 150px) 100vw, 150px\" \/><\/a>\n\t\t\t<\/div><\/figure><figure class='gallery-item'>\n\t\t\t<div class='gallery-icon landscape'>\n\t\t\t\t<a href='https:\/\/bibliotekamoscisko.pl\/?attachment_id=10506'><img loading=\"lazy\" decoding=\"async\" width=\"150\" height=\"150\" src=\"https:\/\/bibliotekamoscisko.pl\/wp-content\/uploads\/2020\/09\/Balladyna-Pi\u0142awa3-150x150.jpg\" class=\"attachment-thumbnail size-thumbnail\" alt=\"\" srcset=\"https:\/\/bibliotekamoscisko.pl\/wp-content\/uploads\/2020\/09\/Balladyna-Pi\u0142awa3-150x150.jpg 150w, https:\/\/bibliotekamoscisko.pl\/wp-content\/uploads\/2020\/09\/Balladyna-Pi\u0142awa3-1x1.jpg 1w\" sizes=\"(max-width: 150px) 100vw, 150px\" \/><\/a>\n\t\t\t<\/div><\/figure><figure class='gallery-item'>\n\t\t\t<div class='gallery-icon portrait'>\n\t\t\t\t<a href='https:\/\/bibliotekamoscisko.pl\/?attachment_id=10508'><img loading=\"lazy\" decoding=\"async\" width=\"150\" height=\"150\" src=\"https:\/\/bibliotekamoscisko.pl\/wp-content\/uploads\/2020\/09\/118731778_1438710066314662_7583119388326562692_n-150x150.jpg\" class=\"attachment-thumbnail size-thumbnail\" alt=\"\" srcset=\"https:\/\/bibliotekamoscisko.pl\/wp-content\/uploads\/2020\/09\/118731778_1438710066314662_7583119388326562692_n-150x150.jpg 150w, https:\/\/bibliotekamoscisko.pl\/wp-content\/uploads\/2020\/09\/118731778_1438710066314662_7583119388326562692_n-1x1.jpg 1w\" sizes=\"(max-width: 150px) 100vw, 150px\" \/><\/a>\n\t\t\t<\/div><\/figure><figure class='gallery-item'>\n\t\t\t<div class='gallery-icon portrait'>\n\t\t\t\t<a href='https:\/\/bibliotekamoscisko.pl\/?attachment_id=10509'><img loading=\"lazy\" decoding=\"async\" width=\"150\" height=\"150\" src=\"https:\/\/bibliotekamoscisko.pl\/wp-content\/uploads\/2020\/09\/NC-Ostroszowice-150x150.jpg\" class=\"attachment-thumbnail size-thumbnail\" alt=\"\" srcset=\"https:\/\/bibliotekamoscisko.pl\/wp-content\/uploads\/2020\/09\/NC-Ostroszowice-150x150.jpg 150w, https:\/\/bibliotekamoscisko.pl\/wp-content\/uploads\/2020\/09\/NC-Ostroszowice-1x1.jpg 1w\" sizes=\"(max-width: 150px) 100vw, 150px\" \/><\/a>\n\t\t\t<\/div><\/figure><figure class='gallery-item'>\n\t\t\t<div class='gallery-icon portrait'>\n\t\t\t\t<a href='https:\/\/bibliotekamoscisko.pl\/?attachment_id=10510'><img loading=\"lazy\" decoding=\"async\" width=\"150\" height=\"150\" src=\"https:\/\/bibliotekamoscisko.pl\/wp-content\/uploads\/2020\/09\/NC-Ostroszowice2-150x150.jpg\" class=\"attachment-thumbnail size-thumbnail\" alt=\"\" srcset=\"https:\/\/bibliotekamoscisko.pl\/wp-content\/uploads\/2020\/09\/NC-Ostroszowice2-150x150.jpg 150w, https:\/\/bibliotekamoscisko.pl\/wp-content\/uploads\/2020\/09\/NC-Ostroszowice2-1x1.jpg 1w\" sizes=\"(max-width: 150px) 100vw, 150px\" \/><\/a>\n\t\t\t<\/div><\/figure><figure class='gallery-item'>\n\t\t\t<div class='gallery-icon portrait'>\n\t\t\t\t<a href='https:\/\/bibliotekamoscisko.pl\/?attachment_id=10511'><img loading=\"lazy\" decoding=\"async\" width=\"150\" height=\"150\" src=\"https:\/\/bibliotekamoscisko.pl\/wp-content\/uploads\/2020\/09\/NC-Ostroszowice3-150x150.jpg\" class=\"attachment-thumbnail size-thumbnail\" alt=\"\" srcset=\"https:\/\/bibliotekamoscisko.pl\/wp-content\/uploads\/2020\/09\/NC-Ostroszowice3-150x150.jpg 150w, https:\/\/bibliotekamoscisko.pl\/wp-content\/uploads\/2020\/09\/NC-Ostroszowice3-1x1.jpg 1w\" sizes=\"(max-width: 150px) 100vw, 150px\" \/><\/a>\n\t\t\t<\/div><\/figure>\n\t\t<\/div>\n\n<p>D.W.<\/p>\n<p>&nbsp;<\/p>\n","protected":false},"excerpt":{"rendered":"<p>Akcja Narodowe Czytanie organizowana jest przez Prezydenta RP od 2012 roku. Zosta\u0142a zainicjowana wsp\u00f3ln\u0105 lektur\u0105 Pana Tadeusza Adama Mickiewicza. \u00a0\u00a0\u00a0\u00a0\u00a0\u00a0\u00a0\u00a0\u00a0\u00a0\u00a0W tym roku sp\u0119dzili\u015bmy czas z \u201eBalladyn\u0105\u201d Juliusza S\u0142owackiego. W bibliotece [&hellip;]<\/p>\n","protected":false},"author":1,"featured_media":0,"comment_status":"closed","ping_status":"closed","sticky":false,"template":"","format":"standard","meta":{"ngg_post_thumbnail":0,"footnotes":""},"categories":[1],"tags":[],"class_list":["post-10501","post","type-post","status-publish","format-standard","hentry","category-uncategorized"],"_links":{"self":[{"href":"https:\/\/bibliotekamoscisko.pl\/index.php?rest_route=\/wp\/v2\/posts\/10501","targetHints":{"allow":["GET"]}}],"collection":[{"href":"https:\/\/bibliotekamoscisko.pl\/index.php?rest_route=\/wp\/v2\/posts"}],"about":[{"href":"https:\/\/bibliotekamoscisko.pl\/index.php?rest_route=\/wp\/v2\/types\/post"}],"author":[{"embeddable":true,"href":"https:\/\/bibliotekamoscisko.pl\/index.php?rest_route=\/wp\/v2\/users\/1"}],"replies":[{"embeddable":true,"href":"https:\/\/bibliotekamoscisko.pl\/index.php?rest_route=%2Fwp%2Fv2%2Fcomments&post=10501"}],"version-history":[{"count":1,"href":"https:\/\/bibliotekamoscisko.pl\/index.php?rest_route=\/wp\/v2\/posts\/10501\/revisions"}],"predecessor-version":[{"id":10513,"href":"https:\/\/bibliotekamoscisko.pl\/index.php?rest_route=\/wp\/v2\/posts\/10501\/revisions\/10513"}],"wp:attachment":[{"href":"https:\/\/bibliotekamoscisko.pl\/index.php?rest_route=%2Fwp%2Fv2%2Fmedia&parent=10501"}],"wp:term":[{"taxonomy":"category","embeddable":true,"href":"https:\/\/bibliotekamoscisko.pl\/index.php?rest_route=%2Fwp%2Fv2%2Fcategories&post=10501"},{"taxonomy":"post_tag","embeddable":true,"href":"https:\/\/bibliotekamoscisko.pl\/index.php?rest_route=%2Fwp%2Fv2%2Ftags&post=10501"}],"curies":[{"name":"wp","href":"https:\/\/api.w.org\/{rel}","templated":true}]}}