{"id":10566,"date":"2020-09-21T13:58:55","date_gmt":"2020-09-21T13:58:55","guid":{"rendered":"http:\/\/bibliotekamoscisko.pl\/?p=10566"},"modified":"2020-09-21T13:58:55","modified_gmt":"2020-09-21T13:58:55","slug":"juz-nie-dotykam-ziemi","status":"publish","type":"post","link":"https:\/\/bibliotekamoscisko.pl\/?p=10566","title":{"rendered":"Ju\u017c nie dotykam Ziemi"},"content":{"rendered":"\n<p><em>Wiem, \u017ce jestem \u015bmiertelny (\u2026), lecz kiedy \u015bledz\u0119 obiegi gwiazd, tudzie\u017c powroty ich, ju\u017c nie dotykam Ziemi \u2013<\/em> mawia\u0142 Klaudiusz Ptolemeusz \u2013 grecki astronom, zaliczany do najwa\u017cniejszych my\u015blicieli w staro\u017cytno\u015bci.<\/p>\n\n\n\n<p>My r\u00f3wnie\u017c na spotkaniu Dyskusyjnego Klubu Ksi\u0105\u017ckowego 17 wrze\u015bnia postanowili\u015bmy oderwa\u0107 si\u0119 nieco od naszej planety i spojrze\u0107 w g\u00f3r\u0119. Dzieci z II klasy Szko\u0142y Podstawowej im. Kornela Makuszy\u0144skiego w Pi\u0142awie Dolnej wys\u0142ucha\u0142y opowie\u015bci o w\u0119dr\u00f3wce Ma\u0142ej Nied\u017awiedzicy i jej mamy po nocnym niebie. Ksi\u0105\u017cka Pauliny Chmurskiej \u201eWielka Ma\u0142a Nied\u017awiedzica\u201d pe\u0142na jest ciekawostek o Kosmosie i wspania\u0142ych ilustracji Elki Gr\u0105dziel, kt\u00f3re pomagaj\u0105 pozna\u0107 kszta\u0142ty gwiazdozbior\u00f3w i rol\u0119 Gwiazdy Polarnej.\u00a0\u00a0\u00a0\u00a0\u00a0\u00a0\u00a0\u00a0\u00a0\u00a0\u00a0\u00a0\u00a0\u00a0\u00a0\u00a0\u00a0\u00a0\u00a0\u00a0\u00a0\u00a0\u00a0\u00a0\u00a0\u00a0<\/p>\n\n\n\n<p> Nasz nietypowy Uk\u0142ad S\u0142oneczny zbudowany z owoc\u00f3w, orzech\u00f3w i kolorowych pi\u0142eczek pobudzi\u0142 wyobra\u017ani\u0119 i pom\u00f3g\u0142 w ustaleniu naszego adresu we wszech\u015bwiecie. Zdecydowali\u015bmy, \u017ce na wizyt\u00f3wce dla przybyszy z innych galaktyk powinna si\u0119 znale\u017a\u0107 Droga Mleczna. Mo\u017ce \u015bwiec\u0105ca, tak jak mapa nieba z \u015brodka ksi\u0105\u017cki? \u00a0\u00a0\u00a0\u00a0\u00a0\u00a0\u00a0\u00a0\u00a0 \u00a0<\/p>\n\n\n\n<p>Zainteresowanych tajemnicami nieba odsy\u0142amy do pi\u0119knie ilustrowanej opowie\u015bci uzupe\u0142nionej ciekawostkami o Kosmosie oraz do spogl\u0105dania w g\u00f3r\u0119. Mo\u017ce uda si\u0119 dostrzec noc\u0105 spadaj\u0105c\u0105 gwiazd\u0119 i wypowiedzie\u0107 \u017cyczenie?<\/p>\n\n\n\n<figure class=\"wp-block-gallery columns-3 is-cropped wp-block-gallery-1 is-layout-flex wp-block-gallery-is-layout-flex\"><ul class=\"blocks-gallery-grid\"><li class=\"blocks-gallery-item\"><figure><img fetchpriority=\"high\" decoding=\"async\" width=\"768\" height=\"576\" src=\"http:\/\/bibliotekamoscisko.pl\/wp-content\/uploads\/2020\/09\/IMG_5862.jpg\" alt=\"\" data-id=\"10569\" data-full-url=\"http:\/\/bibliotekamoscisko.pl\/wp-content\/uploads\/2020\/09\/IMG_5862.jpg\" data-link=\"http:\/\/bibliotekamoscisko.pl\/?attachment_id=10569\" class=\"wp-image-10569\" srcset=\"https:\/\/bibliotekamoscisko.pl\/wp-content\/uploads\/2020\/09\/IMG_5862.jpg 768w, https:\/\/bibliotekamoscisko.pl\/wp-content\/uploads\/2020\/09\/IMG_5862-300x225.jpg 300w\" sizes=\"(max-width: 768px) 100vw, 768px\" \/><\/figure><\/li><li class=\"blocks-gallery-item\"><figure><img decoding=\"async\" width=\"768\" height=\"576\" src=\"http:\/\/bibliotekamoscisko.pl\/wp-content\/uploads\/2020\/09\/IMG_5856.jpg\" alt=\"\" data-id=\"10568\" data-full-url=\"http:\/\/bibliotekamoscisko.pl\/wp-content\/uploads\/2020\/09\/IMG_5856.jpg\" data-link=\"http:\/\/bibliotekamoscisko.pl\/?attachment_id=10568\" class=\"wp-image-10568\" srcset=\"https:\/\/bibliotekamoscisko.pl\/wp-content\/uploads\/2020\/09\/IMG_5856.jpg 768w, https:\/\/bibliotekamoscisko.pl\/wp-content\/uploads\/2020\/09\/IMG_5856-300x225.jpg 300w\" sizes=\"(max-width: 768px) 100vw, 768px\" \/><\/figure><\/li><li class=\"blocks-gallery-item\"><figure><img decoding=\"async\" width=\"768\" height=\"576\" src=\"http:\/\/bibliotekamoscisko.pl\/wp-content\/uploads\/2020\/09\/IMG_5869.jpg\" alt=\"\" data-id=\"10567\" data-full-url=\"http:\/\/bibliotekamoscisko.pl\/wp-content\/uploads\/2020\/09\/IMG_5869.jpg\" data-link=\"http:\/\/bibliotekamoscisko.pl\/?attachment_id=10567\" class=\"wp-image-10567\" srcset=\"https:\/\/bibliotekamoscisko.pl\/wp-content\/uploads\/2020\/09\/IMG_5869.jpg 768w, https:\/\/bibliotekamoscisko.pl\/wp-content\/uploads\/2020\/09\/IMG_5869-300x225.jpg 300w\" sizes=\"(max-width: 768px) 100vw, 768px\" \/><\/figure><\/li><\/ul><\/figure>\n\n\n\n\n\n<p>Moderator DKK<\/p>\n\n\n\n<p>Danuta Wi\u015bniewska<\/p>\n","protected":false},"excerpt":{"rendered":"<p>Wiem, \u017ce jestem \u015bmiertelny (\u2026), lecz kiedy \u015bledz\u0119 obiegi gwiazd, tudzie\u017c powroty ich, ju\u017c nie dotykam Ziemi \u2013 mawia\u0142 Klaudiusz Ptolemeusz \u2013 grecki astronom, zaliczany do najwa\u017cniejszych my\u015blicieli w staro\u017cytno\u015bci. [&hellip;]<\/p>\n","protected":false},"author":1,"featured_media":0,"comment_status":"closed","ping_status":"closed","sticky":false,"template":"","format":"standard","meta":{"ngg_post_thumbnail":0,"footnotes":""},"categories":[1],"tags":[],"class_list":["post-10566","post","type-post","status-publish","format-standard","hentry","category-uncategorized"],"_links":{"self":[{"href":"https:\/\/bibliotekamoscisko.pl\/index.php?rest_route=\/wp\/v2\/posts\/10566","targetHints":{"allow":["GET"]}}],"collection":[{"href":"https:\/\/bibliotekamoscisko.pl\/index.php?rest_route=\/wp\/v2\/posts"}],"about":[{"href":"https:\/\/bibliotekamoscisko.pl\/index.php?rest_route=\/wp\/v2\/types\/post"}],"author":[{"embeddable":true,"href":"https:\/\/bibliotekamoscisko.pl\/index.php?rest_route=\/wp\/v2\/users\/1"}],"replies":[{"embeddable":true,"href":"https:\/\/bibliotekamoscisko.pl\/index.php?rest_route=%2Fwp%2Fv2%2Fcomments&post=10566"}],"version-history":[{"count":1,"href":"https:\/\/bibliotekamoscisko.pl\/index.php?rest_route=\/wp\/v2\/posts\/10566\/revisions"}],"predecessor-version":[{"id":10570,"href":"https:\/\/bibliotekamoscisko.pl\/index.php?rest_route=\/wp\/v2\/posts\/10566\/revisions\/10570"}],"wp:attachment":[{"href":"https:\/\/bibliotekamoscisko.pl\/index.php?rest_route=%2Fwp%2Fv2%2Fmedia&parent=10566"}],"wp:term":[{"taxonomy":"category","embeddable":true,"href":"https:\/\/bibliotekamoscisko.pl\/index.php?rest_route=%2Fwp%2Fv2%2Fcategories&post=10566"},{"taxonomy":"post_tag","embeddable":true,"href":"https:\/\/bibliotekamoscisko.pl\/index.php?rest_route=%2Fwp%2Fv2%2Ftags&post=10566"}],"curies":[{"name":"wp","href":"https:\/\/api.w.org\/{rel}","templated":true}]}}