{"id":1059,"date":"2014-11-29T10:44:42","date_gmt":"2014-11-29T10:44:42","guid":{"rendered":"http:\/\/bibliotekamoscisko.pl\/?p=1059"},"modified":"2014-11-29T10:49:20","modified_gmt":"2014-11-29T10:49:20","slug":"cos-z-niczego-tydzien-edukacji-globalnej","status":"publish","type":"post","link":"https:\/\/bibliotekamoscisko.pl\/?p=1059","title":{"rendered":"Co\u015b z niczego. Tydzie\u0144 Edukacji Globalnej"},"content":{"rendered":"<p>Biblioteka w Mo\u015bcisku przy\u0142\u0105czy\u0142a si\u0119 do obchod\u00f3w <strong>Tygodnia Edukacji Globalnej. <\/strong>15 listopada postanowili\u015bmy przyjrze\u0107 si\u0119 bli\u017cej zasadzie RRR, odnosz\u0105cej si\u0119 do ekologicznego stylu \u017cycia. Reduce, Reuse, Recycling oznaczaj\u0105 kolejno: Ograniczajmy produkcj\u0119 odpad\u00f3w \u00a0\u2013 U\u017cywajmy wielokrotnie \u00a0\u2013 Odzyskujmy. Zasada 3R promuje zdrowy dla \u015brodowiska styl \u017cycia, konsumpcji d\u00f3br i traktowania odpad\u00f3w. Kolejno\u015b\u0107 tych wyraz\u00f3w nie jest przypadkowa. Reduce odnosi si\u0119 do samych zakup\u00f3w, Reuse to wykorzystanie tego co ju\u017c zakupili\u015bmy, Recycle odnosi si\u0119 do odpad\u00f3w.<\/p>\n<p>Nasze sobotnie zaj\u0119cia wykorzystali\u015bmy do przyjrzenia si\u0119 z bliska \u015brodkowemu R, czyli Reuse. Rozmawiali\u015bmy o tym co w praktyce oznacza odzyskiwanie i wielokrotne u\u017cywanie przedmiot\u00f3w. Czy s\u0142oik po d\u017cemie mo\u017cna ponownie wykorzysta\u0107? Co zrobi\u0107 z za ma\u0142ym swetrem? Uruchomili\u015bmy nasz\u0105 kreatywno\u015b\u0107 i przez ca\u0142y dzie\u0144 tworzyli\u015bmy co\u015b z niczego. Okaza\u0142o si\u0119 \u017ce guziki to niezwykle wdzi\u0119czny materia\u0142. Pos\u0142u\u017cy\u0142y nam m.in. do ozdobienia pierwszych kartek \u015bwi\u0105tecznych oraz sta\u0142y si\u0119 baz\u0105 kolorowych bransoletek. Zwyk\u0142y sznurek i stara folia w kilka minut przekszta\u0142cone zosta\u0142y w zabawk\u0119 dla kota a stara butelka plastikowa sta\u0142a si\u0119 ciekaw\u0105 konewk\u0105 do podlewania domowych kwiatk\u00f3w.<\/p>\n<div id='gallery-1' class='gallery galleryid-1059 gallery-columns-3 gallery-size-thumbnail'><figure class='gallery-item'>\n\t\t\t<div class='gallery-icon landscape'>\n\t\t\t\t<a href='https:\/\/bibliotekamoscisko.pl\/?attachment_id=1061'><img decoding=\"async\" width=\"150\" height=\"150\" src=\"https:\/\/bibliotekamoscisko.pl\/wp-content\/uploads\/2014\/11\/DSCN3188m-150x150.jpg\" class=\"attachment-thumbnail size-thumbnail\" alt=\"\" aria-describedby=\"gallery-1-1061\" \/><\/a>\n\t\t\t<\/div>\n\t\t\t\t<figcaption class='wp-caption-text gallery-caption' id='gallery-1-1061'>\n\t\t\t\t\u015bmieci?\n\t\t\t\t<\/figcaption><\/figure><figure class='gallery-item'>\n\t\t\t<div class='gallery-icon landscape'>\n\t\t\t\t<a href='https:\/\/bibliotekamoscisko.pl\/?attachment_id=1062'><img decoding=\"async\" width=\"150\" height=\"150\" src=\"https:\/\/bibliotekamoscisko.pl\/wp-content\/uploads\/2014\/11\/DSCN3191m-150x150.jpg\" class=\"attachment-thumbnail size-thumbnail\" alt=\"\" \/><\/a>\n\t\t\t<\/div><\/figure><figure class='gallery-item'>\n\t\t\t<div class='gallery-icon landscape'>\n\t\t\t\t<a href='https:\/\/bibliotekamoscisko.pl\/?attachment_id=1064'><img decoding=\"async\" width=\"150\" height=\"150\" src=\"https:\/\/bibliotekamoscisko.pl\/wp-content\/uploads\/2014\/11\/DSCN3195m-150x150.jpg\" class=\"attachment-thumbnail size-thumbnail\" alt=\"\" \/><\/a>\n\t\t\t<\/div><\/figure>\n\t\t<\/div>\n\n<p>Znale\u017ali si\u0119 tak\u017ce ch\u0119tni do pracy z tekstem Ewy Zachary. Jej &#8222;Piosenka plastikowego woreczka&#8221; zyska\u0142a dzi\u0119ki m\u0142odym tw\u00f3rcom opraw\u0119 muzyczn\u0105 i mamy nadziej\u0119, \u017ce ju\u017c nied\u0142ugo b\u0119dziemy mogli przedstawi\u0107 efekty pracy.<\/p>\n<p>Tydzie\u0144 Edukacji Globalnej jest coroczn\u0105 mi\u0119dzynarodow\u0105 akcj\u0105 edukacyjn\u0105. Jej celem jest zwr\u00f3cenie uwagi spo\u0142ecze\u0144stw w Europie na potrzeb\u0119 prowadzenia edukacji o sprawach i problemach \u00a0globalnych, poprzez intensywne i r\u00f3\u017cnorodne dzia\u0142ania skierowane przede wszystkim (ale nie tylko) do dzieci i m\u0142odzie\u017cy. Patronat honorowy nad Tygodniem Edukacji Globalnej obj\u0119\u0142y Ministerstwo Edukacji Narodowej oraz Ministerstwo Spraw Zagranicznych.<\/p>\n<p><a href=\"http:\/\/bibliotekamoscisko.pl\/wp-content\/uploads\/2014\/11\/plakat-520x245.gif\"><img loading=\"lazy\" decoding=\"async\" class=\"aligncenter wp-image-1067 size-medium\" src=\"http:\/\/bibliotekamoscisko.pl\/wp-content\/uploads\/2014\/11\/plakat-520x245-300x141.gif\" alt=\"plakat-520x245\" width=\"300\" height=\"141\" \/><\/a><\/p>\n<p>D.W.<\/p>\n","protected":false},"excerpt":{"rendered":"<p>Biblioteka w Mo\u015bcisku przy\u0142\u0105czy\u0142a si\u0119 do obchod\u00f3w Tygodnia Edukacji Globalnej. 15 listopada postanowili\u015bmy przyjrze\u0107 si\u0119 bli\u017cej zasadzie RRR, odnosz\u0105cej si\u0119 do ekologicznego stylu \u017cycia. Reduce, Reuse, Recycling oznaczaj\u0105 kolejno: Ograniczajmy [&hellip;]<\/p>\n","protected":false},"author":1,"featured_media":1062,"comment_status":"closed","ping_status":"open","sticky":false,"template":"","format":"standard","meta":{"ngg_post_thumbnail":0,"footnotes":""},"categories":[1],"tags":[],"class_list":["post-1059","post","type-post","status-publish","format-standard","has-post-thumbnail","hentry","category-uncategorized"],"_links":{"self":[{"href":"https:\/\/bibliotekamoscisko.pl\/index.php?rest_route=\/wp\/v2\/posts\/1059","targetHints":{"allow":["GET"]}}],"collection":[{"href":"https:\/\/bibliotekamoscisko.pl\/index.php?rest_route=\/wp\/v2\/posts"}],"about":[{"href":"https:\/\/bibliotekamoscisko.pl\/index.php?rest_route=\/wp\/v2\/types\/post"}],"author":[{"embeddable":true,"href":"https:\/\/bibliotekamoscisko.pl\/index.php?rest_route=\/wp\/v2\/users\/1"}],"replies":[{"embeddable":true,"href":"https:\/\/bibliotekamoscisko.pl\/index.php?rest_route=%2Fwp%2Fv2%2Fcomments&post=1059"}],"version-history":[{"count":3,"href":"https:\/\/bibliotekamoscisko.pl\/index.php?rest_route=\/wp\/v2\/posts\/1059\/revisions"}],"predecessor-version":[{"id":1069,"href":"https:\/\/bibliotekamoscisko.pl\/index.php?rest_route=\/wp\/v2\/posts\/1059\/revisions\/1069"}],"wp:featuredmedia":[{"embeddable":true,"href":"https:\/\/bibliotekamoscisko.pl\/index.php?rest_route=\/wp\/v2\/media\/1062"}],"wp:attachment":[{"href":"https:\/\/bibliotekamoscisko.pl\/index.php?rest_route=%2Fwp%2Fv2%2Fmedia&parent=1059"}],"wp:term":[{"taxonomy":"category","embeddable":true,"href":"https:\/\/bibliotekamoscisko.pl\/index.php?rest_route=%2Fwp%2Fv2%2Fcategories&post=1059"},{"taxonomy":"post_tag","embeddable":true,"href":"https:\/\/bibliotekamoscisko.pl\/index.php?rest_route=%2Fwp%2Fv2%2Ftags&post=1059"}],"curies":[{"name":"wp","href":"https:\/\/api.w.org\/{rel}","templated":true}]}}