{"id":10656,"date":"2020-09-30T07:44:11","date_gmt":"2020-09-30T07:44:11","guid":{"rendered":"http:\/\/bibliotekamoscisko.pl\/?p=10656"},"modified":"2020-09-30T07:44:11","modified_gmt":"2020-09-30T07:44:11","slug":"ogolnopolski-dzien-glosnego-czytania","status":"publish","type":"post","link":"https:\/\/bibliotekamoscisko.pl\/?p=10656","title":{"rendered":"Og\u00f3lnopolski Dzie\u0144 G\u0142o\u015bnego Czytania"},"content":{"rendered":"\n<p class=\"has-text-align-center\">Czego mo\u017cemy nauczy\u0107 si\u0119 od mr\u00f3wek?<\/p>\n\n\n\n<figure class=\"wp-block-image size-large is-resized\"><img fetchpriority=\"high\" decoding=\"async\" src=\"http:\/\/bibliotekamoscisko.pl\/wp-content\/uploads\/2020\/09\/mrowki2-1024x768.jpg\" alt=\"\" class=\"wp-image-10657\" width=\"512\" height=\"384\" srcset=\"https:\/\/bibliotekamoscisko.pl\/wp-content\/uploads\/2020\/09\/mrowki2-1024x768.jpg 1024w, https:\/\/bibliotekamoscisko.pl\/wp-content\/uploads\/2020\/09\/mrowki2-300x225.jpg 300w, https:\/\/bibliotekamoscisko.pl\/wp-content\/uploads\/2020\/09\/mrowki2-768x576.jpg 768w, https:\/\/bibliotekamoscisko.pl\/wp-content\/uploads\/2020\/09\/mrowki2.jpg 1440w\" sizes=\"(max-width: 512px) 100vw, 512px\" \/><\/figure>\n\n\n\n<p>29 wrze\u015bnia czytali\u015bmy dzieciom w zer\u00f3wce z okazji Og\u00f3lnopolskiego Dnia G\u0142o\u015bnego Czytania.<\/p>\n\n\n\n<p>W tym tygodniu w naszej bibliotece promujemy interesuj\u0105c\u0105 ksi\u0105\u017ck\u0119, pt. \u201eWspania\u0142a m\u0105dro\u015b\u0107 mr\u00f3wek &#8222;.<\/p>\n\n\n\n<p>Ta niesamowita lektura zach\u0119ci\u0142a dzieci do bystrych wypowiedzi o rzeczach pozwalaj\u0105cych zrozumie\u0107 sens turbodrzemki, recyklingu, szacunku dla ludzi i przyrody, pracowito\u015bci oraz o zasadach \u017cycia spo\u0142ecznego. Jak zwykle dzieci wykaza\u0142y si\u0119 ogromn\u0105 wiedz\u0105! Oby ich nieustanna eksploracja \u015bwiata nigdy nie zgas\u0142a.<\/p>\n\n\n\n<p>Dzi\u0119kuj\u0119 wspania\u0142ym przedszkolakom za aktywno\u015b\u0107 i uwag\u0119.<\/p>\n\n\n\n<p>Warto czyta\u0107 dzieciom!<\/p>\n\n\n\n<p>Dzi\u0119kuj\u0119 Pani Ewelinie Kaleta za przygotowanie ilustracji do spotkania oraz nastrojow\u0105 aran\u017cacj\u0119 sali przedszkolnej.<\/p>\n\n\n\n<figure class=\"wp-block-image size-large\"><img decoding=\"async\" width=\"960\" height=\"444\" src=\"http:\/\/bibliotekamoscisko.pl\/wp-content\/uploads\/2020\/09\/mrowki1-1.jpg\" alt=\"\" class=\"wp-image-10659\" srcset=\"https:\/\/bibliotekamoscisko.pl\/wp-content\/uploads\/2020\/09\/mrowki1-1.jpg 960w, https:\/\/bibliotekamoscisko.pl\/wp-content\/uploads\/2020\/09\/mrowki1-1-300x139.jpg 300w, https:\/\/bibliotekamoscisko.pl\/wp-content\/uploads\/2020\/09\/mrowki1-1-768x355.jpg 768w\" sizes=\"(max-width: 960px) 100vw, 960px\" \/><\/figure>\n\n\n\n<p>Biblioteka w Ostroszowicach<\/p>\n\n\n\n<p>mk<\/p>\n","protected":false},"excerpt":{"rendered":"<p>Czego mo\u017cemy nauczy\u0107 si\u0119 od mr\u00f3wek? 29 wrze\u015bnia czytali\u015bmy dzieciom w zer\u00f3wce z okazji Og\u00f3lnopolskiego Dnia G\u0142o\u015bnego Czytania. W tym tygodniu w naszej bibliotece promujemy interesuj\u0105c\u0105 ksi\u0105\u017ck\u0119, pt. \u201eWspania\u0142a m\u0105dro\u015b\u0107 [&hellip;]<\/p>\n","protected":false},"author":1,"featured_media":0,"comment_status":"closed","ping_status":"closed","sticky":false,"template":"","format":"standard","meta":{"ngg_post_thumbnail":0,"footnotes":""},"categories":[1],"tags":[],"class_list":["post-10656","post","type-post","status-publish","format-standard","hentry","category-uncategorized"],"_links":{"self":[{"href":"https:\/\/bibliotekamoscisko.pl\/index.php?rest_route=\/wp\/v2\/posts\/10656","targetHints":{"allow":["GET"]}}],"collection":[{"href":"https:\/\/bibliotekamoscisko.pl\/index.php?rest_route=\/wp\/v2\/posts"}],"about":[{"href":"https:\/\/bibliotekamoscisko.pl\/index.php?rest_route=\/wp\/v2\/types\/post"}],"author":[{"embeddable":true,"href":"https:\/\/bibliotekamoscisko.pl\/index.php?rest_route=\/wp\/v2\/users\/1"}],"replies":[{"embeddable":true,"href":"https:\/\/bibliotekamoscisko.pl\/index.php?rest_route=%2Fwp%2Fv2%2Fcomments&post=10656"}],"version-history":[{"count":2,"href":"https:\/\/bibliotekamoscisko.pl\/index.php?rest_route=\/wp\/v2\/posts\/10656\/revisions"}],"predecessor-version":[{"id":10661,"href":"https:\/\/bibliotekamoscisko.pl\/index.php?rest_route=\/wp\/v2\/posts\/10656\/revisions\/10661"}],"wp:attachment":[{"href":"https:\/\/bibliotekamoscisko.pl\/index.php?rest_route=%2Fwp%2Fv2%2Fmedia&parent=10656"}],"wp:term":[{"taxonomy":"category","embeddable":true,"href":"https:\/\/bibliotekamoscisko.pl\/index.php?rest_route=%2Fwp%2Fv2%2Fcategories&post=10656"},{"taxonomy":"post_tag","embeddable":true,"href":"https:\/\/bibliotekamoscisko.pl\/index.php?rest_route=%2Fwp%2Fv2%2Ftags&post=10656"}],"curies":[{"name":"wp","href":"https:\/\/api.w.org\/{rel}","templated":true}]}}