{"id":10686,"date":"2020-10-05T10:41:52","date_gmt":"2020-10-05T10:41:52","guid":{"rendered":"http:\/\/bibliotekamoscisko.pl\/?p=10686"},"modified":"2020-10-05T10:41:52","modified_gmt":"2020-10-05T10:41:52","slug":"mala-ksiazka-wielki-czlowiek-5","status":"publish","type":"post","link":"https:\/\/bibliotekamoscisko.pl\/?p=10686","title":{"rendered":"Ma\u0142a ksi\u0105\u017cka &#8211; wielki cz\u0142owiek"},"content":{"rendered":"\n<h2 class=\"wp-block-heading\"><strong>Bezp\u0142atna Wyprawka Czytelnicza dla ka\u017cdego przedszkolaka<br><br><\/strong><\/h2>\n\n\n\n<p>Najwy\u017cszy czas przygotowa\u0107 si\u0119 na d\u0142ugie jesienne wieczory i popo\u0142udnia, podczas kt\u00f3rych nie powinno zabrakn\u0105\u0107 dobrej ksi\u0105\u017cki \u2013 dla rodzica i dla dziecka.&nbsp; Warto zatem uda\u0107 si\u0119 do pobliskiej biblioteki, gdzie na ka\u017cdego Ma\u0142ego Czytelnika w wieku przedszkolnym czeka\u0107 b\u0119dzie wyj\u0105tkowa Wyprawka Czytelnicza przygotowana przez Instytut Ksi\u0105\u017cki.<\/p>\n\n\n\n<figure class=\"wp-block-image size-large is-resized\"><img decoding=\"async\" src=\"http:\/\/bibliotekamoscisko.pl\/wp-content\/uploads\/2020\/10\/MKWCz-logo.png\" alt=\"\" class=\"wp-image-10687\" width=\"224\" height=\"172\" srcset=\"https:\/\/bibliotekamoscisko.pl\/wp-content\/uploads\/2020\/10\/MKWCz-logo.png 1007w, https:\/\/bibliotekamoscisko.pl\/wp-content\/uploads\/2020\/10\/MKWCz-logo-300x231.png 300w, https:\/\/bibliotekamoscisko.pl\/wp-content\/uploads\/2020\/10\/MKWCz-logo-768x590.png 768w\" sizes=\"(max-width: 224px) 100vw, 224px\" \/><\/figure>\n\n\n\n<p>Od\u00a02018 r. projekt jest realizowany przez\u00a0Instytutu Ksi\u0105\u017cki w\u00a0ramach og\u00f3lnopolskiej kampanii promuj\u0105cej czytelnictwo \u201eMa\u0142a Ksi\u0105\u017cka \u2013 wielki cz\u0142owiek\u201d we\u00a0wsp\u00f3\u0142pracy z bibliotekami publicznymi. Ka\u017cde dziecko w\u00a0wieku przedszkolnym, kt\u00f3re odwiedzi najbli\u017csz\u0105 bibliotek\u0119 gminy Dzier\u017coni\u00f3w, otrzyma w\u00a0prezencie <strong>Wyprawk\u0119 Czytelnicz\u0105<\/strong>, a\u00a0w\u00a0niej<strong>: ksi\u0105\u017ck\u0119 \u201ePierwsze czytanki dla\u2026\u201d<\/strong> dostosowan\u0105 pod\u00a0wzgl\u0119dem formy i\u00a0tre\u015bci do\u00a0potrzeb przedszkolaka oraz\u00a0<strong>Kart\u0119 Ma\u0142ego Czytelnika<\/strong>. Za\u00a0ka\u017cd\u0105 wizyt\u0119 w\u00a0bibliotece, zako\u0144czon\u0105 wypo\u017cyczeniem minimum jednej ksi\u0105\u017cki z\u00a0ksi\u0119gozbioru dzieci\u0119cego, Ma\u0142y Czytelnik otrzyma <strong>naklejk\u0119<\/strong>, a\u00a0po\u00a0zebraniu dziesi\u0119ciu zostanie uhonorowany <strong>imiennym dyplomem<\/strong> potwierdzaj\u0105cym jego czytelnicze zainteresowania. Opr\u00f3cz dyplomu przedszkolak otrzyma tak\u017ce drobny czytelniczy upominek. W\u00a0Wyprawce znajd\u0105 co\u015b dla siebie tak\u017ce rodzice \u2013 przygotowana dla nich broszura informacyjna przypomni o\u00a0korzy\u015bciach wynikaj\u0105cych z\u00a0czytania dzieciom oraz\u00a0podpowie, sk\u0105d czerpa\u0107 nowe inspiracje czytelnicze. Dzi\u0119ki akcji dziecko pozna wa\u017cne miejsce na\u00a0czytelniczej mapie dzieci\u0144stwa (bibliotek\u0119) i\u00a0zostanie pe\u0142noprawnym uczestnikiem \u017cycia kulturalnego. Projekt realizowany jest w\u00a0ramach og\u00f3lnopolskiej kampanii promuj\u0105cej czytanie generacyjne \u201eMa\u0142a ksi\u0105\u017cka \u2013 wielki cz\u0142owiek\u201d.<\/p>\n\n\n\n<figure class=\"wp-block-image size-large\"><img fetchpriority=\"high\" decoding=\"async\" width=\"632\" height=\"900\" src=\"http:\/\/bibliotekamoscisko.pl\/wp-content\/uploads\/2018\/09\/Ma\u0142a-Ksi\u0105\u017cka-Wielki-Cz\u0142owiek-Plakat-m.jpg\" alt=\"\" class=\"wp-image-7230\" srcset=\"https:\/\/bibliotekamoscisko.pl\/wp-content\/uploads\/2018\/09\/Ma\u0142a-Ksi\u0105\u017cka-Wielki-Cz\u0142owiek-Plakat-m.jpg 632w, https:\/\/bibliotekamoscisko.pl\/wp-content\/uploads\/2018\/09\/Ma\u0142a-Ksi\u0105\u017cka-Wielki-Cz\u0142owiek-Plakat-m-211x300.jpg 211w, https:\/\/bibliotekamoscisko.pl\/wp-content\/uploads\/2018\/09\/Ma\u0142a-Ksi\u0105\u017cka-Wielki-Cz\u0142owiek-Plakat-m-1x1.jpg 1w\" sizes=\"(max-width: 632px) 100vw, 632px\" \/><\/figure>\n","protected":false},"excerpt":{"rendered":"<p>Bezp\u0142atna Wyprawka Czytelnicza dla ka\u017cdego przedszkolaka Najwy\u017cszy czas przygotowa\u0107 si\u0119 na d\u0142ugie jesienne wieczory i popo\u0142udnia, podczas kt\u00f3rych nie powinno zabrakn\u0105\u0107 dobrej ksi\u0105\u017cki \u2013 dla rodzica i dla dziecka.&nbsp; Warto [&hellip;]<\/p>\n","protected":false},"author":1,"featured_media":0,"comment_status":"closed","ping_status":"closed","sticky":false,"template":"","format":"standard","meta":{"ngg_post_thumbnail":0,"footnotes":""},"categories":[1],"tags":[],"class_list":["post-10686","post","type-post","status-publish","format-standard","hentry","category-uncategorized"],"_links":{"self":[{"href":"https:\/\/bibliotekamoscisko.pl\/index.php?rest_route=\/wp\/v2\/posts\/10686","targetHints":{"allow":["GET"]}}],"collection":[{"href":"https:\/\/bibliotekamoscisko.pl\/index.php?rest_route=\/wp\/v2\/posts"}],"about":[{"href":"https:\/\/bibliotekamoscisko.pl\/index.php?rest_route=\/wp\/v2\/types\/post"}],"author":[{"embeddable":true,"href":"https:\/\/bibliotekamoscisko.pl\/index.php?rest_route=\/wp\/v2\/users\/1"}],"replies":[{"embeddable":true,"href":"https:\/\/bibliotekamoscisko.pl\/index.php?rest_route=%2Fwp%2Fv2%2Fcomments&post=10686"}],"version-history":[{"count":2,"href":"https:\/\/bibliotekamoscisko.pl\/index.php?rest_route=\/wp\/v2\/posts\/10686\/revisions"}],"predecessor-version":[{"id":10690,"href":"https:\/\/bibliotekamoscisko.pl\/index.php?rest_route=\/wp\/v2\/posts\/10686\/revisions\/10690"}],"wp:attachment":[{"href":"https:\/\/bibliotekamoscisko.pl\/index.php?rest_route=%2Fwp%2Fv2%2Fmedia&parent=10686"}],"wp:term":[{"taxonomy":"category","embeddable":true,"href":"https:\/\/bibliotekamoscisko.pl\/index.php?rest_route=%2Fwp%2Fv2%2Fcategories&post=10686"},{"taxonomy":"post_tag","embeddable":true,"href":"https:\/\/bibliotekamoscisko.pl\/index.php?rest_route=%2Fwp%2Fv2%2Ftags&post=10686"}],"curies":[{"name":"wp","href":"https:\/\/api.w.org\/{rel}","templated":true}]}}