{"id":10799,"date":"2020-10-30T00:00:11","date_gmt":"2020-10-30T00:00:11","guid":{"rendered":"http:\/\/bibliotekamoscisko.pl\/?p=10799"},"modified":"2021-10-11T11:22:46","modified_gmt":"2021-10-11T11:22:46","slug":"legendy-i-opowiesci-z-gminy-dzierzoniow","status":"publish","type":"post","link":"https:\/\/bibliotekamoscisko.pl\/?p=10799","title":{"rendered":"Legendy i opowie\u015bci z Gminy Dzier\u017coni\u00f3w"},"content":{"rendered":"\n<figure class=\"wp-block-image size-large\"><img fetchpriority=\"high\" decoding=\"async\" width=\"512\" height=\"720\" src=\"http:\/\/bibliotekamoscisko.pl\/wp-content\/uploads\/2020\/10\/okladka-II.jpg\" alt=\"\" class=\"wp-image-10796\" srcset=\"https:\/\/bibliotekamoscisko.pl\/wp-content\/uploads\/2020\/10\/okladka-II.jpg 512w, https:\/\/bibliotekamoscisko.pl\/wp-content\/uploads\/2020\/10\/okladka-II-213x300.jpg 213w\" sizes=\"(max-width: 512px) 100vw, 512px\" \/><\/figure>\n\n\n\n<p class=\"has-text-align-center has-large-font-size\"><a rel=\"noreferrer noopener\" href=\"https:\/\/online.pubhtml5.com\/ljdk\/znhq\/\" target=\"_blank\">&#8211;zajrzyj i przeczytaj&#8211;<\/a><\/p>\n\n\n\n<figure class=\"wp-block-image size-large\"><img decoding=\"async\" width=\"1024\" height=\"319\" src=\"http:\/\/bibliotekamoscisko.pl\/wp-content\/uploads\/2020\/10\/zadanie-sfinansowane-1024x319.jpg\" alt=\"\" class=\"wp-image-10797\" srcset=\"https:\/\/bibliotekamoscisko.pl\/wp-content\/uploads\/2020\/10\/zadanie-sfinansowane-1024x319.jpg 1024w, https:\/\/bibliotekamoscisko.pl\/wp-content\/uploads\/2020\/10\/zadanie-sfinansowane-300x94.jpg 300w, https:\/\/bibliotekamoscisko.pl\/wp-content\/uploads\/2020\/10\/zadanie-sfinansowane-768x239.jpg 768w, https:\/\/bibliotekamoscisko.pl\/wp-content\/uploads\/2020\/10\/zadanie-sfinansowane.jpg 1354w\" sizes=\"(max-width: 1024px) 100vw, 1024px\" \/><\/figure>\n\n\n\n<p class=\"has-text-align-center\">Od po\u0142owy 2019 roku pod skrzyd\u0142ami Biblioteki Publicznej Gminy Dzier\u017coni\u00f3w im. W\u0142adys\u0142awa Reymonta trwa\u0142y intensywne prace nad stworzeniem wyj\u0105tkowej publikacji \u0142\u0105cz\u0105cej mieszka\u0144c\u00f3w naszej gminy. Mi\u0142o nam przedstawi\u0107 Pa\u0144stwu elektroniczn\u0105 wersj\u0119 <strong>\u201eLegend i opowie\u015bci z Gminy Dzier\u017coni\u00f3w\u201d.<\/strong> Napisania ksi\u0105\u017cki podj\u0119\u0142a si\u0119 Janina Weretka-Piechowiak, kt\u00f3ra sp\u0119dzi\u0142a sporo czasu nadaj\u0105c odpowiedni\u0105 form\u0119 fragmentom opowiada\u0144 i si\u0119gaj\u0105c do niemieckoj\u0119zycznych \u017ar\u00f3de\u0142.                    O nietuzinkowe ilustracje zadba\u0142a Kamila Karst \u2013 artystka ze \u015awidnicy.&nbsp;Po bliskich sercom mieszka\u0144c\u00f3w terenach kr\u0105\u017cy kilkana\u015bcie opowie\u015bci zwi\u0105zanych z wydarzeniami historycznymi, charakterystycznymi miejscami i codziennym \u017cyciem, w kt\u00f3re wci\u0105\u017c wpl\u0105tuj\u0105 si\u0119 przes\u0105dy, emocje i \u015bwiat niematerialny. &nbsp;Opowiadania te, przekazywane z pokolenia na pokolenie, s\u0105 warte uwagi a ich spisanie, jak pisze Jadwiga Horanin &nbsp;we wst\u0119pie do legend, to nasza szansa na zachowanie w zbiorowej pami\u0119ci historii materialnej i duchowej. &nbsp;&nbsp;&nbsp;&nbsp;&nbsp;&nbsp;&nbsp;&nbsp;&nbsp;&nbsp;&nbsp;&nbsp; <\/p>\n\n\n\n<p>\u017byczymy Pa\u0144stwu dobrej lektury i mamy nadziej\u0119, \u017ce publikacja ju\u017c nied\u0142ugo b\u0119dzie si\u0119 mog\u0142a ukaza\u0107 w formie papierowej.<\/p>\n\n\n\n<p class=\"has-text-align-center\">\u0141\u0105czny koszt zadania wyni\u00f3s\u0142 10&nbsp;500 z\u0142. Na jego realizacj\u0119 pozyskano                 9 900 z\u0142. <\/p>\n\n\n\n<p class=\"has-text-align-center\">Wk\u0142ad w\u0142asny stanowi\u0142 600 z\u0142.<\/p>\n","protected":false},"excerpt":{"rendered":"<p>&#8211;zajrzyj i przeczytaj&#8211; Od po\u0142owy 2019 roku pod skrzyd\u0142ami Biblioteki Publicznej Gminy Dzier\u017coni\u00f3w im. W\u0142adys\u0142awa Reymonta trwa\u0142y intensywne prace nad stworzeniem wyj\u0105tkowej publikacji \u0142\u0105cz\u0105cej mieszka\u0144c\u00f3w naszej gminy. Mi\u0142o nam przedstawi\u0107 [&hellip;]<\/p>\n","protected":false},"author":1,"featured_media":0,"comment_status":"closed","ping_status":"closed","sticky":false,"template":"","format":"standard","meta":{"ngg_post_thumbnail":0,"footnotes":""},"categories":[1],"tags":[],"class_list":["post-10799","post","type-post","status-publish","format-standard","hentry","category-uncategorized"],"_links":{"self":[{"href":"https:\/\/bibliotekamoscisko.pl\/index.php?rest_route=\/wp\/v2\/posts\/10799","targetHints":{"allow":["GET"]}}],"collection":[{"href":"https:\/\/bibliotekamoscisko.pl\/index.php?rest_route=\/wp\/v2\/posts"}],"about":[{"href":"https:\/\/bibliotekamoscisko.pl\/index.php?rest_route=\/wp\/v2\/types\/post"}],"author":[{"embeddable":true,"href":"https:\/\/bibliotekamoscisko.pl\/index.php?rest_route=\/wp\/v2\/users\/1"}],"replies":[{"embeddable":true,"href":"https:\/\/bibliotekamoscisko.pl\/index.php?rest_route=%2Fwp%2Fv2%2Fcomments&post=10799"}],"version-history":[{"count":8,"href":"https:\/\/bibliotekamoscisko.pl\/index.php?rest_route=\/wp\/v2\/posts\/10799\/revisions"}],"predecessor-version":[{"id":10852,"href":"https:\/\/bibliotekamoscisko.pl\/index.php?rest_route=\/wp\/v2\/posts\/10799\/revisions\/10852"}],"wp:attachment":[{"href":"https:\/\/bibliotekamoscisko.pl\/index.php?rest_route=%2Fwp%2Fv2%2Fmedia&parent=10799"}],"wp:term":[{"taxonomy":"category","embeddable":true,"href":"https:\/\/bibliotekamoscisko.pl\/index.php?rest_route=%2Fwp%2Fv2%2Fcategories&post=10799"},{"taxonomy":"post_tag","embeddable":true,"href":"https:\/\/bibliotekamoscisko.pl\/index.php?rest_route=%2Fwp%2Fv2%2Ftags&post=10799"}],"curies":[{"name":"wp","href":"https:\/\/api.w.org\/{rel}","templated":true}]}}