{"id":10856,"date":"2020-11-02T14:35:18","date_gmt":"2020-11-02T14:35:18","guid":{"rendered":"http:\/\/bibliotekamoscisko.pl\/?p=10856"},"modified":"2020-11-02T14:49:42","modified_gmt":"2020-11-02T14:49:42","slug":"czy-spadajace-gwiazdy-spelniaja-zyczenia","status":"publish","type":"post","link":"https:\/\/bibliotekamoscisko.pl\/?p=10856","title":{"rendered":"Czy spadaj\u0105ce gwiazdy spe\u0142niaj\u0105 \u017cyczenia?"},"content":{"rendered":"\n<p>Od 2 listopada w <strong>Bibliotece Publicznej Gminy Dzier\u017coni\u00f3w im. W\u0142adys\u0142awa Reymonta <\/strong>ogl\u0105da\u0107 mo\u017cna wystaw\u0119 \u201eNiesamowity wszech\u015bwiat\u201d inspirowan\u0105 ksi\u0105\u017ck\u0105 Karoliny B\u0105kowskiej. Autorka po\u015bwi\u0119ci\u0142a si\u0119 astronomii i zdoby\u0142a doktorat z fizyki o tej specjalno\u015bci. Ju\u017c w wieku dw\u00f3ch lat pyta\u0142a, gdzie na niebie jest Kasjopeja oraz dlaczego S\u0142o\u0144ce \u015bwieci.<br>&nbsp;Wspania\u0142e ilustracje Asi Gwis, Absolwentki Wydzia\u0142u Grafiki i Malarstwa ASP w \u0141odzi, &nbsp;przyci\u0105gaj\u0105 wzrok indywidualnym stylem graficznym.<\/p>\n\n\n\n<p>Od najdawniejszych czas\u00f3w ludzie chcieli dowiedzie\u0107 si\u0119 jak najwi\u0119cej o naszej planecie \u2013 Ziemi. Zadawali podstawowe pytania. Dlaczego niebo jest niebieskie? Dlaczego zmieniaj\u0105 si\u0119 pory roku lub d\u0142ugo\u015b\u0107 dnia i nocy? Czym s\u0105 za\u0107mienia S\u0142o\u0144ca i Ksi\u0119\u017cyca? Jednak rozwi\u0105zanie tych zagadek zaj\u0119\u0142o wiele setek, czasem nawet tysi\u0119cy lat. Je\u015bli chcecie wiedzie\u0107, czy spadaj\u0105ce gwiazdy spe\u0142niaj\u0105 \u017cyczenia oraz dlaczego komety nie sprowadzaj\u0105 nieszcz\u0119\u015b\u0107, to jak najszybciej wybierzcie si\u0119 w kosmiczn\u0105 podr\u00f3\u017c razem z nami!<\/p>\n\n\n\n<figure class=\"wp-block-image size-large\"><img fetchpriority=\"high\" decoding=\"async\" width=\"550\" height=\"766\" src=\"http:\/\/bibliotekamoscisko.pl\/wp-content\/uploads\/2020\/11\/plakat.jpg\" alt=\"\" class=\"wp-image-10857\" srcset=\"https:\/\/bibliotekamoscisko.pl\/wp-content\/uploads\/2020\/11\/plakat.jpg 550w, https:\/\/bibliotekamoscisko.pl\/wp-content\/uploads\/2020\/11\/plakat-215x300.jpg 215w\" sizes=\"(max-width: 550px) 100vw, 550px\" \/><\/figure>\n\n\n\n<p>Wystaw\u0119, dzi\u0119ki uprzejmo\u015bci wydawnictwa Nasza Ksi\u0119garnia, mo\u017cna b\u0119dzie ogl\u0105da\u0107 do ko\u0144ca grudnia. Zapraszamy!<\/p>\n","protected":false},"excerpt":{"rendered":"<p>Od 2 listopada w Bibliotece Publicznej Gminy Dzier\u017coni\u00f3w im. W\u0142adys\u0142awa Reymonta ogl\u0105da\u0107 mo\u017cna wystaw\u0119 \u201eNiesamowity wszech\u015bwiat\u201d inspirowan\u0105 ksi\u0105\u017ck\u0105 Karoliny B\u0105kowskiej. Autorka po\u015bwi\u0119ci\u0142a si\u0119 astronomii i zdoby\u0142a doktorat z fizyki o [&hellip;]<\/p>\n","protected":false},"author":1,"featured_media":0,"comment_status":"closed","ping_status":"closed","sticky":false,"template":"","format":"standard","meta":{"ngg_post_thumbnail":0,"footnotes":""},"categories":[1],"tags":[],"class_list":["post-10856","post","type-post","status-publish","format-standard","hentry","category-uncategorized"],"_links":{"self":[{"href":"https:\/\/bibliotekamoscisko.pl\/index.php?rest_route=\/wp\/v2\/posts\/10856","targetHints":{"allow":["GET"]}}],"collection":[{"href":"https:\/\/bibliotekamoscisko.pl\/index.php?rest_route=\/wp\/v2\/posts"}],"about":[{"href":"https:\/\/bibliotekamoscisko.pl\/index.php?rest_route=\/wp\/v2\/types\/post"}],"author":[{"embeddable":true,"href":"https:\/\/bibliotekamoscisko.pl\/index.php?rest_route=\/wp\/v2\/users\/1"}],"replies":[{"embeddable":true,"href":"https:\/\/bibliotekamoscisko.pl\/index.php?rest_route=%2Fwp%2Fv2%2Fcomments&post=10856"}],"version-history":[{"count":2,"href":"https:\/\/bibliotekamoscisko.pl\/index.php?rest_route=\/wp\/v2\/posts\/10856\/revisions"}],"predecessor-version":[{"id":10859,"href":"https:\/\/bibliotekamoscisko.pl\/index.php?rest_route=\/wp\/v2\/posts\/10856\/revisions\/10859"}],"wp:attachment":[{"href":"https:\/\/bibliotekamoscisko.pl\/index.php?rest_route=%2Fwp%2Fv2%2Fmedia&parent=10856"}],"wp:term":[{"taxonomy":"category","embeddable":true,"href":"https:\/\/bibliotekamoscisko.pl\/index.php?rest_route=%2Fwp%2Fv2%2Fcategories&post=10856"},{"taxonomy":"post_tag","embeddable":true,"href":"https:\/\/bibliotekamoscisko.pl\/index.php?rest_route=%2Fwp%2Fv2%2Ftags&post=10856"}],"curies":[{"name":"wp","href":"https:\/\/api.w.org\/{rel}","templated":true}]}}