{"id":1105,"date":"2014-12-04T10:46:08","date_gmt":"2014-12-04T10:46:08","guid":{"rendered":"http:\/\/bibliotekamoscisko.pl\/?p=1105"},"modified":"2014-12-04T10:46:08","modified_gmt":"2014-12-04T10:46:08","slug":"jesienny-czarodziej","status":"publish","type":"post","link":"https:\/\/bibliotekamoscisko.pl\/?p=1105","title":{"rendered":"Jesienny Czarodziej"},"content":{"rendered":"<p>\u015arodowe spotkanie z ksi\u0105\u017ck\u0105<\/p>\n<p><strong>Jesienny Czarodziej<\/strong><\/p>\n<p><strong>\u00a0<\/strong><\/p>\n<p>Dnia 3.XII Bibliotek\u0119 Publiczno-Szkoln\u0105 w Pi\u0142awie Dolnej odwiedzi\u0142y przedszkolaki z wychowawcami Joann\u0105 Mrzyg\u0142\u00f3d, Renat\u0105 Kajkowsk\u0105.<\/p>\n<p>Na dzieci czekali uczniowie klasy III Szko\u0142y Podstawowej w Pi\u0142awie Dolnej, Kewin Drzewiecki, Szymon Polkowski, Kacper Miszczyk, Marcel Szmigiel.<\/p>\n<p>Zaprezentowali oni swoim m\u0142odszym kolegom, zabawne, kolorowe wiersze o jesieni, m.in. utw\u00f3r A. Chodorowskiej \u2013 \u201eJarz\u0119bina\u201d, D. \u015alepowro\u0144skiej \u2013 \u201eJesienny czarodziej\u201d, czy D. Wawi\u0142ow \u2013 \u201eKa\u0142u\u017cy\u015bci\u201d.<\/p>\n<div id='gallery-1' class='gallery galleryid-1105 gallery-columns-3 gallery-size-thumbnail'><figure class='gallery-item'>\n\t\t\t<div class='gallery-icon landscape'>\n\t\t\t\t<a href='https:\/\/bibliotekamoscisko.pl\/?attachment_id=1111'><img decoding=\"async\" width=\"150\" height=\"150\" src=\"https:\/\/bibliotekamoscisko.pl\/wp-content\/uploads\/2014\/12\/IMG_1734-150x150.jpeg\" class=\"attachment-thumbnail size-thumbnail\" alt=\"\" \/><\/a>\n\t\t\t<\/div><\/figure>\n\t\t<\/div>\n\n<p>Jesie\u0144 to pora roku, kt\u00f3ra przynosi nam wiele dar\u00f3w, owoce, warzywa , czerwon\u0105 jarz\u0119bin\u0119, kasztany, \u017co\u0142\u0119dzie z kt\u00f3rych dzieci wyczarowuj\u0105 zabawne figurki. Jesie\u0144 to czas na przemy\u015blenia, na odpoczynek dla przyrody, pojawiaj\u0105 si\u0119 kolorowe parasole i kalosze, kt\u00f3re lubi\u0105 nasi milusi\u0144scy. W\u0142a\u015bnie dzisiaj dzieci przynios\u0142y parasole, \u015bpiewaj\u0105c przy akompaniamencie muzycznym piosenk\u0119 pod tytu\u0142em \u201eKolorowy deszcz\u201d, ta\u0144cz\u0105c, spaceruj\u0105c, w\u015br\u00f3d zaprzyja\u017anionych ksi\u0105\u017cek.<\/p>\n<p>Naszemu spotkaniu towarzyszy\u0142 pyszny humor, smakowite owoce, kt\u00f3rymi zajada\u0142y si\u0119 dzieci.<\/p>\n<p>&nbsp;<\/p>\n<p><em>\u201eJestem jesie\u0144 z pe\u0142nym koszem.<\/em><\/p>\n<p><em>Dobre rzeczy wam przynosz\u0119:<\/em><\/p>\n<p><em>Mam kapust\u0119 do kiszenia,<\/em><\/p>\n<p><em>Dobre grzyby do suszenia<\/em><\/p>\n<p><em>S\u0142odkie \u015bliwki<\/em><\/p>\n<p><em>I bor\u00f3wki<\/em><\/p>\n<p><em>Pyszne jab\u0142ka<\/em><\/p>\n<p><em>No i gruszki<\/em><\/p>\n<p><em>Bergamuty\u201d<\/em><\/p>\n<p><em>Maria Terlikowska<\/em><\/p>\n<p><em>\u00a0<\/em><\/p>\n<p><em>\u00a0<\/em><\/p>\n<p>Dzi\u0119kuj\u0119 za spotkanie.<\/p>\n<p>Wanda Kun<\/p>\n<p><em>\u00a0<\/em><\/p>\n<p><em>\u00a0<\/em><\/p>\n<p>&nbsp;<\/p>\n","protected":false},"excerpt":{"rendered":"<p>\u015arodowe spotkanie z ksi\u0105\u017ck\u0105 Jesienny Czarodziej \u00a0 Dnia 3.XII Bibliotek\u0119 Publiczno-Szkoln\u0105 w Pi\u0142awie Dolnej odwiedzi\u0142y przedszkolaki z wychowawcami Joann\u0105 Mrzyg\u0142\u00f3d, Renat\u0105 Kajkowsk\u0105. Na dzieci czekali uczniowie klasy III Szko\u0142y Podstawowej [&hellip;]<\/p>\n","protected":false},"author":1,"featured_media":1114,"comment_status":"closed","ping_status":"open","sticky":false,"template":"","format":"standard","meta":{"ngg_post_thumbnail":0,"footnotes":""},"categories":[1],"tags":[],"class_list":["post-1105","post","type-post","status-publish","format-standard","has-post-thumbnail","hentry","category-uncategorized"],"_links":{"self":[{"href":"https:\/\/bibliotekamoscisko.pl\/index.php?rest_route=\/wp\/v2\/posts\/1105","targetHints":{"allow":["GET"]}}],"collection":[{"href":"https:\/\/bibliotekamoscisko.pl\/index.php?rest_route=\/wp\/v2\/posts"}],"about":[{"href":"https:\/\/bibliotekamoscisko.pl\/index.php?rest_route=\/wp\/v2\/types\/post"}],"author":[{"embeddable":true,"href":"https:\/\/bibliotekamoscisko.pl\/index.php?rest_route=\/wp\/v2\/users\/1"}],"replies":[{"embeddable":true,"href":"https:\/\/bibliotekamoscisko.pl\/index.php?rest_route=%2Fwp%2Fv2%2Fcomments&post=1105"}],"version-history":[{"count":1,"href":"https:\/\/bibliotekamoscisko.pl\/index.php?rest_route=\/wp\/v2\/posts\/1105\/revisions"}],"predecessor-version":[{"id":1115,"href":"https:\/\/bibliotekamoscisko.pl\/index.php?rest_route=\/wp\/v2\/posts\/1105\/revisions\/1115"}],"wp:featuredmedia":[{"embeddable":true,"href":"https:\/\/bibliotekamoscisko.pl\/index.php?rest_route=\/wp\/v2\/media\/1114"}],"wp:attachment":[{"href":"https:\/\/bibliotekamoscisko.pl\/index.php?rest_route=%2Fwp%2Fv2%2Fmedia&parent=1105"}],"wp:term":[{"taxonomy":"category","embeddable":true,"href":"https:\/\/bibliotekamoscisko.pl\/index.php?rest_route=%2Fwp%2Fv2%2Fcategories&post=1105"},{"taxonomy":"post_tag","embeddable":true,"href":"https:\/\/bibliotekamoscisko.pl\/index.php?rest_route=%2Fwp%2Fv2%2Ftags&post=1105"}],"curies":[{"name":"wp","href":"https:\/\/api.w.org\/{rel}","templated":true}]}}