{"id":11220,"date":"2021-04-09T07:58:01","date_gmt":"2021-04-09T07:58:01","guid":{"rendered":"http:\/\/bibliotekamoscisko.pl\/?p=11220"},"modified":"2021-04-09T07:58:06","modified_gmt":"2021-04-09T07:58:06","slug":"bezplatne-maseczki-w-bibliotekach","status":"publish","type":"post","link":"https:\/\/bibliotekamoscisko.pl\/?p=11220","title":{"rendered":"Bezp\u0142atne maseczki w bibliotekach"},"content":{"rendered":"\n<h2 class=\"wp-block-heading\"><\/h2>\n\n\n\n<figure class=\"wp-block-image\"><img decoding=\"async\" src=\"https:\/\/www.ug.dzierzoniow.pl\/aktualnosci\/2021\/a04\/mdmgd_00.jpg\" alt=\"aktualno\u015bci Gmina Dzier\u017coni\u00f3w\"\/><figcaption>Zdj\u0119cie: Starostwo Powiatowe w Dzier\u017coniowie<\/figcaption><\/figure>\n\n\n\n<p>Mieszka\u0144cy naszej gminy b\u0119d\u0105 mogli otrzyma\u0107 bezp\u0142atnie maseczk\u0119, kt\u00f3ra zmniejsza ryzyko zaka\u017cenia COVID-19. Wszystko dzi\u0119ki wsp\u00f3\u0142pracy starosty dzier\u017coniowskiego Grzegorza Kosowskiego i wojewody dolno\u015bl\u0105skiego Jaros\u0142awa Obremskiego, przy udziale wicewojewody Jaros\u0142awa Kresy, w ramach kt\u00f3rej powiat dzier\u017coniowski otrzyma\u0142 50 000 maseczek.<\/p>\n\n\n\n<p>7 i 8 kwietnia starosta przekaza\u0142 otrzymane materia\u0142y na r\u0119ce burmistrz\u00f3w, w\u00f3jt\u00f3w oraz innych przedstawicieli gmin powiatu dzier\u017coniowskiego.<\/p>\n\n\n\n<p>4000 maseczek trafi do mieszka\u0144c\u00f3w gminy Dzier\u017coni\u00f3w. Od dzisiaj b\u0119dzie je mo\u017cna odebra\u0107 w kilkunastu punktach:<\/p>\n\n\n\n<ul class=\"wp-block-list\"><li>ko\u015bci\u00f3\u0142 \u015bw. Piotra i Paw\u0142a w Dobrocinie (w godzinach trwania nabo\u017ce\u0144stw),<\/li><li>J\u0119drzejowice &#8211; so\u0142tys,<\/li><li>Jod\u0142ownik &#8211; so\u0142tys,<\/li><li>Kie\u0142czyn &#8211; Sklep Og\u00f3lnospo\u017cywczy, Kie\u0142czyn 42 B,<\/li><li>Ksi\u0105\u017cnica &#8211; Sklep Spo\u017cywczo-Przemys\u0142owy, Ksi\u0105\u017cnica 50,<\/li><li>Biblioteka Publiczna Gminy Dzier\u017coni\u00f3w im. W\u0142adys\u0142awa Reymonta w Mo\u015bcisku (w godz. 8:00 &#8211; 17:00),<\/li><li>My\u015blisz\u00f3w &#8211; so\u0142tys,<\/li><li>Nowizna &#8211; so\u0142tys,<\/li><li>Ostroszowice &#8211; biblioteka (w godz. 8:30 &#8211; 14:30),<\/li><li>Owiesno &#8211; biblioteka (w godz. 12:30 &#8211; 17:00),<\/li><li>Pi\u0142awa Dolna &#8211; biblioteka (w godz. 8:00 &#8211; 16:00), sklep &#8222;Kaprysek&#8221; przy ul. G\u0142\u00f3wnej 98 C oraz Sklep Spo\u017cywczo-Przemys\u0142owy przy ul. G\u0142\u00f3wnej 74a,<\/li><li>Roztocznik &#8211; biblioteka (w godz. 15:30 &#8211; 19:00),<\/li><li>Tuszyn &#8211; biblioteka (w godz. 11:00 &#8211; 16:30),<\/li><li>Uciech\u00f3w &#8211; biblioteka (w godz. 8:00 &#8211; 16:00),<\/li><li>W\u0142\u00f3ki &#8211; sklep wielobran\u017cowy, W\u0142\u00f3ki 68.<\/li><\/ul>\n\n\n\n<figure class=\"wp-block-embed\"><div class=\"wp-block-embed__wrapper\">\nhttps:\/\/www.ug.dzierzoniow.pl\n<\/div><\/figure>\n\n\n\n<p><\/p>\n","protected":false},"excerpt":{"rendered":"<p>Mieszka\u0144cy naszej gminy b\u0119d\u0105 mogli otrzyma\u0107 bezp\u0142atnie maseczk\u0119, kt\u00f3ra zmniejsza ryzyko zaka\u017cenia COVID-19. Wszystko dzi\u0119ki wsp\u00f3\u0142pracy starosty dzier\u017coniowskiego Grzegorza Kosowskiego i wojewody dolno\u015bl\u0105skiego Jaros\u0142awa Obremskiego, przy udziale wicewojewody Jaros\u0142awa Kresy, [&hellip;]<\/p>\n","protected":false},"author":1,"featured_media":0,"comment_status":"closed","ping_status":"closed","sticky":false,"template":"","format":"standard","meta":{"ngg_post_thumbnail":0,"footnotes":""},"categories":[1],"tags":[],"class_list":["post-11220","post","type-post","status-publish","format-standard","hentry","category-uncategorized"],"_links":{"self":[{"href":"https:\/\/bibliotekamoscisko.pl\/index.php?rest_route=\/wp\/v2\/posts\/11220","targetHints":{"allow":["GET"]}}],"collection":[{"href":"https:\/\/bibliotekamoscisko.pl\/index.php?rest_route=\/wp\/v2\/posts"}],"about":[{"href":"https:\/\/bibliotekamoscisko.pl\/index.php?rest_route=\/wp\/v2\/types\/post"}],"author":[{"embeddable":true,"href":"https:\/\/bibliotekamoscisko.pl\/index.php?rest_route=\/wp\/v2\/users\/1"}],"replies":[{"embeddable":true,"href":"https:\/\/bibliotekamoscisko.pl\/index.php?rest_route=%2Fwp%2Fv2%2Fcomments&post=11220"}],"version-history":[{"count":2,"href":"https:\/\/bibliotekamoscisko.pl\/index.php?rest_route=\/wp\/v2\/posts\/11220\/revisions"}],"predecessor-version":[{"id":11222,"href":"https:\/\/bibliotekamoscisko.pl\/index.php?rest_route=\/wp\/v2\/posts\/11220\/revisions\/11222"}],"wp:attachment":[{"href":"https:\/\/bibliotekamoscisko.pl\/index.php?rest_route=%2Fwp%2Fv2%2Fmedia&parent=11220"}],"wp:term":[{"taxonomy":"category","embeddable":true,"href":"https:\/\/bibliotekamoscisko.pl\/index.php?rest_route=%2Fwp%2Fv2%2Fcategories&post=11220"},{"taxonomy":"post_tag","embeddable":true,"href":"https:\/\/bibliotekamoscisko.pl\/index.php?rest_route=%2Fwp%2Fv2%2Ftags&post=11220"}],"curies":[{"name":"wp","href":"https:\/\/api.w.org\/{rel}","templated":true}]}}