{"id":11224,"date":"2021-04-15T09:52:28","date_gmt":"2021-04-15T09:52:28","guid":{"rendered":"http:\/\/bibliotekamoscisko.pl\/?p=11224"},"modified":"2021-04-15T10:09:41","modified_gmt":"2021-04-15T10:09:41","slug":"rozowa-skrzyneczka-w-bibliotece","status":"publish","type":"post","link":"https:\/\/bibliotekamoscisko.pl\/?p=11224","title":{"rendered":"R\u00f3\u017cowa skrzyneczka w bibliotece!"},"content":{"rendered":"\n<p>W Bibliotece Publicznej Gminy Dzier\u017coni\u00f3w im. W\u0142adys\u0142awa Reymonta w Mo\u015bcisku zawis\u0142a r\u00f3\u017cowa skrzyneczka. Jest to oddolna inicjatywa, kt\u00f3rej celem ma by\u0107 walka z wykluczeniem menstruacyjnym oraz zapewnienie szerokiego dost\u0119pu do bezp\u0142atnych podpasek i tampon\u00f3w w przestrzeni publicznej. Z trudno\u015bciami spowodowanymi niedost\u0119pno\u015bci\u0105 \u015brodk\u00f3w higienicznych w instytucjach publicznych spotyka si\u0119 \u00a0ka\u017cda z nas \u2013 w szko\u0142ach, uczelniach, urz\u0119dach czy bibliotekach. Nasza biblioteka postanowi\u0142a pom\u00f3c zar\u00f3wno tym, kt\u00f3rzy w ferworze zaj\u0119\u0107 zapomnieli zabra\u0107 swojej podpaski, jak i tym, kt\u00f3rym zabrak\u0142o na nie funduszy. Je\u015bli jeste\u015bcie w potrzebie \u2013 zajrzyjcie!<\/p>\n\n\n\n<figure class=\"wp-block-image size-large is-style-rounded\"><img fetchpriority=\"high\" decoding=\"async\" width=\"850\" height=\"638\" src=\"http:\/\/bibliotekamoscisko.pl\/wp-content\/uploads\/2021\/04\/rozowa-skrzyneczka.jpg\" alt=\"\" class=\"wp-image-11225\" srcset=\"https:\/\/bibliotekamoscisko.pl\/wp-content\/uploads\/2021\/04\/rozowa-skrzyneczka.jpg 850w, https:\/\/bibliotekamoscisko.pl\/wp-content\/uploads\/2021\/04\/rozowa-skrzyneczka-300x225.jpg 300w, https:\/\/bibliotekamoscisko.pl\/wp-content\/uploads\/2021\/04\/rozowa-skrzyneczka-768x576.jpg 768w\" sizes=\"(max-width: 850px) 100vw, 850px\" \/><\/figure>\n\n\n\n<p>&nbsp;Dodatkowym atutem jest r\u00f3wnie\u017c zadbanie o \u015brodowisko. Podpaski, kt\u00f3re znajdziecie w skrzynce s\u0105 biodegradowalne.<\/p>\n\n\n\n<p class=\"has-text-align-center\">Biblioteka jest kobiet\u0105!<\/p>\n\n\n\n<p>Akcj\u0119 mo\u017cna wspom\u00f3c na: <a href=\"https:\/\/l.facebook.com\/l.php?u=https%3A%2F%2Fzrzutka.pl%2Favw5st%3Ffbclid%3DIwAR3blh_mHQRg_VF7X-zsa61q9F5uzq7PZNT5D6-siyo7dy51NF7s4AeF1xs&amp;h=AT2DfO7XrJk_e49Nxuo1EieMNYlbWBvHOJ2tKJH6XR23n-dmUlLyp9KVakng_T7PxMBojtHkt24xuJYoIZxNikJpdtN9P14vPI4dd6dUAhRI8yN6jAFilvYt5x5AGB1JfdK3UKvRqcVWEDHXCqeL&amp;__tn__=-UK-R&amp;c%5b0%5d=AT1mUeY-WKjvqSc_egR3jBPNpcCUnvbSwaN0lNAdTNuZqfA2GQVacGdzXpxL03DHv-FYbMTVbddCAAhxuN7fMXj5HSdDw0AbIh1-6jiTCmxi_PYBkpe01dgXFb2uTST_4VtwGeV6yis90cTkYP9sPn0-IAXN0fGMd_SieCkOeZtX9HiaC4jREAqPf0Nwv4epkB7q\">https:\/\/zrzutka.pl\/avw5st<\/a><\/p>\n\n\n\n<p>Serdecznie dzi\u0119kujemy Piotrowi Kujawie za pomoc przy zainstalowaniu skrzynki.<\/p>\n","protected":false},"excerpt":{"rendered":"<p>W Bibliotece Publicznej Gminy Dzier\u017coni\u00f3w im. W\u0142adys\u0142awa Reymonta w Mo\u015bcisku zawis\u0142a r\u00f3\u017cowa skrzyneczka. Jest to oddolna inicjatywa, kt\u00f3rej celem ma by\u0107 walka z wykluczeniem menstruacyjnym oraz zapewnienie szerokiego dost\u0119pu do [&hellip;]<\/p>\n","protected":false},"author":1,"featured_media":0,"comment_status":"closed","ping_status":"closed","sticky":false,"template":"","format":"standard","meta":{"ngg_post_thumbnail":0,"footnotes":""},"categories":[1],"tags":[],"class_list":["post-11224","post","type-post","status-publish","format-standard","hentry","category-uncategorized"],"_links":{"self":[{"href":"https:\/\/bibliotekamoscisko.pl\/index.php?rest_route=\/wp\/v2\/posts\/11224","targetHints":{"allow":["GET"]}}],"collection":[{"href":"https:\/\/bibliotekamoscisko.pl\/index.php?rest_route=\/wp\/v2\/posts"}],"about":[{"href":"https:\/\/bibliotekamoscisko.pl\/index.php?rest_route=\/wp\/v2\/types\/post"}],"author":[{"embeddable":true,"href":"https:\/\/bibliotekamoscisko.pl\/index.php?rest_route=\/wp\/v2\/users\/1"}],"replies":[{"embeddable":true,"href":"https:\/\/bibliotekamoscisko.pl\/index.php?rest_route=%2Fwp%2Fv2%2Fcomments&post=11224"}],"version-history":[{"count":2,"href":"https:\/\/bibliotekamoscisko.pl\/index.php?rest_route=\/wp\/v2\/posts\/11224\/revisions"}],"predecessor-version":[{"id":11228,"href":"https:\/\/bibliotekamoscisko.pl\/index.php?rest_route=\/wp\/v2\/posts\/11224\/revisions\/11228"}],"wp:attachment":[{"href":"https:\/\/bibliotekamoscisko.pl\/index.php?rest_route=%2Fwp%2Fv2%2Fmedia&parent=11224"}],"wp:term":[{"taxonomy":"category","embeddable":true,"href":"https:\/\/bibliotekamoscisko.pl\/index.php?rest_route=%2Fwp%2Fv2%2Fcategories&post=11224"},{"taxonomy":"post_tag","embeddable":true,"href":"https:\/\/bibliotekamoscisko.pl\/index.php?rest_route=%2Fwp%2Fv2%2Ftags&post=11224"}],"curies":[{"name":"wp","href":"https:\/\/api.w.org\/{rel}","templated":true}]}}