{"id":11293,"date":"2021-05-06T12:20:41","date_gmt":"2021-05-06T12:20:41","guid":{"rendered":"http:\/\/bibliotekamoscisko.pl\/?p=11293"},"modified":"2021-05-06T13:11:48","modified_gmt":"2021-05-06T13:11:48","slug":"tydzien-bibliotek-2","status":"publish","type":"post","link":"https:\/\/bibliotekamoscisko.pl\/?p=11293","title":{"rendered":"Tydzie\u0144 Bibliotek"},"content":{"rendered":"\n<figure class=\"wp-block-image size-large\"><img fetchpriority=\"high\" decoding=\"async\" width=\"724\" height=\"1024\" src=\"http:\/\/bibliotekamoscisko.pl\/wp-content\/uploads\/2021\/05\/Tydzien-Bibliotek-Pieszyce-724x1024.jpg\" alt=\"\" class=\"wp-image-11294\" srcset=\"https:\/\/bibliotekamoscisko.pl\/wp-content\/uploads\/2021\/05\/Tydzien-Bibliotek-Pieszyce-724x1024.jpg 724w, https:\/\/bibliotekamoscisko.pl\/wp-content\/uploads\/2021\/05\/Tydzien-Bibliotek-Pieszyce-212x300.jpg 212w, https:\/\/bibliotekamoscisko.pl\/wp-content\/uploads\/2021\/05\/Tydzien-Bibliotek-Pieszyce-768x1087.jpg 768w, https:\/\/bibliotekamoscisko.pl\/wp-content\/uploads\/2021\/05\/Tydzien-Bibliotek-Pieszyce.jpg 843w\" sizes=\"(max-width: 724px) 100vw, 724px\" \/><\/figure>\n\n\n\n<p><img decoding=\"async\" width=\"16\" height=\"16\" alt=\"\ud83d\udcbb\" src=\"https:\/\/static.xx.fbcdn.net\/images\/emoji.php\/v9\/te5\/1.5\/16\/1f4bb.png\"> SPOTKAJMY SI\u0118 W BIBLIOTECE ONLINE <img decoding=\"async\" width=\"16\" height=\"16\" alt=\"\ud83d\udcbb\" src=\"https:\/\/static.xx.fbcdn.net\/images\/emoji.php\/v9\/te5\/1.5\/16\/1f4bb.png\">Przed nami kolejny, wspania\u0142y Tydzie\u0144 Bibliotek! Mimo, \u017ce nie mo\u017cemy by\u0107 z Wami osobi\u015bcie, b\u0119dziemy \u015bwi\u0119towa\u0107 w Sieci! Od 10 maja do 14 maja, codziennie o godzinie 12:00 spotkamy si\u0119 z Bibliotekarzami z Powiatu Dzier\u017coniowskiego by porozmawia\u0107 o\u2026 w\u0142a\u015bnie! Przyjd\u017acie i pos\u0142uchajcie sami! Nie musicie nawet wychodzi\u0107 z domu <img decoding=\"async\" width=\"16\" height=\"16\" alt=\"\ud83d\ude42\" src=\"https:\/\/static.xx.fbcdn.net\/images\/emoji.php\/v9\/ta5\/1.5\/16\/1f642.png\"> za\u0142\u00f3\u017ccie od\u015bwi\u0119tne kapcie, zr\u00f3bcie sobie kaw\u0119 w ulubionym kubku i znajd\u017acie nas w aplikacji Microsoft Teams. <img loading=\"lazy\" decoding=\"async\" width=\"16\" height=\"16\" alt=\"\ud83d\ude09\" src=\"https:\/\/static.xx.fbcdn.net\/images\/emoji.php\/v9\/tb0\/1.5\/16\/1f609.png\"> Pok\u00f3j b\u0119dzie otwarty dla ka\u017cdego, kto chce by\u0107 z nami. Zapiszcie dat\u0119, sprawdzajcie link do pokoju i\u2026 do zobaczenia! <img loading=\"lazy\" decoding=\"async\" width=\"16\" height=\"16\" alt=\"\ud83e\udd17\" src=\"https:\/\/static.xx.fbcdn.net\/images\/emoji.php\/v9\/t10\/1.5\/16\/1f917.png\"><img loading=\"lazy\" decoding=\"async\" width=\"16\" height=\"16\" alt=\"\ud83d\udc49\" src=\"https:\/\/static.xx.fbcdn.net\/images\/emoji.php\/v9\/taa\/1.5\/16\/1f449.png\"><a href=\"https:\/\/www.facebook.com\/MBP.CK.Pieszyce\/?__cft__[0]=AZVVdhumbHxkCzF5ndQ6sI-P5MvFX-oT-8vv6eCDvlZj1Fd7tmBGlGijremnBFXYwa38j-llR4puoe6TWpKXxCF3t7FJKgMpYwziDeqo6Gkcfxowbbbyikx0cVn_p9LooeUtNiiqGZnixSsjAYKa9UizD4ujAdFsQizLcd89qrIhhGp9kqgmpYybCX7XldTRngSfY10QWlCDW1d2lF2UmED6cFW0ElvZyaGuaqyHlLLyFA&amp;__tn__=kK-y-R\">Miejska Biblioteka Publiczna &#8211; Centrum Kultury w Pieszycach<\/a><img loading=\"lazy\" decoding=\"async\" width=\"16\" height=\"16\" alt=\"\ud83d\udc49\" src=\"https:\/\/static.xx.fbcdn.net\/images\/emoji.php\/v9\/taa\/1.5\/16\/1f449.png\"><a href=\"https:\/\/www.facebook.com\/Miejsko-Powiatowa-Biblioteka-Publiczna-w-Dzier%C5%BConiowie-535487306522202\/?__cft__[0]=AZVVdhumbHxkCzF5ndQ6sI-P5MvFX-oT-8vv6eCDvlZj1Fd7tmBGlGijremnBFXYwa38j-llR4puoe6TWpKXxCF3t7FJKgMpYwziDeqo6Gkcfxowbbbyikx0cVn_p9LooeUtNiiqGZnixSsjAYKa9UizD4ujAdFsQizLcd89qrIhhGp9kqgmpYybCX7XldTRngSfY10QWlCDW1d2lF2UmED6cFW0ElvZyaGuaqyHlLLyFA&amp;__tn__=kK-y-R\">Miejsko-Powiatowa Biblioteka Publiczna w Dzier\u017coniowie<\/a><img loading=\"lazy\" decoding=\"async\" width=\"16\" height=\"16\" alt=\"\ud83d\udc49\" src=\"https:\/\/static.xx.fbcdn.net\/images\/emoji.php\/v9\/taa\/1.5\/16\/1f449.png\"><a href=\"https:\/\/www.facebook.com\/mbp.bielawa\/?__cft__[0]=AZVVdhumbHxkCzF5ndQ6sI-P5MvFX-oT-8vv6eCDvlZj1Fd7tmBGlGijremnBFXYwa38j-llR4puoe6TWpKXxCF3t7FJKgMpYwziDeqo6Gkcfxowbbbyikx0cVn_p9LooeUtNiiqGZnixSsjAYKa9UizD4ujAdFsQizLcd89qrIhhGp9kqgmpYybCX7XldTRngSfY10QWlCDW1d2lF2UmED6cFW0ElvZyaGuaqyHlLLyFA&amp;__tn__=kK-y-R\">Miejska Biblioteka Publiczna w Bielawie<\/a><img loading=\"lazy\" decoding=\"async\" width=\"16\" height=\"16\" alt=\"\ud83d\udc49\" src=\"https:\/\/static.xx.fbcdn.net\/images\/emoji.php\/v9\/taa\/1.5\/16\/1f449.png\"><a href=\"https:\/\/www.facebook.com\/bibliotekapilawa\/?__cft__[0]=AZVVdhumbHxkCzF5ndQ6sI-P5MvFX-oT-8vv6eCDvlZj1Fd7tmBGlGijremnBFXYwa38j-llR4puoe6TWpKXxCF3t7FJKgMpYwziDeqo6Gkcfxowbbbyikx0cVn_p9LooeUtNiiqGZnixSsjAYKa9UizD4ujAdFsQizLcd89qrIhhGp9kqgmpYybCX7XldTRngSfY10QWlCDW1d2lF2UmED6cFW0ElvZyaGuaqyHlLLyFA&amp;__tn__=kK-y-R\">Biblioteka w Pi\u0142awie G\u00f3rnej<\/a><img loading=\"lazy\" decoding=\"async\" width=\"16\" height=\"16\" alt=\"\ud83d\udc49\" src=\"https:\/\/static.xx.fbcdn.net\/images\/emoji.php\/v9\/taa\/1.5\/16\/1f449.png\"><a href=\"https:\/\/www.facebook.com\/gminnabibliotekapubliczna.moscisko\/?__cft__[0]=AZVVdhumbHxkCzF5ndQ6sI-P5MvFX-oT-8vv6eCDvlZj1Fd7tmBGlGijremnBFXYwa38j-llR4puoe6TWpKXxCF3t7FJKgMpYwziDeqo6Gkcfxowbbbyikx0cVn_p9LooeUtNiiqGZnixSsjAYKa9UizD4ujAdFsQizLcd89qrIhhGp9kqgmpYybCX7XldTRngSfY10QWlCDW1d2lF2UmED6cFW0ElvZyaGuaqyHlLLyFA&amp;__tn__=kK-y-R\">Biblioteka Publiczna Gminy Dzier\u017coni\u00f3w<\/a><img loading=\"lazy\" decoding=\"async\" width=\"16\" height=\"16\" alt=\"\ud83d\udc49\" src=\"https:\/\/static.xx.fbcdn.net\/images\/emoji.php\/v9\/taa\/1.5\/16\/1f449.png\"><a href=\"https:\/\/www.facebook.com\/Biblioteka-Pi%C5%82awa-Dolna-570327226820760\/?__cft__[0]=AZVVdhumbHxkCzF5ndQ6sI-P5MvFX-oT-8vv6eCDvlZj1Fd7tmBGlGijremnBFXYwa38j-llR4puoe6TWpKXxCF3t7FJKgMpYwziDeqo6Gkcfxowbbbyikx0cVn_p9LooeUtNiiqGZnixSsjAYKa9UizD4ujAdFsQizLcd89qrIhhGp9kqgmpYybCX7XldTRngSfY10QWlCDW1d2lF2UmED6cFW0ElvZyaGuaqyHlLLyFA&amp;__tn__=kK-y-R\">Biblioteka Pi\u0142awa Dolna<\/a><\/p>\n\n\n\n<p>Link do spotkania:<a href=\"http:\/\/\ud83d\udcbb SPOTKAJMY SI\u0118 W BIBLIOTECE ONLINE \ud83d\udcbb Przed nami kolejny, wspania\u0142y Tydzie\u0144 Bibliotek! Mimo, \u017ce nie mo\u017cemy by\u0107 z Wami osobi\u015bcie, b\u0119dziemy \u015bwi\u0119towa\u0107 w Sieci! Od 10 maja do 14 maja, codziennie o godzinie 12:00 spotkamy si\u0119 z Bibliotekarzami z Powiatu Dzier\u017coniowskiego by porozmawia\u0107 o\u2026 w\u0142a\u015bnie! Przyjd\u017acie i pos\u0142uchajcie sami! Nie musicie nawet wychodzi\u0107 z domu \ud83d\ude42 za\u0142\u00f3\u017ccie od\u015bwi\u0119tne kapcie, zr\u00f3bcie sobie kaw\u0119 w ulubionym kubku i znajd\u017acie nas w aplikacji Microsoft Teams. \ud83d\ude09 Pok\u00f3j b\u0119dzie otwarty dla ka\u017cdego, kto chce by\u0107 z nami.  Zapiszcie dat\u0119, sprawdzajcie link do pokoju i\u2026 do zobaczenia! \ud83e\udd17 \ud83d\udc49 Miejska Biblioteka Publiczna - Centrum Kultury w Pieszycach \ud83d\udc49 Miejsko-Powiatowa Biblioteka Publiczna w Dzier\u017coniowie \ud83d\udc49 Miejska Biblioteka Publiczna w Bielawie \ud83d\udc49 Biblioteka w Pi\u0142awie G\u00f3rnej \ud83d\udc49 Biblioteka Publiczna Gminy Dzier\u017coni\u00f3w \ud83d\udc49 Biblioteka Pi\u0142awa Dolna Link do spotkania: https:\/\/teams.microsoft.com\/...\/19%3ameeting...\/0...\">https:\/\/teams.microsoft.com\/&#8230;\/19%3ameeting&#8230;\/0&#8230;<\/a><\/p>\n\n\n\n<p><strong>Miejska Biblioteka Publiczna &#8211; Centrum Kultury w Pieszycach<\/strong><\/p>\n","protected":false},"excerpt":{"rendered":"<p>SPOTKAJMY SI\u0118 W BIBLIOTECE ONLINE Przed nami kolejny, wspania\u0142y Tydzie\u0144 Bibliotek! Mimo, \u017ce nie mo\u017cemy by\u0107 z Wami osobi\u015bcie, b\u0119dziemy \u015bwi\u0119towa\u0107 w Sieci! Od 10 maja do 14 maja, codziennie [&hellip;]<\/p>\n","protected":false},"author":1,"featured_media":0,"comment_status":"closed","ping_status":"closed","sticky":false,"template":"","format":"standard","meta":{"ngg_post_thumbnail":0,"footnotes":""},"categories":[1],"tags":[],"class_list":["post-11293","post","type-post","status-publish","format-standard","hentry","category-uncategorized"],"_links":{"self":[{"href":"https:\/\/bibliotekamoscisko.pl\/index.php?rest_route=\/wp\/v2\/posts\/11293","targetHints":{"allow":["GET"]}}],"collection":[{"href":"https:\/\/bibliotekamoscisko.pl\/index.php?rest_route=\/wp\/v2\/posts"}],"about":[{"href":"https:\/\/bibliotekamoscisko.pl\/index.php?rest_route=\/wp\/v2\/types\/post"}],"author":[{"embeddable":true,"href":"https:\/\/bibliotekamoscisko.pl\/index.php?rest_route=\/wp\/v2\/users\/1"}],"replies":[{"embeddable":true,"href":"https:\/\/bibliotekamoscisko.pl\/index.php?rest_route=%2Fwp%2Fv2%2Fcomments&post=11293"}],"version-history":[{"count":3,"href":"https:\/\/bibliotekamoscisko.pl\/index.php?rest_route=\/wp\/v2\/posts\/11293\/revisions"}],"predecessor-version":[{"id":11297,"href":"https:\/\/bibliotekamoscisko.pl\/index.php?rest_route=\/wp\/v2\/posts\/11293\/revisions\/11297"}],"wp:attachment":[{"href":"https:\/\/bibliotekamoscisko.pl\/index.php?rest_route=%2Fwp%2Fv2%2Fmedia&parent=11293"}],"wp:term":[{"taxonomy":"category","embeddable":true,"href":"https:\/\/bibliotekamoscisko.pl\/index.php?rest_route=%2Fwp%2Fv2%2Fcategories&post=11293"},{"taxonomy":"post_tag","embeddable":true,"href":"https:\/\/bibliotekamoscisko.pl\/index.php?rest_route=%2Fwp%2Fv2%2Ftags&post=11293"}],"curies":[{"name":"wp","href":"https:\/\/api.w.org\/{rel}","templated":true}]}}