{"id":11331,"date":"2021-05-21T10:22:12","date_gmt":"2021-05-21T10:22:12","guid":{"rendered":"http:\/\/bibliotekamoscisko.pl\/?p=11331"},"modified":"2021-05-21T10:23:22","modified_gmt":"2021-05-21T10:23:22","slug":"czy-warto-denerwowac-mame","status":"publish","type":"post","link":"https:\/\/bibliotekamoscisko.pl\/?p=11331","title":{"rendered":"Czy warto denerwowa\u0107 mam\u0119?"},"content":{"rendered":"\n<p>Z okazji zbli\u017caj\u0105cego si\u0119 Dnia Matki odwiedzili\u015bmy przedszkolaki w Uciechowie z zabawn\u0105 bajeczk\u0105 ,,Jak zdenerwowa\u0107 mam\u0119&#8221;, autorstwa Isabelle Flas i Annick Masson. Porozmawiali\u015bmy te\u017c o tym, czy dzieci zrobi\u0142y kiedy\u015b takiego psikusa jak bohaterowie ksi\u0105\u017cki. Potem ka\u017cdy przygotowa\u0142 podobizn\u0119 swojej mamy i wybra\u0142 dla niej pi\u0119kn\u0105 sukienk\u0119. By\u0142o bardzo weso\u0142o <img decoding=\"async\" width=\"16\" height=\"16\" alt=\"\ud83d\ude42\" src=\"https:\/\/static.xx.fbcdn.net\/images\/emoji.php\/v9\/t4c\/1\/16\/1f642.png\"><\/p>\n\n\n\n<figure class=\"wp-block-gallery columns-3 is-cropped wp-block-gallery-1 is-layout-flex wp-block-gallery-is-layout-flex\"><ul class=\"blocks-gallery-grid\"><li class=\"blocks-gallery-item\"><figure><img fetchpriority=\"high\" decoding=\"async\" width=\"960\" height=\"720\" src=\"http:\/\/bibliotekamoscisko.pl\/wp-content\/uploads\/2021\/05\/188020766_1017985458608087_5407434709734348987_n.jpg\" alt=\"\" data-id=\"11332\" data-full-url=\"http:\/\/bibliotekamoscisko.pl\/wp-content\/uploads\/2021\/05\/188020766_1017985458608087_5407434709734348987_n.jpg\" data-link=\"http:\/\/bibliotekamoscisko.pl\/?attachment_id=11332\" class=\"wp-image-11332\" srcset=\"https:\/\/bibliotekamoscisko.pl\/wp-content\/uploads\/2021\/05\/188020766_1017985458608087_5407434709734348987_n.jpg 960w, https:\/\/bibliotekamoscisko.pl\/wp-content\/uploads\/2021\/05\/188020766_1017985458608087_5407434709734348987_n-300x225.jpg 300w, https:\/\/bibliotekamoscisko.pl\/wp-content\/uploads\/2021\/05\/188020766_1017985458608087_5407434709734348987_n-768x576.jpg 768w\" sizes=\"(max-width: 960px) 100vw, 960px\" \/><figcaption class=\"blocks-gallery-item__caption\">Uciech\u00f3w<\/figcaption><\/figure><\/li><li class=\"blocks-gallery-item\"><figure><img decoding=\"async\" width=\"960\" height=\"720\" src=\"http:\/\/bibliotekamoscisko.pl\/wp-content\/uploads\/2021\/05\/188567137_1017985608608072_6655873558719364509_n.jpg\" alt=\"\" data-id=\"11334\" data-full-url=\"http:\/\/bibliotekamoscisko.pl\/wp-content\/uploads\/2021\/05\/188567137_1017985608608072_6655873558719364509_n.jpg\" data-link=\"http:\/\/bibliotekamoscisko.pl\/?attachment_id=11334\" class=\"wp-image-11334\" srcset=\"https:\/\/bibliotekamoscisko.pl\/wp-content\/uploads\/2021\/05\/188567137_1017985608608072_6655873558719364509_n.jpg 960w, https:\/\/bibliotekamoscisko.pl\/wp-content\/uploads\/2021\/05\/188567137_1017985608608072_6655873558719364509_n-300x225.jpg 300w, https:\/\/bibliotekamoscisko.pl\/wp-content\/uploads\/2021\/05\/188567137_1017985608608072_6655873558719364509_n-768x576.jpg 768w\" sizes=\"(max-width: 960px) 100vw, 960px\" \/><figcaption class=\"blocks-gallery-item__caption\">Uciech\u00f3w<\/figcaption><\/figure><\/li><li class=\"blocks-gallery-item\"><figure><img loading=\"lazy\" decoding=\"async\" width=\"960\" height=\"720\" src=\"http:\/\/bibliotekamoscisko.pl\/wp-content\/uploads\/2021\/05\/188131450_1017985685274731_977665741770906917_n.jpg\" alt=\"\" data-id=\"11333\" data-full-url=\"http:\/\/bibliotekamoscisko.pl\/wp-content\/uploads\/2021\/05\/188131450_1017985685274731_977665741770906917_n.jpg\" data-link=\"http:\/\/bibliotekamoscisko.pl\/?attachment_id=11333\" class=\"wp-image-11333\" srcset=\"https:\/\/bibliotekamoscisko.pl\/wp-content\/uploads\/2021\/05\/188131450_1017985685274731_977665741770906917_n.jpg 960w, https:\/\/bibliotekamoscisko.pl\/wp-content\/uploads\/2021\/05\/188131450_1017985685274731_977665741770906917_n-300x225.jpg 300w, https:\/\/bibliotekamoscisko.pl\/wp-content\/uploads\/2021\/05\/188131450_1017985685274731_977665741770906917_n-768x576.jpg 768w\" sizes=\"(max-width: 960px) 100vw, 960px\" \/><figcaption class=\"blocks-gallery-item__caption\">Uciech\u00f3w<\/figcaption><\/figure><\/li><\/ul><\/figure>\n\n\n\n<p>W. W.B.<\/p>\n","protected":false},"excerpt":{"rendered":"<p>Z okazji zbli\u017caj\u0105cego si\u0119 Dnia Matki odwiedzili\u015bmy przedszkolaki w Uciechowie z zabawn\u0105 bajeczk\u0105 ,,Jak zdenerwowa\u0107 mam\u0119&#8221;, autorstwa Isabelle Flas i Annick Masson. Porozmawiali\u015bmy te\u017c o tym, czy dzieci zrobi\u0142y kiedy\u015b [&hellip;]<\/p>\n","protected":false},"author":1,"featured_media":0,"comment_status":"closed","ping_status":"closed","sticky":false,"template":"","format":"standard","meta":{"ngg_post_thumbnail":0,"footnotes":""},"categories":[1],"tags":[],"class_list":["post-11331","post","type-post","status-publish","format-standard","hentry","category-uncategorized"],"_links":{"self":[{"href":"https:\/\/bibliotekamoscisko.pl\/index.php?rest_route=\/wp\/v2\/posts\/11331","targetHints":{"allow":["GET"]}}],"collection":[{"href":"https:\/\/bibliotekamoscisko.pl\/index.php?rest_route=\/wp\/v2\/posts"}],"about":[{"href":"https:\/\/bibliotekamoscisko.pl\/index.php?rest_route=\/wp\/v2\/types\/post"}],"author":[{"embeddable":true,"href":"https:\/\/bibliotekamoscisko.pl\/index.php?rest_route=\/wp\/v2\/users\/1"}],"replies":[{"embeddable":true,"href":"https:\/\/bibliotekamoscisko.pl\/index.php?rest_route=%2Fwp%2Fv2%2Fcomments&post=11331"}],"version-history":[{"count":2,"href":"https:\/\/bibliotekamoscisko.pl\/index.php?rest_route=\/wp\/v2\/posts\/11331\/revisions"}],"predecessor-version":[{"id":11336,"href":"https:\/\/bibliotekamoscisko.pl\/index.php?rest_route=\/wp\/v2\/posts\/11331\/revisions\/11336"}],"wp:attachment":[{"href":"https:\/\/bibliotekamoscisko.pl\/index.php?rest_route=%2Fwp%2Fv2%2Fmedia&parent=11331"}],"wp:term":[{"taxonomy":"category","embeddable":true,"href":"https:\/\/bibliotekamoscisko.pl\/index.php?rest_route=%2Fwp%2Fv2%2Fcategories&post=11331"},{"taxonomy":"post_tag","embeddable":true,"href":"https:\/\/bibliotekamoscisko.pl\/index.php?rest_route=%2Fwp%2Fv2%2Ftags&post=11331"}],"curies":[{"name":"wp","href":"https:\/\/api.w.org\/{rel}","templated":true}]}}