{"id":11348,"date":"2021-05-21T10:42:18","date_gmt":"2021-05-21T10:42:18","guid":{"rendered":"http:\/\/bibliotekamoscisko.pl\/?p=11348"},"modified":"2021-05-21T10:42:18","modified_gmt":"2021-05-21T10:42:18","slug":"po-ksiazke-do-mysliszowa","status":"publish","type":"post","link":"https:\/\/bibliotekamoscisko.pl\/?p=11348","title":{"rendered":"Po ksi\u0105\u017ck\u0119 do My\u015bliszowa"},"content":{"rendered":"\n<p>Po d\u0142u\u017cszej przerwie spowodowanej pandemi\u0105 ruszy\u0142 na nowo punkt biblioteczny w My\u015bliszowie! Majowe spotkanie, pomimo ch\u0142odu, okaza\u0142o si\u0119 niezwykle potrzebne mieszka\u0144com. Niebawem zaprosimy na kolejne. Do zobaczenia!<\/p>\n\n\n\n<figure class=\"wp-block-gallery columns-3 is-cropped wp-block-gallery-1 is-layout-flex wp-block-gallery-is-layout-flex\"><ul class=\"blocks-gallery-grid\"><li class=\"blocks-gallery-item\"><figure><img fetchpriority=\"high\" decoding=\"async\" width=\"720\" height=\"960\" src=\"http:\/\/bibliotekamoscisko.pl\/wp-content\/uploads\/2021\/05\/187536010_120942920107349_9053796441609256846_n.jpg\" alt=\"\" data-id=\"11349\" data-full-url=\"http:\/\/bibliotekamoscisko.pl\/wp-content\/uploads\/2021\/05\/187536010_120942920107349_9053796441609256846_n.jpg\" data-link=\"http:\/\/bibliotekamoscisko.pl\/?attachment_id=11349\" class=\"wp-image-11349\" srcset=\"https:\/\/bibliotekamoscisko.pl\/wp-content\/uploads\/2021\/05\/187536010_120942920107349_9053796441609256846_n.jpg 720w, https:\/\/bibliotekamoscisko.pl\/wp-content\/uploads\/2021\/05\/187536010_120942920107349_9053796441609256846_n-225x300.jpg 225w\" sizes=\"(max-width: 720px) 100vw, 720px\" \/><figcaption class=\"blocks-gallery-item__caption\">My\u015blisz\u00f3w<\/figcaption><\/figure><\/li><li class=\"blocks-gallery-item\"><figure><img decoding=\"async\" width=\"720\" height=\"960\" src=\"http:\/\/bibliotekamoscisko.pl\/wp-content\/uploads\/2021\/05\/187588612_120942960107345_169369586838693168_n.jpg\" alt=\"\" data-id=\"11350\" data-full-url=\"http:\/\/bibliotekamoscisko.pl\/wp-content\/uploads\/2021\/05\/187588612_120942960107345_169369586838693168_n.jpg\" data-link=\"http:\/\/bibliotekamoscisko.pl\/?attachment_id=11350\" class=\"wp-image-11350\" srcset=\"https:\/\/bibliotekamoscisko.pl\/wp-content\/uploads\/2021\/05\/187588612_120942960107345_169369586838693168_n.jpg 720w, https:\/\/bibliotekamoscisko.pl\/wp-content\/uploads\/2021\/05\/187588612_120942960107345_169369586838693168_n-225x300.jpg 225w\" sizes=\"(max-width: 720px) 100vw, 720px\" \/><figcaption class=\"blocks-gallery-item__caption\">My\u015blisz\u00f3w<\/figcaption><\/figure><\/li><li class=\"blocks-gallery-item\"><figure><img decoding=\"async\" width=\"720\" height=\"960\" src=\"http:\/\/bibliotekamoscisko.pl\/wp-content\/uploads\/2021\/05\/188198673_120942976774010_6356638546720473771_n.jpg\" alt=\"\" data-id=\"11351\" data-full-url=\"http:\/\/bibliotekamoscisko.pl\/wp-content\/uploads\/2021\/05\/188198673_120942976774010_6356638546720473771_n.jpg\" data-link=\"http:\/\/bibliotekamoscisko.pl\/?attachment_id=11351\" class=\"wp-image-11351\" srcset=\"https:\/\/bibliotekamoscisko.pl\/wp-content\/uploads\/2021\/05\/188198673_120942976774010_6356638546720473771_n.jpg 720w, https:\/\/bibliotekamoscisko.pl\/wp-content\/uploads\/2021\/05\/188198673_120942976774010_6356638546720473771_n-225x300.jpg 225w\" sizes=\"(max-width: 720px) 100vw, 720px\" \/><figcaption class=\"blocks-gallery-item__caption\">My\u015blisz\u00f3w<\/figcaption><\/figure><\/li><\/ul><\/figure>\n","protected":false},"excerpt":{"rendered":"<p>Po d\u0142u\u017cszej przerwie spowodowanej pandemi\u0105 ruszy\u0142 na nowo punkt biblioteczny w My\u015bliszowie! Majowe spotkanie, pomimo ch\u0142odu, okaza\u0142o si\u0119 niezwykle potrzebne mieszka\u0144com. Niebawem zaprosimy na kolejne. Do zobaczenia!<\/p>\n","protected":false},"author":1,"featured_media":0,"comment_status":"closed","ping_status":"closed","sticky":false,"template":"","format":"standard","meta":{"ngg_post_thumbnail":0,"footnotes":""},"categories":[1],"tags":[],"class_list":["post-11348","post","type-post","status-publish","format-standard","hentry","category-uncategorized"],"_links":{"self":[{"href":"https:\/\/bibliotekamoscisko.pl\/index.php?rest_route=\/wp\/v2\/posts\/11348","targetHints":{"allow":["GET"]}}],"collection":[{"href":"https:\/\/bibliotekamoscisko.pl\/index.php?rest_route=\/wp\/v2\/posts"}],"about":[{"href":"https:\/\/bibliotekamoscisko.pl\/index.php?rest_route=\/wp\/v2\/types\/post"}],"author":[{"embeddable":true,"href":"https:\/\/bibliotekamoscisko.pl\/index.php?rest_route=\/wp\/v2\/users\/1"}],"replies":[{"embeddable":true,"href":"https:\/\/bibliotekamoscisko.pl\/index.php?rest_route=%2Fwp%2Fv2%2Fcomments&post=11348"}],"version-history":[{"count":2,"href":"https:\/\/bibliotekamoscisko.pl\/index.php?rest_route=\/wp\/v2\/posts\/11348\/revisions"}],"predecessor-version":[{"id":11353,"href":"https:\/\/bibliotekamoscisko.pl\/index.php?rest_route=\/wp\/v2\/posts\/11348\/revisions\/11353"}],"wp:attachment":[{"href":"https:\/\/bibliotekamoscisko.pl\/index.php?rest_route=%2Fwp%2Fv2%2Fmedia&parent=11348"}],"wp:term":[{"taxonomy":"category","embeddable":true,"href":"https:\/\/bibliotekamoscisko.pl\/index.php?rest_route=%2Fwp%2Fv2%2Fcategories&post=11348"},{"taxonomy":"post_tag","embeddable":true,"href":"https:\/\/bibliotekamoscisko.pl\/index.php?rest_route=%2Fwp%2Fv2%2Ftags&post=11348"}],"curies":[{"name":"wp","href":"https:\/\/api.w.org\/{rel}","templated":true}]}}