{"id":11357,"date":"2021-05-24T13:10:49","date_gmt":"2021-05-24T13:10:49","guid":{"rendered":"http:\/\/bibliotekamoscisko.pl\/?p=11357"},"modified":"2021-05-24T13:24:15","modified_gmt":"2021-05-24T13:24:15","slug":"mamy-czas-aby-spedzic-go-z-mama","status":"publish","type":"post","link":"https:\/\/bibliotekamoscisko.pl\/?p=11357","title":{"rendered":"Mamy czas aby sp\u0119dzi\u0107 go z Mam\u0105!"},"content":{"rendered":"\n<p>Kto zabierze swoj\u0105 Mam\u0119 na sesj\u0119 fotograficzn\u0105 w plenerze z okazji Dnia Matki? Oto laureaci konkursu:<\/p>\n\n\n\n<p class=\"has-text-align-center has-vivid-purple-color has-text-color has-medium-font-size\">Karolina W\u00f3jcik, Wojciech Oleksak i Aleksandra Marczuk.<\/p>\n\n\n\n<p class=\"has-text-align-center has-vivid-purple-color has-text-color has-medium-font-size\">Dodatkowe wyr\u00f3\u017cnienie otrzymuje Lidia Szyma\u0144ska.<\/p>\n\n\n\n<p>Gratulujemy i \u017cyczymy wspaniale sp\u0119dzonego czasu pod profesjonalnym okiem obiektywu Anny Rudnikowskiej!<\/p>\n\n\n\n<figure class=\"wp-block-gallery columns-3 is-cropped wp-block-gallery-1 is-layout-flex wp-block-gallery-is-layout-flex\"><ul class=\"blocks-gallery-grid\"><li class=\"blocks-gallery-item\"><figure><img fetchpriority=\"high\" decoding=\"async\" width=\"1024\" height=\"768\" src=\"http:\/\/bibliotekamoscisko.pl\/wp-content\/uploads\/2021\/05\/Karolina-Wojcik2-1024x768.jpg\" alt=\"\" data-id=\"11359\" data-full-url=\"http:\/\/bibliotekamoscisko.pl\/wp-content\/uploads\/2021\/05\/Karolina-Wojcik2-scaled.jpg\" data-link=\"http:\/\/bibliotekamoscisko.pl\/?attachment_id=11359\" class=\"wp-image-11359\" srcset=\"https:\/\/bibliotekamoscisko.pl\/wp-content\/uploads\/2021\/05\/Karolina-Wojcik2-1024x768.jpg 1024w, https:\/\/bibliotekamoscisko.pl\/wp-content\/uploads\/2021\/05\/Karolina-Wojcik2-300x225.jpg 300w, https:\/\/bibliotekamoscisko.pl\/wp-content\/uploads\/2021\/05\/Karolina-Wojcik2-768x576.jpg 768w, https:\/\/bibliotekamoscisko.pl\/wp-content\/uploads\/2021\/05\/Karolina-Wojcik2-1536x1152.jpg 1536w, https:\/\/bibliotekamoscisko.pl\/wp-content\/uploads\/2021\/05\/Karolina-Wojcik2-2048x1536.jpg 2048w\" sizes=\"(max-width: 1024px) 100vw, 1024px\" \/><figcaption class=\"blocks-gallery-item__caption\">Karolina W\u00f3jcik<\/figcaption><\/figure><\/li><li class=\"blocks-gallery-item\"><figure><img decoding=\"async\" width=\"1024\" height=\"1024\" src=\"http:\/\/bibliotekamoscisko.pl\/wp-content\/uploads\/2021\/05\/Aleksandra-Marczuk2-1024x1024.jpg\" alt=\"\" data-id=\"11358\" data-full-url=\"http:\/\/bibliotekamoscisko.pl\/wp-content\/uploads\/2021\/05\/Aleksandra-Marczuk2.jpg\" data-link=\"http:\/\/bibliotekamoscisko.pl\/?attachment_id=11358\" class=\"wp-image-11358\" srcset=\"https:\/\/bibliotekamoscisko.pl\/wp-content\/uploads\/2021\/05\/Aleksandra-Marczuk2-1024x1024.jpg 1024w, https:\/\/bibliotekamoscisko.pl\/wp-content\/uploads\/2021\/05\/Aleksandra-Marczuk2-300x300.jpg 300w, https:\/\/bibliotekamoscisko.pl\/wp-content\/uploads\/2021\/05\/Aleksandra-Marczuk2-150x150.jpg 150w, https:\/\/bibliotekamoscisko.pl\/wp-content\/uploads\/2021\/05\/Aleksandra-Marczuk2-768x768.jpg 768w, https:\/\/bibliotekamoscisko.pl\/wp-content\/uploads\/2021\/05\/Aleksandra-Marczuk2-1536x1536.jpg 1536w, https:\/\/bibliotekamoscisko.pl\/wp-content\/uploads\/2021\/05\/Aleksandra-Marczuk2.jpg 1564w\" sizes=\"(max-width: 1024px) 100vw, 1024px\" \/><figcaption class=\"blocks-gallery-item__caption\">Aleksandra Marczuk<\/figcaption><\/figure><\/li><li class=\"blocks-gallery-item\"><figure><img decoding=\"async\" width=\"1024\" height=\"1024\" src=\"http:\/\/bibliotekamoscisko.pl\/wp-content\/uploads\/2021\/05\/Wojciech-Oleksak--1024x1024.jpg\" alt=\"\" data-id=\"11361\" data-full-url=\"http:\/\/bibliotekamoscisko.pl\/wp-content\/uploads\/2021\/05\/Wojciech-Oleksak-.jpg\" data-link=\"http:\/\/bibliotekamoscisko.pl\/?attachment_id=11361\" class=\"wp-image-11361\" srcset=\"https:\/\/bibliotekamoscisko.pl\/wp-content\/uploads\/2021\/05\/Wojciech-Oleksak-.jpg 1024w, https:\/\/bibliotekamoscisko.pl\/wp-content\/uploads\/2021\/05\/Wojciech-Oleksak--300x300.jpg 300w, https:\/\/bibliotekamoscisko.pl\/wp-content\/uploads\/2021\/05\/Wojciech-Oleksak--150x150.jpg 150w, https:\/\/bibliotekamoscisko.pl\/wp-content\/uploads\/2021\/05\/Wojciech-Oleksak--768x768.jpg 768w\" sizes=\"(max-width: 1024px) 100vw, 1024px\" \/><figcaption class=\"blocks-gallery-item__caption\">Wojciech Oleksak<\/figcaption><\/figure><\/li><li class=\"blocks-gallery-item\"><figure><img loading=\"lazy\" decoding=\"async\" width=\"1024\" height=\"745\" src=\"http:\/\/bibliotekamoscisko.pl\/wp-content\/uploads\/2021\/05\/Lidia-Szymanska-wyroznienie-1024x745.jpg\" alt=\"\" data-id=\"11360\" data-full-url=\"http:\/\/bibliotekamoscisko.pl\/wp-content\/uploads\/2021\/05\/Lidia-Szymanska-wyroznienie-scaled.jpg\" data-link=\"http:\/\/bibliotekamoscisko.pl\/?attachment_id=11360\" class=\"wp-image-11360\" srcset=\"https:\/\/bibliotekamoscisko.pl\/wp-content\/uploads\/2021\/05\/Lidia-Szymanska-wyroznienie-1024x745.jpg 1024w, https:\/\/bibliotekamoscisko.pl\/wp-content\/uploads\/2021\/05\/Lidia-Szymanska-wyroznienie-300x218.jpg 300w, https:\/\/bibliotekamoscisko.pl\/wp-content\/uploads\/2021\/05\/Lidia-Szymanska-wyroznienie-768x559.jpg 768w, https:\/\/bibliotekamoscisko.pl\/wp-content\/uploads\/2021\/05\/Lidia-Szymanska-wyroznienie-1536x1117.jpg 1536w, https:\/\/bibliotekamoscisko.pl\/wp-content\/uploads\/2021\/05\/Lidia-Szymanska-wyroznienie-2048x1489.jpg 2048w\" sizes=\"(max-width: 1024px) 100vw, 1024px\" \/><figcaption class=\"blocks-gallery-item__caption\">Lidia Szyma\u0144ska<\/figcaption><\/figure><\/li><\/ul><\/figure>\n","protected":false},"excerpt":{"rendered":"<p>Kto zabierze swoj\u0105 Mam\u0119 na sesj\u0119 fotograficzn\u0105 w plenerze z okazji Dnia Matki? Oto laureaci konkursu: Karolina W\u00f3jcik, Wojciech Oleksak i Aleksandra Marczuk. Dodatkowe wyr\u00f3\u017cnienie otrzymuje Lidia Szyma\u0144ska. Gratulujemy i [&hellip;]<\/p>\n","protected":false},"author":1,"featured_media":0,"comment_status":"closed","ping_status":"closed","sticky":false,"template":"","format":"standard","meta":{"ngg_post_thumbnail":0,"footnotes":""},"categories":[1],"tags":[],"class_list":["post-11357","post","type-post","status-publish","format-standard","hentry","category-uncategorized"],"_links":{"self":[{"href":"https:\/\/bibliotekamoscisko.pl\/index.php?rest_route=\/wp\/v2\/posts\/11357","targetHints":{"allow":["GET"]}}],"collection":[{"href":"https:\/\/bibliotekamoscisko.pl\/index.php?rest_route=\/wp\/v2\/posts"}],"about":[{"href":"https:\/\/bibliotekamoscisko.pl\/index.php?rest_route=\/wp\/v2\/types\/post"}],"author":[{"embeddable":true,"href":"https:\/\/bibliotekamoscisko.pl\/index.php?rest_route=\/wp\/v2\/users\/1"}],"replies":[{"embeddable":true,"href":"https:\/\/bibliotekamoscisko.pl\/index.php?rest_route=%2Fwp%2Fv2%2Fcomments&post=11357"}],"version-history":[{"count":2,"href":"https:\/\/bibliotekamoscisko.pl\/index.php?rest_route=\/wp\/v2\/posts\/11357\/revisions"}],"predecessor-version":[{"id":11363,"href":"https:\/\/bibliotekamoscisko.pl\/index.php?rest_route=\/wp\/v2\/posts\/11357\/revisions\/11363"}],"wp:attachment":[{"href":"https:\/\/bibliotekamoscisko.pl\/index.php?rest_route=%2Fwp%2Fv2%2Fmedia&parent=11357"}],"wp:term":[{"taxonomy":"category","embeddable":true,"href":"https:\/\/bibliotekamoscisko.pl\/index.php?rest_route=%2Fwp%2Fv2%2Fcategories&post=11357"},{"taxonomy":"post_tag","embeddable":true,"href":"https:\/\/bibliotekamoscisko.pl\/index.php?rest_route=%2Fwp%2Fv2%2Ftags&post=11357"}],"curies":[{"name":"wp","href":"https:\/\/api.w.org\/{rel}","templated":true}]}}