{"id":11483,"date":"2021-06-24T12:52:13","date_gmt":"2021-06-24T12:52:13","guid":{"rendered":"http:\/\/bibliotekamoscisko.pl\/?p=11483"},"modified":"2021-06-24T13:08:03","modified_gmt":"2021-06-24T13:08:03","slug":"projektowanie-graficzne-z-wykorzystaniem-aplikacji-cyfrowych","status":"publish","type":"post","link":"https:\/\/bibliotekamoscisko.pl\/?p=11483","title":{"rendered":"PROJEKTOWANIE GRAFICZNE Z WYKORZYSTANIEM APLIKACJI CYFROWYCH"},"content":{"rendered":"\n<p>Biblioteka Publiczna Gminy Dzier\u017coni\u00f3w im. W\u0142adys\u0142awa Reymonta bierze udzia\u0142 w projekcie \u201eSie\u0107 na kultur\u0119\u201d.<\/p>\n\n\n\n<p>Celem projektu jest:<\/p>\n\n\n\n<ul class=\"wp-block-list\"><li>podniesienie kompetencji i kwalifikacji cyfrowych pracownik\u00f3w gminnych samorz\u0105dowych instytucji kultury poprzez organizacj\u0119 szkole\u0144 oraz dost\u0119p do materia\u0142\u00f3w edukacyjnych,<\/li><li>rozwijanie kompetencji cyfrowych dzieci i m\u0142odzie\u017cy w wieku 10-18 poprzez prowadzenia atrakcyjnych i perspektywicznych zaj\u0119\u0107,<\/li><li>wyposa\u017cenie plac\u00f3wek GSIK w sprz\u0119t niezb\u0119dny do organizacji zaj\u0119\u0107 i warsztat\u00f3w.<\/li><\/ul>\n\n\n\n<p>Ju\u017c w lipcu na dzieci i m\u0142odzie\u017c czeka\u0107 b\u0119dzie szkolenie prowadzone przez profesjonalist\u00f3w!<\/p>\n\n\n\n<figure class=\"wp-block-image size-large\"><img fetchpriority=\"high\" decoding=\"async\" width=\"518\" height=\"728\" src=\"http:\/\/bibliotekamoscisko.pl\/wp-content\/uploads\/2021\/06\/siec-na-kulture.jpg\" alt=\"\" class=\"wp-image-11484\" srcset=\"https:\/\/bibliotekamoscisko.pl\/wp-content\/uploads\/2021\/06\/siec-na-kulture.jpg 518w, https:\/\/bibliotekamoscisko.pl\/wp-content\/uploads\/2021\/06\/siec-na-kulture-213x300.jpg 213w\" sizes=\"(max-width: 518px) 100vw, 518px\" \/><\/figure>\n\n\n\n<figure class=\"wp-block-image size-large\"><img decoding=\"async\" width=\"1024\" height=\"260\" src=\"http:\/\/bibliotekamoscisko.pl\/wp-content\/uploads\/2021\/06\/logo_internet-1.png\" alt=\"\" class=\"wp-image-11485\" srcset=\"https:\/\/bibliotekamoscisko.pl\/wp-content\/uploads\/2021\/06\/logo_internet-1.png 1024w, https:\/\/bibliotekamoscisko.pl\/wp-content\/uploads\/2021\/06\/logo_internet-1-300x76.png 300w, https:\/\/bibliotekamoscisko.pl\/wp-content\/uploads\/2021\/06\/logo_internet-1-768x195.png 768w\" sizes=\"(max-width: 1024px) 100vw, 1024px\" \/><\/figure>\n\n\n\n<figure class=\"wp-block-image size-large\"><img decoding=\"async\" width=\"951\" height=\"75\" src=\"http:\/\/bibliotekamoscisko.pl\/wp-content\/uploads\/2021\/06\/Logotypy-unijne.png\" alt=\"\" class=\"wp-image-11488\" srcset=\"https:\/\/bibliotekamoscisko.pl\/wp-content\/uploads\/2021\/06\/Logotypy-unijne.png 951w, https:\/\/bibliotekamoscisko.pl\/wp-content\/uploads\/2021\/06\/Logotypy-unijne-300x24.png 300w, https:\/\/bibliotekamoscisko.pl\/wp-content\/uploads\/2021\/06\/Logotypy-unijne-768x61.png 768w\" sizes=\"(max-width: 951px) 100vw, 951px\" \/><\/figure>\n\n\n\n<p>Projekt jest wsp\u00f3\u0142finansowany ze \u015brodk\u00f3w Europejskiego Funduszu Rozwoju Regionalnego w ramach Programu Operacyjnego Polska Cyfrowa (dzia\u0142anie 3.2 \u201eInnowacyjne rozwi\u0105zania na rzecz aktywizacji cyfrowej\u201d).<\/p>\n","protected":false},"excerpt":{"rendered":"<p>Biblioteka Publiczna Gminy Dzier\u017coni\u00f3w im. W\u0142adys\u0142awa Reymonta bierze udzia\u0142 w projekcie \u201eSie\u0107 na kultur\u0119\u201d. Celem projektu jest: podniesienie kompetencji i kwalifikacji cyfrowych pracownik\u00f3w gminnych samorz\u0105dowych instytucji kultury poprzez organizacj\u0119 szkole\u0144 [&hellip;]<\/p>\n","protected":false},"author":1,"featured_media":0,"comment_status":"closed","ping_status":"closed","sticky":false,"template":"","format":"standard","meta":{"ngg_post_thumbnail":0,"footnotes":""},"categories":[1],"tags":[],"class_list":["post-11483","post","type-post","status-publish","format-standard","hentry","category-uncategorized"],"_links":{"self":[{"href":"https:\/\/bibliotekamoscisko.pl\/index.php?rest_route=\/wp\/v2\/posts\/11483","targetHints":{"allow":["GET"]}}],"collection":[{"href":"https:\/\/bibliotekamoscisko.pl\/index.php?rest_route=\/wp\/v2\/posts"}],"about":[{"href":"https:\/\/bibliotekamoscisko.pl\/index.php?rest_route=\/wp\/v2\/types\/post"}],"author":[{"embeddable":true,"href":"https:\/\/bibliotekamoscisko.pl\/index.php?rest_route=\/wp\/v2\/users\/1"}],"replies":[{"embeddable":true,"href":"https:\/\/bibliotekamoscisko.pl\/index.php?rest_route=%2Fwp%2Fv2%2Fcomments&post=11483"}],"version-history":[{"count":3,"href":"https:\/\/bibliotekamoscisko.pl\/index.php?rest_route=\/wp\/v2\/posts\/11483\/revisions"}],"predecessor-version":[{"id":11490,"href":"https:\/\/bibliotekamoscisko.pl\/index.php?rest_route=\/wp\/v2\/posts\/11483\/revisions\/11490"}],"wp:attachment":[{"href":"https:\/\/bibliotekamoscisko.pl\/index.php?rest_route=%2Fwp%2Fv2%2Fmedia&parent=11483"}],"wp:term":[{"taxonomy":"category","embeddable":true,"href":"https:\/\/bibliotekamoscisko.pl\/index.php?rest_route=%2Fwp%2Fv2%2Fcategories&post=11483"},{"taxonomy":"post_tag","embeddable":true,"href":"https:\/\/bibliotekamoscisko.pl\/index.php?rest_route=%2Fwp%2Fv2%2Ftags&post=11483"}],"curies":[{"name":"wp","href":"https:\/\/api.w.org\/{rel}","templated":true}]}}