{"id":11507,"date":"2021-06-28T12:41:00","date_gmt":"2021-06-28T12:41:00","guid":{"rendered":"http:\/\/bibliotekamoscisko.pl\/?p=11507"},"modified":"2021-07-02T13:10:53","modified_gmt":"2021-07-02T13:10:53","slug":"wakacje-w-bibliotece-2","status":"publish","type":"post","link":"https:\/\/bibliotekamoscisko.pl\/?p=11507","title":{"rendered":"Wakacje w bibliotece"},"content":{"rendered":"\n<figure class=\"wp-block-image size-large\"><img fetchpriority=\"high\" decoding=\"async\" width=\"518\" height=\"734\" src=\"http:\/\/bibliotekamoscisko.pl\/wp-content\/uploads\/2021\/06\/dyskoteka.jpg\" alt=\"\" class=\"wp-image-11508\" srcset=\"https:\/\/bibliotekamoscisko.pl\/wp-content\/uploads\/2021\/06\/dyskoteka.jpg 518w, https:\/\/bibliotekamoscisko.pl\/wp-content\/uploads\/2021\/06\/dyskoteka-212x300.jpg 212w\" sizes=\"(max-width: 518px) 100vw, 518px\" \/><figcaption>Mo\u015bcisko<\/figcaption><\/figure>\n\n\n\n<figure class=\"wp-block-image size-large\"><img decoding=\"async\" width=\"516\" height=\"736\" src=\"http:\/\/bibliotekamoscisko.pl\/wp-content\/uploads\/2021\/06\/Bez-tytulu.jpg\" alt=\"\" class=\"wp-image-11509\" srcset=\"https:\/\/bibliotekamoscisko.pl\/wp-content\/uploads\/2021\/06\/Bez-tytulu.jpg 516w, https:\/\/bibliotekamoscisko.pl\/wp-content\/uploads\/2021\/06\/Bez-tytulu-210x300.jpg 210w\" sizes=\"(max-width: 516px) 100vw, 516px\" \/><figcaption>Mo\u015bcisko<\/figcaption><\/figure>\n\n\n\n<figure class=\"wp-block-image size-large\"><img decoding=\"async\" width=\"424\" height=\"600\" src=\"http:\/\/bibliotekamoscisko.pl\/wp-content\/uploads\/2021\/06\/wakacje-1.jpg\" alt=\"\" class=\"wp-image-11533\" srcset=\"https:\/\/bibliotekamoscisko.pl\/wp-content\/uploads\/2021\/06\/wakacje-1.jpg 424w, https:\/\/bibliotekamoscisko.pl\/wp-content\/uploads\/2021\/06\/wakacje-1-212x300.jpg 212w\" sizes=\"(max-width: 424px) 100vw, 424px\" \/><figcaption>Ostroszowice<\/figcaption><\/figure>\n\n\n\n<figure class=\"wp-block-image size-large\"><img loading=\"lazy\" decoding=\"async\" width=\"725\" height=\"1024\" src=\"http:\/\/bibliotekamoscisko.pl\/wp-content\/uploads\/2021\/06\/wakacje-725x1024.jpg\" alt=\"\" class=\"wp-image-11510\" srcset=\"https:\/\/bibliotekamoscisko.pl\/wp-content\/uploads\/2021\/06\/wakacje-725x1024.jpg 725w, https:\/\/bibliotekamoscisko.pl\/wp-content\/uploads\/2021\/06\/wakacje-212x300.jpg 212w, https:\/\/bibliotekamoscisko.pl\/wp-content\/uploads\/2021\/06\/wakacje-768x1085.jpg 768w, https:\/\/bibliotekamoscisko.pl\/wp-content\/uploads\/2021\/06\/wakacje-1087x1536.jpg 1087w, https:\/\/bibliotekamoscisko.pl\/wp-content\/uploads\/2021\/06\/wakacje.jpg 1449w\" sizes=\"(max-width: 725px) 100vw, 725px\" \/><figcaption>Pi\u0142awa Dolna<\/figcaption><\/figure>\n\n\n\n<figure class=\"wp-block-image size-large\"><img loading=\"lazy\" decoding=\"async\" width=\"1024\" height=\"723\" src=\"http:\/\/bibliotekamoscisko.pl\/wp-content\/uploads\/2021\/06\/wakacje-1024x723.png\" alt=\"\" class=\"wp-image-11511\" srcset=\"https:\/\/bibliotekamoscisko.pl\/wp-content\/uploads\/2021\/06\/wakacje-1024x723.png 1024w, https:\/\/bibliotekamoscisko.pl\/wp-content\/uploads\/2021\/06\/wakacje-300x212.png 300w, https:\/\/bibliotekamoscisko.pl\/wp-content\/uploads\/2021\/06\/wakacje-768x542.png 768w, https:\/\/bibliotekamoscisko.pl\/wp-content\/uploads\/2021\/06\/wakacje.png 1071w\" sizes=\"(max-width: 1024px) 100vw, 1024px\" \/><figcaption>Tuszyn<\/figcaption><\/figure>\n\n\n\n<p class=\"has-text-align-center\"><strong>Uciech\u00f3w<\/strong><\/p>\n\n\n\n<p>5 \u2013 26 SIERPNIA<\/p>\n\n\n\n<figure class=\"wp-block-table\"><table><tbody><tr><td>5.08<\/td><td>Wybudujmy wie\u017c\u0119 \u2013 zabawa plenerowa<\/td><\/tr><tr><td>10.08<\/td><td>Zagadkowy dzie\u0144 z biurem detektywistycznym Lassego i Mai<\/td><\/tr><tr><td>12.08<\/td><td>Plener malarski \u2013 portret i autoportret<\/td><\/tr><tr><td>17.08<\/td><td>Jak tocz\u0105 si\u0119 rozmowy w \u015bwiecie ro\u015blin i zwierz\u0105t \u2013 czytamy i na\u015bladujemy (zaj\u0119cia literacko-edukacyjne)<\/td><\/tr><tr><td>19.08<\/td><td>Warsztaty budowy domk\u00f3w dla owad\u00f3w<\/td><\/tr><tr><td>24.08<\/td><td>Technika kola\u017cu \u2013 kartka z wakacji<\/td><\/tr><tr><td>26.08<\/td><td>Turniej minigolfa i\/lub tor przeszk\u00f3d<\/td><\/tr><tr><td>27-31.08<\/td><td>Wsp\u00f3lne przygotowanie wystawy prac wykonanych przez dzieci<\/td><\/tr><\/tbody><\/table><\/figure>\n\n\n\n<p class=\"has-text-align-center\"><strong>Owiesno<\/strong><\/p>\n\n\n\n<p class=\"has-text-align-center\">Zamkowe Wakacje w plenerze<\/p>\n\n\n\n<p>W ka\u017cd\u0105 \u015brod\u0119 od. godz. 11:00 do 13:00<\/p>\n\n\n\n<p>W programie:<\/p>\n\n\n\n<p>Zamkowe podp\u0142omyki (warsztaty kulinarne)<\/p>\n\n\n\n<p>Zamkowy skryba (warsztaty z kaligrafii)<\/p>\n\n\n\n<p>Zamkowe Zmagania ( warsztaty manualne)<\/p>\n\n\n\n<p>Zamkowe dziergania ( warsztaty z krosnem)<\/p>\n\n\n\n<p>Na zako\u0144czenie:\u00a0\u00a0\u00a0 II Festyn z ksi\u0105\u017ck\u0105.<\/p>\n\n\n\n<figure class=\"wp-block-image size-large\"><img loading=\"lazy\" decoding=\"async\" width=\"400\" height=\"566\" src=\"http:\/\/bibliotekamoscisko.pl\/wp-content\/uploads\/2021\/06\/wakacje-1.png\" alt=\"\" class=\"wp-image-11536\" srcset=\"https:\/\/bibliotekamoscisko.pl\/wp-content\/uploads\/2021\/06\/wakacje-1.png 400w, https:\/\/bibliotekamoscisko.pl\/wp-content\/uploads\/2021\/06\/wakacje-1-212x300.png 212w\" sizes=\"(max-width: 400px) 100vw, 400px\" \/><figcaption>Roztocznik<\/figcaption><\/figure>\n","protected":false},"excerpt":{"rendered":"<p>Uciech\u00f3w 5 \u2013 26 SIERPNIA 5.08 Wybudujmy wie\u017c\u0119 \u2013 zabawa plenerowa 10.08 Zagadkowy dzie\u0144 z biurem detektywistycznym Lassego i Mai 12.08 Plener malarski \u2013 portret i autoportret 17.08 Jak tocz\u0105 [&hellip;]<\/p>\n","protected":false},"author":1,"featured_media":0,"comment_status":"closed","ping_status":"closed","sticky":false,"template":"","format":"standard","meta":{"ngg_post_thumbnail":0,"footnotes":""},"categories":[1],"tags":[],"class_list":["post-11507","post","type-post","status-publish","format-standard","hentry","category-uncategorized"],"_links":{"self":[{"href":"https:\/\/bibliotekamoscisko.pl\/index.php?rest_route=\/wp\/v2\/posts\/11507","targetHints":{"allow":["GET"]}}],"collection":[{"href":"https:\/\/bibliotekamoscisko.pl\/index.php?rest_route=\/wp\/v2\/posts"}],"about":[{"href":"https:\/\/bibliotekamoscisko.pl\/index.php?rest_route=\/wp\/v2\/types\/post"}],"author":[{"embeddable":true,"href":"https:\/\/bibliotekamoscisko.pl\/index.php?rest_route=\/wp\/v2\/users\/1"}],"replies":[{"embeddable":true,"href":"https:\/\/bibliotekamoscisko.pl\/index.php?rest_route=%2Fwp%2Fv2%2Fcomments&post=11507"}],"version-history":[{"count":3,"href":"https:\/\/bibliotekamoscisko.pl\/index.php?rest_route=\/wp\/v2\/posts\/11507\/revisions"}],"predecessor-version":[{"id":11537,"href":"https:\/\/bibliotekamoscisko.pl\/index.php?rest_route=\/wp\/v2\/posts\/11507\/revisions\/11537"}],"wp:attachment":[{"href":"https:\/\/bibliotekamoscisko.pl\/index.php?rest_route=%2Fwp%2Fv2%2Fmedia&parent=11507"}],"wp:term":[{"taxonomy":"category","embeddable":true,"href":"https:\/\/bibliotekamoscisko.pl\/index.php?rest_route=%2Fwp%2Fv2%2Fcategories&post=11507"},{"taxonomy":"post_tag","embeddable":true,"href":"https:\/\/bibliotekamoscisko.pl\/index.php?rest_route=%2Fwp%2Fv2%2Ftags&post=11507"}],"curies":[{"name":"wp","href":"https:\/\/api.w.org\/{rel}","templated":true}]}}