{"id":1170,"date":"2015-01-20T08:50:09","date_gmt":"2015-01-20T08:50:09","guid":{"rendered":"http:\/\/bibliotekamoscisko.pl\/?p=1170"},"modified":"2015-01-20T08:50:09","modified_gmt":"2015-01-20T08:50:09","slug":"ii-gminne-koledowanie-w-moscisku","status":"publish","type":"post","link":"https:\/\/bibliotekamoscisko.pl\/?p=1170","title":{"rendered":"II Gminne Kol\u0119dowanie w Mo\u015bcisku"},"content":{"rendered":"<p>&nbsp;<\/p>\n<p>W niedzielne popo\u0142udnie 18 stycznia zespo\u0142y z Gminy Dzier\u017coni\u00f3w spotka\u0142y si\u0119 na wsp\u00f3lnym II Gminnym Kol\u0119dowaniu w Mo\u015bcisku. Z nowymi aran\u017cacjami znanych kol\u0119d i pastora\u0142ek zaprezentowa\u0142y si\u0119 zespo\u0142y: Katarzynki, Uciecho-Wianki, POJANA, Macieje, \u00a0Con-Moto oraz CORD.<\/p>\n<p>Spotkanie swoj\u0105 obecno\u015bci\u0105 zaszczycili Pani Jolanta Zarzeka, zast\u0119pca W\u00f3jta Gminy Dzier\u017coni\u00f3w, Pani Agnieszka Hul, Skarbnik Gminy a tak\u017ce radni: Pan Adam Jedynak, Pani El\u017cbieta Sak, Pani El\u017cbieta Filipek, Pan Przemys\u0142aw Przybyszewski oraz Pan \u00a0Krzysztof Wypych.<\/p>\n<p>Dzi\u0119ki kr\u00f3tkiej prezentacji multimedialnej uda\u0142o si\u0119 podsumowa\u0107 prac\u0119 poszczeg\u00f3lnych grup w roku 2014. Za pi\u0119kn\u0105 i tw\u00f3rcz\u0105 prac\u0119 artystyczn\u0105 w ubieg\u0142ym roku\u00a0 kierownicy zespo\u0142\u00f3w odebrali z r\u0105k Pa\u0144\u00a0 Jolanty Zarzeki i Justyny Kaczorowskiej pami\u0105tkowe statuetki. Przy pysznym posi\u0142ku przygotowanym przez Ko\u0142o Gospody\u0144 Wiejskich w Mo\u015bcisku kol\u0119dowanie trwa\u0142o do p\u00f3\u017anych godzin wieczornych.<\/p>\n<p>Uczestnicy spotkania mogli \u00a0r\u00f3wnie\u017c obejrze\u0107 prace nagrodzone w organizowanym przez Bibliotek\u0119 Publiczn\u0105 Gminy Dzier\u017coni\u00f3w cyklu wydarze\u0144 o charakterze bo\u017conarodzeniowym \u00a0&#8211; \u015awi\u0105teczne Impresje Biblioteczne. Obrazy oraz wiersze przypomnia\u0142y klimat obchodzonych niedawno \u015bwi\u0105t co tak\u017ce podkre\u015blali prowadz\u0105cy imprez\u0119\u00a0 Justyna Bartkowiak i Damian Drozdowski.<\/p>\n<div id='gallery-1' class='gallery galleryid-1170 gallery-columns-3 gallery-size-thumbnail'><figure class='gallery-item'>\n\t\t\t<div class='gallery-icon landscape'>\n\t\t\t\t<a href='https:\/\/bibliotekamoscisko.pl\/?attachment_id=1180'><img decoding=\"async\" width=\"150\" height=\"150\" src=\"https:\/\/bibliotekamoscisko.pl\/wp-content\/uploads\/2015\/01\/DSCN3413-150x150.jpeg\" class=\"attachment-thumbnail size-thumbnail\" alt=\"\" \/><\/a>\n\t\t\t<\/div><\/figure><figure class='gallery-item'>\n\t\t\t<div class='gallery-icon landscape'>\n\t\t\t\t<a href='https:\/\/bibliotekamoscisko.pl\/?attachment_id=1172'><img decoding=\"async\" width=\"150\" height=\"150\" src=\"https:\/\/bibliotekamoscisko.pl\/wp-content\/uploads\/2015\/01\/DSCN3339-150x150.jpeg\" class=\"attachment-thumbnail size-thumbnail\" alt=\"\" \/><\/a>\n\t\t\t<\/div><\/figure><figure class='gallery-item'>\n\t\t\t<div class='gallery-icon portrait'>\n\t\t\t\t<a href='https:\/\/bibliotekamoscisko.pl\/?attachment_id=1173'><img decoding=\"async\" width=\"150\" height=\"150\" src=\"https:\/\/bibliotekamoscisko.pl\/wp-content\/uploads\/2015\/01\/DSCN3353-150x150.jpeg\" class=\"attachment-thumbnail size-thumbnail\" alt=\"\" \/><\/a>\n\t\t\t<\/div><\/figure><figure class='gallery-item'>\n\t\t\t<div class='gallery-icon landscape'>\n\t\t\t\t<a href='https:\/\/bibliotekamoscisko.pl\/?attachment_id=1174'><img loading=\"lazy\" decoding=\"async\" width=\"150\" height=\"150\" src=\"https:\/\/bibliotekamoscisko.pl\/wp-content\/uploads\/2015\/01\/DSCN3354-150x150.jpeg\" class=\"attachment-thumbnail size-thumbnail\" alt=\"\" \/><\/a>\n\t\t\t<\/div><\/figure><figure class='gallery-item'>\n\t\t\t<div class='gallery-icon landscape'>\n\t\t\t\t<a href='https:\/\/bibliotekamoscisko.pl\/?attachment_id=1175'><img loading=\"lazy\" decoding=\"async\" width=\"150\" height=\"150\" src=\"https:\/\/bibliotekamoscisko.pl\/wp-content\/uploads\/2015\/01\/DSCN3358-150x150.jpeg\" class=\"attachment-thumbnail size-thumbnail\" alt=\"\" \/><\/a>\n\t\t\t<\/div><\/figure><figure class='gallery-item'>\n\t\t\t<div class='gallery-icon landscape'>\n\t\t\t\t<a href='https:\/\/bibliotekamoscisko.pl\/?attachment_id=1176'><img loading=\"lazy\" decoding=\"async\" width=\"150\" height=\"150\" src=\"https:\/\/bibliotekamoscisko.pl\/wp-content\/uploads\/2015\/01\/DSCN3362-150x150.jpeg\" class=\"attachment-thumbnail size-thumbnail\" alt=\"\" \/><\/a>\n\t\t\t<\/div><\/figure><figure class='gallery-item'>\n\t\t\t<div class='gallery-icon landscape'>\n\t\t\t\t<a href='https:\/\/bibliotekamoscisko.pl\/?attachment_id=1177'><img loading=\"lazy\" decoding=\"async\" width=\"150\" height=\"150\" src=\"https:\/\/bibliotekamoscisko.pl\/wp-content\/uploads\/2015\/01\/DSCN3371-150x150.jpeg\" class=\"attachment-thumbnail size-thumbnail\" alt=\"\" \/><\/a>\n\t\t\t<\/div><\/figure><figure class='gallery-item'>\n\t\t\t<div class='gallery-icon landscape'>\n\t\t\t\t<a href='https:\/\/bibliotekamoscisko.pl\/?attachment_id=1178'><img loading=\"lazy\" decoding=\"async\" width=\"150\" height=\"150\" src=\"https:\/\/bibliotekamoscisko.pl\/wp-content\/uploads\/2015\/01\/DSCN3384-150x150.jpeg\" class=\"attachment-thumbnail size-thumbnail\" alt=\"\" \/><\/a>\n\t\t\t<\/div><\/figure><figure class='gallery-item'>\n\t\t\t<div class='gallery-icon landscape'>\n\t\t\t\t<a href='https:\/\/bibliotekamoscisko.pl\/?attachment_id=1179'><img loading=\"lazy\" decoding=\"async\" width=\"150\" height=\"150\" src=\"https:\/\/bibliotekamoscisko.pl\/wp-content\/uploads\/2015\/01\/DSCN3401-150x150.jpeg\" class=\"attachment-thumbnail size-thumbnail\" alt=\"\" \/><\/a>\n\t\t\t<\/div><\/figure><figure class='gallery-item'>\n\t\t\t<div class='gallery-icon landscape'>\n\t\t\t\t<a href='https:\/\/bibliotekamoscisko.pl\/?attachment_id=1171'><img loading=\"lazy\" decoding=\"async\" width=\"150\" height=\"150\" src=\"https:\/\/bibliotekamoscisko.pl\/wp-content\/uploads\/2015\/01\/DSCN3337-150x150.jpeg\" class=\"attachment-thumbnail size-thumbnail\" alt=\"\" \/><\/a>\n\t\t\t<\/div><\/figure>\n\t\t<\/div>\n\n<p>Uczestnicy spotkania zgodnie uznali potrzeb\u0119 wpisania imprezy w kalendarz wydarze\u0144 gminnych i konieczno\u015b\u0107 \u00a0zorganizowania kol\u0119dowania w przysz\u0142ym roku .<\/p>\n<p>JK<\/p>\n<p>&nbsp;<\/p>\n<p>&nbsp;<\/p>\n","protected":false},"excerpt":{"rendered":"<p>&nbsp; W niedzielne popo\u0142udnie 18 stycznia zespo\u0142y z Gminy Dzier\u017coni\u00f3w spotka\u0142y si\u0119 na wsp\u00f3lnym II Gminnym Kol\u0119dowaniu w Mo\u015bcisku. Z nowymi aran\u017cacjami znanych kol\u0119d i pastora\u0142ek zaprezentowa\u0142y si\u0119 zespo\u0142y: Katarzynki, [&hellip;]<\/p>\n","protected":false},"author":1,"featured_media":1181,"comment_status":"closed","ping_status":"open","sticky":false,"template":"","format":"standard","meta":{"ngg_post_thumbnail":0,"footnotes":""},"categories":[1],"tags":[],"class_list":["post-1170","post","type-post","status-publish","format-standard","has-post-thumbnail","hentry","category-uncategorized"],"_links":{"self":[{"href":"https:\/\/bibliotekamoscisko.pl\/index.php?rest_route=\/wp\/v2\/posts\/1170","targetHints":{"allow":["GET"]}}],"collection":[{"href":"https:\/\/bibliotekamoscisko.pl\/index.php?rest_route=\/wp\/v2\/posts"}],"about":[{"href":"https:\/\/bibliotekamoscisko.pl\/index.php?rest_route=\/wp\/v2\/types\/post"}],"author":[{"embeddable":true,"href":"https:\/\/bibliotekamoscisko.pl\/index.php?rest_route=\/wp\/v2\/users\/1"}],"replies":[{"embeddable":true,"href":"https:\/\/bibliotekamoscisko.pl\/index.php?rest_route=%2Fwp%2Fv2%2Fcomments&post=1170"}],"version-history":[{"count":1,"href":"https:\/\/bibliotekamoscisko.pl\/index.php?rest_route=\/wp\/v2\/posts\/1170\/revisions"}],"predecessor-version":[{"id":1182,"href":"https:\/\/bibliotekamoscisko.pl\/index.php?rest_route=\/wp\/v2\/posts\/1170\/revisions\/1182"}],"wp:featuredmedia":[{"embeddable":true,"href":"https:\/\/bibliotekamoscisko.pl\/index.php?rest_route=\/wp\/v2\/media\/1181"}],"wp:attachment":[{"href":"https:\/\/bibliotekamoscisko.pl\/index.php?rest_route=%2Fwp%2Fv2%2Fmedia&parent=1170"}],"wp:term":[{"taxonomy":"category","embeddable":true,"href":"https:\/\/bibliotekamoscisko.pl\/index.php?rest_route=%2Fwp%2Fv2%2Fcategories&post=1170"},{"taxonomy":"post_tag","embeddable":true,"href":"https:\/\/bibliotekamoscisko.pl\/index.php?rest_route=%2Fwp%2Fv2%2Ftags&post=1170"}],"curies":[{"name":"wp","href":"https:\/\/api.w.org\/{rel}","templated":true}]}}