{"id":1203,"date":"2015-01-21T09:21:52","date_gmt":"2015-01-21T09:21:52","guid":{"rendered":"http:\/\/bibliotekamoscisko.pl\/?p=1203"},"modified":"2015-01-21T09:21:52","modified_gmt":"2015-01-21T09:21:52","slug":"wyniki-konkursow-swiatecznych","status":"publish","type":"post","link":"https:\/\/bibliotekamoscisko.pl\/?p=1203","title":{"rendered":"Wyniki konkurs\u00f3w \u015bwi\u0105tecznych"},"content":{"rendered":"<h2><span style=\"text-decoration: underline;\"><strong><span style=\"color: #993366; text-decoration: underline;\"><em>Rozstrzygni\u0119cie konkursu plastycznego pt. \u201eChoinka moich marze\u0144\u201d.<\/em><\/span><\/strong><\/span><\/h2>\n<p><em>\u00a0<\/em><\/p>\n<p>Dnia 14.I.2015 r. w Bibliotece Publiczno-Szkolnej w Pi\u0142awie Dolnej, zosta\u0142y podane wyniki, oraz wr\u0119czono nagrody laureatom konkursu plastycznego pt. \u201eChoinka moich marze\u0144\u201d w ramach realizacji cyklu \u2013 <em>\u015awi\u0105teczne Impresje Biblioteczne<\/em>.<\/p>\n<p>Dzieci otrzyma\u0142y nagrody z r\u0105k Dyrektora Szko\u0142y Podstawowej w Pi\u0142awie Dolnej imienia Kornela Makuszy\u0144skiego, pani Ma\u0142gorzaty Siwiec i Dyrektora Biblioteki Publicznej Gminy Dzier\u017coni\u00f3w \u2013 Justyny Kaczorowskiej.<\/p>\n<p>&nbsp;<\/p>\n<p>W przedziale wiekowym <strong>klas I-III<\/strong> nagrody otrzymali:<\/p>\n<p><em>I miejsce: Aleksandra Nowak i Gabriela Czak<\/em>.<\/p>\n<p><em>II miejsce: Anna Juraszek i Mi\u0142osz Turek<\/em>.<\/p>\n<p><em>III miejsce: Maria Biernacka i Katarzyna Hajdamowicz<\/em>.<\/p>\n<p>Wyr\u00f3\u017cnienia przyznano dla: Leny Dydyny, Kewina Drzewieckiego, Kamila Kasztelana, Natalii Nalewki, Jessici Pieszczuch.<\/p>\n<p>W przedziale wiekowym <strong>klas IV-VI<\/strong> nagrody otrzymali:<\/p>\n<p>I miejsce: And\u017celika Frygies i Justyna Podawca.<\/p>\n<p>II miejsce: Natalia Grzesiak i Edyta Pindera.<\/p>\n<p>III miejsce: Sabina Nowak i Karolina Hajdamowicz.<\/p>\n<p>Wyr\u00f3\u017cnienia przyznano dla: Krzysztofa Kasztelana, Magdaleny \u015alusarenko, Huberta Ku\u017ami\u0144skiego.<\/p>\n<p>&nbsp;<\/p>\n<div id='gallery-1' class='gallery galleryid-1203 gallery-columns-3 gallery-size-thumbnail'><figure class='gallery-item'>\n\t\t\t<div class='gallery-icon portrait'>\n\t\t\t\t<a href='https:\/\/bibliotekamoscisko.pl\/?attachment_id=1204'><img decoding=\"async\" width=\"150\" height=\"150\" src=\"https:\/\/bibliotekamoscisko.pl\/wp-content\/uploads\/2015\/01\/Choinka-moich-marze\u02dd-1-150x150.jpeg\" class=\"attachment-thumbnail size-thumbnail\" alt=\"\" \/><\/a>\n\t\t\t<\/div><\/figure><figure class='gallery-item'>\n\t\t\t<div class='gallery-icon landscape'>\n\t\t\t\t<a href='https:\/\/bibliotekamoscisko.pl\/?attachment_id=1205'><img decoding=\"async\" width=\"150\" height=\"150\" src=\"https:\/\/bibliotekamoscisko.pl\/wp-content\/uploads\/2015\/01\/Choinka-moich-marze\u02dd-2-150x150.jpeg\" class=\"attachment-thumbnail size-thumbnail\" alt=\"\" \/><\/a>\n\t\t\t<\/div><\/figure><figure class='gallery-item'>\n\t\t\t<div class='gallery-icon portrait'>\n\t\t\t\t<a href='https:\/\/bibliotekamoscisko.pl\/?attachment_id=1206'><img decoding=\"async\" width=\"150\" height=\"150\" src=\"https:\/\/bibliotekamoscisko.pl\/wp-content\/uploads\/2015\/01\/Choinka-moich-marze\u02dd-3-150x150.jpeg\" class=\"attachment-thumbnail size-thumbnail\" alt=\"\" \/><\/a>\n\t\t\t<\/div><\/figure><figure class='gallery-item'>\n\t\t\t<div class='gallery-icon portrait'>\n\t\t\t\t<a href='https:\/\/bibliotekamoscisko.pl\/?attachment_id=1207'><img loading=\"lazy\" decoding=\"async\" width=\"150\" height=\"150\" src=\"https:\/\/bibliotekamoscisko.pl\/wp-content\/uploads\/2015\/01\/Choinka-moich-marze\u02dd-4-150x150.jpeg\" class=\"attachment-thumbnail size-thumbnail\" alt=\"\" \/><\/a>\n\t\t\t<\/div><\/figure><figure class='gallery-item'>\n\t\t\t<div class='gallery-icon portrait'>\n\t\t\t\t<a href='https:\/\/bibliotekamoscisko.pl\/?attachment_id=1208'><img loading=\"lazy\" decoding=\"async\" width=\"150\" height=\"150\" src=\"https:\/\/bibliotekamoscisko.pl\/wp-content\/uploads\/2015\/01\/Choinka-moich-marze\u02dd-5-150x150.jpeg\" class=\"attachment-thumbnail size-thumbnail\" alt=\"\" \/><\/a>\n\t\t\t<\/div><\/figure><figure class='gallery-item'>\n\t\t\t<div class='gallery-icon portrait'>\n\t\t\t\t<a href='https:\/\/bibliotekamoscisko.pl\/?attachment_id=1209'><img loading=\"lazy\" decoding=\"async\" width=\"150\" height=\"150\" src=\"https:\/\/bibliotekamoscisko.pl\/wp-content\/uploads\/2015\/01\/Choinka-moich-marze\u02dd-6-150x150.jpeg\" class=\"attachment-thumbnail size-thumbnail\" alt=\"\" \/><\/a>\n\t\t\t<\/div><\/figure>\n\t\t<\/div>\n\n<p>&nbsp;<\/p>\n<h2><span style=\"text-decoration: underline;\"><span style=\"color: #993366; text-decoration: underline;\"><strong><em>Rozstrzygni\u0119cie konkursu na wiersz o tematyce bo\u017conarodzeniowej.<\/em><\/strong><\/span><\/span><\/h2>\n<p>Na konkurs wp\u0142yn\u0119\u0142o 9 prac. Wszyscy m\u0142odzi autorzy, kt\u00f3rych prace dotar\u0142y do nas otrzymali dyplomy i upominki, kt\u00f3re 16 stycznia wr\u0119czy\u0142a Dyrektor Biblioteki Publicznej Gminy Dzier\u017coni\u00f3w, Justyna Kaczorowska.<\/p>\n<p>I miejsce ex aequo\u00a0 Martyna Mudy<\/p>\n<p>Julita Krzy\u017cak<\/p>\n<p>II miejsce ex aequo\u00a0 Kinga Siekierka<\/p>\n<p>Damian Gulanowski<\/p>\n<p>III miejsce \u00a0 \u00a0 \u00a0 \u00a0 \u00a0 \u00a0 \u00a0 \u00a0 \u00a0Wiktoria Cicha<\/p>\n<p>Wyr\u00f3\u017cnienia otrzymali: Martyna Zieli\u0144ska, Katarzyna Mucha, Nikola Palim\u0105ka, Ola Prasa\u0142.<\/p>\n<p>Gratulujemy laureatom. Wszystkim uczestnikom dzi\u0119kujemy za zaanga\u017cowanie w realizacj\u0119 konkursu.<\/p>\n<p>Prace mo\u017cna podziwia\u0107 w Galerii Biblioteki w Mo\u015bcisku do 14 lutego. Zapraszamy.<\/p>\n<p><span style=\"color: #993366;\"> \u00a0 \u00a0Zapraszamy na kolejne edycje \u015awi\u0105tecznych Impresji Bibliotecznych!!!<\/span><\/p>\n","protected":false},"excerpt":{"rendered":"<p>Rozstrzygni\u0119cie konkursu plastycznego pt. \u201eChoinka moich marze\u0144\u201d. \u00a0 Dnia 14.I.2015 r. w Bibliotece Publiczno-Szkolnej w Pi\u0142awie Dolnej, zosta\u0142y podane wyniki, oraz wr\u0119czono nagrody laureatom konkursu plastycznego pt. \u201eChoinka moich marze\u0144\u201d [&hellip;]<\/p>\n","protected":false},"author":1,"featured_media":1181,"comment_status":"closed","ping_status":"open","sticky":false,"template":"","format":"standard","meta":{"ngg_post_thumbnail":0,"footnotes":""},"categories":[1],"tags":[],"class_list":["post-1203","post","type-post","status-publish","format-standard","has-post-thumbnail","hentry","category-uncategorized"],"_links":{"self":[{"href":"https:\/\/bibliotekamoscisko.pl\/index.php?rest_route=\/wp\/v2\/posts\/1203","targetHints":{"allow":["GET"]}}],"collection":[{"href":"https:\/\/bibliotekamoscisko.pl\/index.php?rest_route=\/wp\/v2\/posts"}],"about":[{"href":"https:\/\/bibliotekamoscisko.pl\/index.php?rest_route=\/wp\/v2\/types\/post"}],"author":[{"embeddable":true,"href":"https:\/\/bibliotekamoscisko.pl\/index.php?rest_route=\/wp\/v2\/users\/1"}],"replies":[{"embeddable":true,"href":"https:\/\/bibliotekamoscisko.pl\/index.php?rest_route=%2Fwp%2Fv2%2Fcomments&post=1203"}],"version-history":[{"count":1,"href":"https:\/\/bibliotekamoscisko.pl\/index.php?rest_route=\/wp\/v2\/posts\/1203\/revisions"}],"predecessor-version":[{"id":1210,"href":"https:\/\/bibliotekamoscisko.pl\/index.php?rest_route=\/wp\/v2\/posts\/1203\/revisions\/1210"}],"wp:featuredmedia":[{"embeddable":true,"href":"https:\/\/bibliotekamoscisko.pl\/index.php?rest_route=\/wp\/v2\/media\/1181"}],"wp:attachment":[{"href":"https:\/\/bibliotekamoscisko.pl\/index.php?rest_route=%2Fwp%2Fv2%2Fmedia&parent=1203"}],"wp:term":[{"taxonomy":"category","embeddable":true,"href":"https:\/\/bibliotekamoscisko.pl\/index.php?rest_route=%2Fwp%2Fv2%2Fcategories&post=1203"},{"taxonomy":"post_tag","embeddable":true,"href":"https:\/\/bibliotekamoscisko.pl\/index.php?rest_route=%2Fwp%2Fv2%2Ftags&post=1203"}],"curies":[{"name":"wp","href":"https:\/\/api.w.org\/{rel}","templated":true}]}}