{"id":1228,"date":"2015-01-23T10:14:38","date_gmt":"2015-01-23T10:14:38","guid":{"rendered":"http:\/\/bibliotekamoscisko.pl\/?p=1228"},"modified":"2015-01-23T10:14:38","modified_gmt":"2015-01-23T10:14:38","slug":"ferie-zimowe-spedzamy-w-bibliotece-warsztaty-ceramiczne-w-dzierzoniowskim-osrodku-kultury","status":"publish","type":"post","link":"https:\/\/bibliotekamoscisko.pl\/?p=1228","title":{"rendered":"Ferie zimowe sp\u0119dzamy w bibliotece. Warsztaty ceramiczne w Dzier\u017coniowskim O\u015brodku Kultury"},"content":{"rendered":"<div>Ferie zimowe w bibliotece szybko biegn\u0105. W \u015brod\u0119 21 stycznia wybrali\u015bmy si\u0119 na wycieczk\u0119 do Dzier\u017coniowa.<\/div>\n<div>Na Wroc\u0142awskiej przywita\u0142 nas uliczny grajek, kt\u00f3ry na skrzypcach przygrywa\u0142 sentymentalne utwory.<\/div>\n<div>\u00a0W Rynku przy pomniku \u015bw. Nepomucena tradycyjnie zrobili\u015bmy sobie pami\u0105tkowe zdj\u0119cie.<\/div>\n<div>\u00a0 Najwi\u0119cej atrakcji by\u0142o jednak w Dzier\u017coniowskim O\u015brodku Kultury.<\/div>\n<div>W pracowni ceramicznej czeka\u0142a na nas Pani Agnieszka Trojak, kt\u00f3ra opowiedzia\u0142a nam o tym co mo\u017cna zrobi\u0107 z glin\u0105 ceramiczn\u0105.<\/div>\n<div>Z entuzjazmem przyst\u0105pili\u015bmy do pracy.<\/div>\n<div>Wykonali\u015bmy pi\u0119kne dzie\u0142a sztuki kt\u00f3re musz\u0105 teraz wyschn\u0105\u0107, a potem zostan\u0105 poddane termicznej obr\u00f3bce.<\/div>\n<div>Za tydzie\u0144 doko\u0144czymy swoje wytwory.<\/div>\n<div>Wielk\u0105 gratk\u0105 dla nas koneser\u00f3w pi\u0119kna okaza\u0142a si\u0119 galeria prac plastycznych, gdzie podziwiali\u015bmy prace prawdziwych artyst\u00f3w.<\/div>\n<div>\u00a0 Po zaj\u0119ciach w DOK-u odwiedzili\u015bmy Bibliotek\u0119 Powiatow\u0105, gdzie przywita\u0142a nas Pani Dyrektor Jadwiga Horanin.<\/div>\n<div>Pani Anna Plewak opowiada\u0142a \u00a0ciekawie o ksi\u0105\u017ckach i \u017cal nam by\u0142o wraca\u0107 do Ostroszowic.<\/div>\n<div>\n<div id='gallery-1' class='gallery galleryid-1228 gallery-columns-3 gallery-size-thumbnail'><figure class='gallery-item'>\n\t\t\t<div class='gallery-icon landscape'>\n\t\t\t\t<a href='https:\/\/bibliotekamoscisko.pl\/?attachment_id=1229'><img decoding=\"async\" width=\"150\" height=\"150\" src=\"https:\/\/bibliotekamoscisko.pl\/wp-content\/uploads\/2015\/01\/a-150x150.jpeg\" class=\"attachment-thumbnail size-thumbnail\" alt=\"\" \/><\/a>\n\t\t\t<\/div><\/figure><figure class='gallery-item'>\n\t\t\t<div class='gallery-icon landscape'>\n\t\t\t\t<a href='https:\/\/bibliotekamoscisko.pl\/?attachment_id=1230'><img decoding=\"async\" width=\"150\" height=\"150\" src=\"https:\/\/bibliotekamoscisko.pl\/wp-content\/uploads\/2015\/01\/b-150x150.jpeg\" class=\"attachment-thumbnail size-thumbnail\" alt=\"\" \/><\/a>\n\t\t\t<\/div><\/figure><figure class='gallery-item'>\n\t\t\t<div class='gallery-icon landscape'>\n\t\t\t\t<a href='https:\/\/bibliotekamoscisko.pl\/?attachment_id=1231'><img decoding=\"async\" width=\"150\" height=\"150\" src=\"https:\/\/bibliotekamoscisko.pl\/wp-content\/uploads\/2015\/01\/f-150x150.jpeg\" class=\"attachment-thumbnail size-thumbnail\" alt=\"\" \/><\/a>\n\t\t\t<\/div><\/figure><figure class='gallery-item'>\n\t\t\t<div class='gallery-icon landscape'>\n\t\t\t\t<a href='https:\/\/bibliotekamoscisko.pl\/?attachment_id=1232'><img loading=\"lazy\" decoding=\"async\" width=\"150\" height=\"150\" src=\"https:\/\/bibliotekamoscisko.pl\/wp-content\/uploads\/2015\/01\/IMG_0177-150x150.jpeg\" class=\"attachment-thumbnail size-thumbnail\" alt=\"\" \/><\/a>\n\t\t\t<\/div><\/figure><figure class='gallery-item'>\n\t\t\t<div class='gallery-icon landscape'>\n\t\t\t\t<a href='https:\/\/bibliotekamoscisko.pl\/?attachment_id=1233'><img loading=\"lazy\" decoding=\"async\" width=\"150\" height=\"150\" src=\"https:\/\/bibliotekamoscisko.pl\/wp-content\/uploads\/2015\/01\/IMG_0182-150x150.jpeg\" class=\"attachment-thumbnail size-thumbnail\" alt=\"\" \/><\/a>\n\t\t\t<\/div><\/figure><figure class='gallery-item'>\n\t\t\t<div class='gallery-icon landscape'>\n\t\t\t\t<a href='https:\/\/bibliotekamoscisko.pl\/?attachment_id=1234'><img loading=\"lazy\" decoding=\"async\" width=\"150\" height=\"150\" src=\"https:\/\/bibliotekamoscisko.pl\/wp-content\/uploads\/2015\/01\/IMG_0188-150x150.jpeg\" class=\"attachment-thumbnail size-thumbnail\" alt=\"\" \/><\/a>\n\t\t\t<\/div><\/figure><figure class='gallery-item'>\n\t\t\t<div class='gallery-icon landscape'>\n\t\t\t\t<a href='https:\/\/bibliotekamoscisko.pl\/?attachment_id=1235'><img loading=\"lazy\" decoding=\"async\" width=\"150\" height=\"150\" src=\"https:\/\/bibliotekamoscisko.pl\/wp-content\/uploads\/2015\/01\/IMG_0194-150x150.jpeg\" class=\"attachment-thumbnail size-thumbnail\" alt=\"\" \/><\/a>\n\t\t\t<\/div><\/figure><figure class='gallery-item'>\n\t\t\t<div class='gallery-icon landscape'>\n\t\t\t\t<a href='https:\/\/bibliotekamoscisko.pl\/?attachment_id=1236'><img loading=\"lazy\" decoding=\"async\" width=\"150\" height=\"150\" src=\"https:\/\/bibliotekamoscisko.pl\/wp-content\/uploads\/2015\/01\/IMG_0242-150x150.jpeg\" class=\"attachment-thumbnail size-thumbnail\" alt=\"\" \/><\/a>\n\t\t\t<\/div><\/figure><figure class='gallery-item'>\n\t\t\t<div class='gallery-icon landscape'>\n\t\t\t\t<a href='https:\/\/bibliotekamoscisko.pl\/?attachment_id=1237'><img loading=\"lazy\" decoding=\"async\" width=\"150\" height=\"150\" src=\"https:\/\/bibliotekamoscisko.pl\/wp-content\/uploads\/2015\/01\/IMG_0252-150x150.jpeg\" class=\"attachment-thumbnail size-thumbnail\" alt=\"\" \/><\/a>\n\t\t\t<\/div><\/figure><figure class='gallery-item'>\n\t\t\t<div class='gallery-icon landscape'>\n\t\t\t\t<a href='https:\/\/bibliotekamoscisko.pl\/?attachment_id=1238'><img loading=\"lazy\" decoding=\"async\" width=\"150\" height=\"150\" src=\"https:\/\/bibliotekamoscisko.pl\/wp-content\/uploads\/2015\/01\/IMG_0254-150x150.jpeg\" class=\"attachment-thumbnail size-thumbnail\" alt=\"\" \/><\/a>\n\t\t\t<\/div><\/figure>\n\t\t<\/div>\n\n<\/div>\n<div>mk<\/div>\n","protected":false},"excerpt":{"rendered":"<p>Ferie zimowe w bibliotece szybko biegn\u0105. W \u015brod\u0119 21 stycznia wybrali\u015bmy si\u0119 na wycieczk\u0119 do Dzier\u017coniowa. Na Wroc\u0142awskiej przywita\u0142 nas uliczny grajek, kt\u00f3ry na skrzypcach przygrywa\u0142 sentymentalne utwory. \u00a0W Rynku [&hellip;]<\/p>\n","protected":false},"author":1,"featured_media":1239,"comment_status":"closed","ping_status":"open","sticky":false,"template":"","format":"standard","meta":{"ngg_post_thumbnail":0,"footnotes":""},"categories":[1],"tags":[],"class_list":["post-1228","post","type-post","status-publish","format-standard","has-post-thumbnail","hentry","category-uncategorized"],"_links":{"self":[{"href":"https:\/\/bibliotekamoscisko.pl\/index.php?rest_route=\/wp\/v2\/posts\/1228","targetHints":{"allow":["GET"]}}],"collection":[{"href":"https:\/\/bibliotekamoscisko.pl\/index.php?rest_route=\/wp\/v2\/posts"}],"about":[{"href":"https:\/\/bibliotekamoscisko.pl\/index.php?rest_route=\/wp\/v2\/types\/post"}],"author":[{"embeddable":true,"href":"https:\/\/bibliotekamoscisko.pl\/index.php?rest_route=\/wp\/v2\/users\/1"}],"replies":[{"embeddable":true,"href":"https:\/\/bibliotekamoscisko.pl\/index.php?rest_route=%2Fwp%2Fv2%2Fcomments&post=1228"}],"version-history":[{"count":1,"href":"https:\/\/bibliotekamoscisko.pl\/index.php?rest_route=\/wp\/v2\/posts\/1228\/revisions"}],"predecessor-version":[{"id":1240,"href":"https:\/\/bibliotekamoscisko.pl\/index.php?rest_route=\/wp\/v2\/posts\/1228\/revisions\/1240"}],"wp:featuredmedia":[{"embeddable":true,"href":"https:\/\/bibliotekamoscisko.pl\/index.php?rest_route=\/wp\/v2\/media\/1239"}],"wp:attachment":[{"href":"https:\/\/bibliotekamoscisko.pl\/index.php?rest_route=%2Fwp%2Fv2%2Fmedia&parent=1228"}],"wp:term":[{"taxonomy":"category","embeddable":true,"href":"https:\/\/bibliotekamoscisko.pl\/index.php?rest_route=%2Fwp%2Fv2%2Fcategories&post=1228"},{"taxonomy":"post_tag","embeddable":true,"href":"https:\/\/bibliotekamoscisko.pl\/index.php?rest_route=%2Fwp%2Fv2%2Ftags&post=1228"}],"curies":[{"name":"wp","href":"https:\/\/api.w.org\/{rel}","templated":true}]}}