{"id":1309,"date":"2015-02-03T09:57:04","date_gmt":"2015-02-03T09:57:04","guid":{"rendered":"http:\/\/bibliotekamoscisko.pl\/?p=1309"},"modified":"2015-02-03T09:57:04","modified_gmt":"2015-02-03T09:57:04","slug":"wspomnienia-ferii-w-bibliotece-w-pilawie-dolnej","status":"publish","type":"post","link":"https:\/\/bibliotekamoscisko.pl\/?p=1309","title":{"rendered":"Wspomnienia ferii w bibliotece w Pi\u0142awie Dolnej"},"content":{"rendered":"<p>W\u015br\u00f3d wsp\u00f3lnych spotka\u0144 z dzie\u0107mi, pr\u00f3cz gier planszowych, czy komputerowych, by\u0142o kolorowo i weso\u0142o w bibliotece.<\/p>\n<p>Dzieci wykonywa\u0142y obrazki dla swoich dziadk\u00f3w, rzucali\u015bmy pi\u0142eczk\u0105 do kr\u0119gli, by\u0142 tor przeszk\u00f3d \u2013 tunel. Wys\u0142uchali\u015bmy bajki Jakuba i Wilhelma Grimm pt. \u201eO rybaku i z\u0142otej rybce\u201d \u2013 z podzia\u0142em na role.<\/p>\n<p>Malowali\u015bmy, szukali\u015bmy skarb\u00f3w, dzieci uk\u0142ada\u0142y przedmioty do pary i nie do pary, dopasowuj\u0105c do siebie identyczne przedmioty. By\u0142y gry sprawno\u015bciowe, edukacyjne. Wi\u0119kszo\u015b\u0107 zabaw da si\u0119 zorganizowa\u0107 przy u\u017cyciu \u0142atwo dost\u0119pnych rekwizyt\u00f3w. Towarzyszy\u0142 nam weso\u0142y nastr\u00f3j w dobrym gronie.<\/p>\n<div id='gallery-1' class='gallery galleryid-1309 gallery-columns-3 gallery-size-thumbnail'><figure class='gallery-item'>\n\t\t\t<div class='gallery-icon portrait'>\n\t\t\t\t<a href='https:\/\/bibliotekamoscisko.pl\/?attachment_id=1324'><img decoding=\"async\" width=\"150\" height=\"150\" src=\"https:\/\/bibliotekamoscisko.pl\/wp-content\/uploads\/2015\/02\/Wspomnienie-ferii-w-bibliotece-w-Pi-awie-Dolnej-15-150x150.jpeg\" class=\"attachment-thumbnail size-thumbnail\" alt=\"\" \/><\/a>\n\t\t\t<\/div><\/figure><figure class='gallery-item'>\n\t\t\t<div class='gallery-icon landscape'>\n\t\t\t\t<a href='https:\/\/bibliotekamoscisko.pl\/?attachment_id=1323'><img decoding=\"async\" width=\"150\" height=\"150\" src=\"https:\/\/bibliotekamoscisko.pl\/wp-content\/uploads\/2015\/02\/Wspomnienie-ferii-w-bibliotece-w-Pi-awie-Dolnej-14-150x150.jpeg\" class=\"attachment-thumbnail size-thumbnail\" alt=\"\" \/><\/a>\n\t\t\t<\/div><\/figure><figure class='gallery-item'>\n\t\t\t<div class='gallery-icon landscape'>\n\t\t\t\t<a href='https:\/\/bibliotekamoscisko.pl\/?attachment_id=1322'><img decoding=\"async\" width=\"150\" height=\"150\" src=\"https:\/\/bibliotekamoscisko.pl\/wp-content\/uploads\/2015\/02\/Wspomnienie-ferii-w-bibliotece-w-Pi-awie-Dolnej-13-150x150.jpeg\" class=\"attachment-thumbnail size-thumbnail\" alt=\"\" \/><\/a>\n\t\t\t<\/div><\/figure><figure class='gallery-item'>\n\t\t\t<div class='gallery-icon landscape'>\n\t\t\t\t<a href='https:\/\/bibliotekamoscisko.pl\/?attachment_id=1321'><img loading=\"lazy\" decoding=\"async\" width=\"150\" height=\"150\" src=\"https:\/\/bibliotekamoscisko.pl\/wp-content\/uploads\/2015\/02\/Wspomnienie-ferii-w-bibliotece-w-Pi-awie-Dolnej-12-150x150.jpeg\" class=\"attachment-thumbnail size-thumbnail\" alt=\"\" \/><\/a>\n\t\t\t<\/div><\/figure><figure class='gallery-item'>\n\t\t\t<div class='gallery-icon portrait'>\n\t\t\t\t<a href='https:\/\/bibliotekamoscisko.pl\/?attachment_id=1320'><img loading=\"lazy\" decoding=\"async\" width=\"150\" height=\"150\" src=\"https:\/\/bibliotekamoscisko.pl\/wp-content\/uploads\/2015\/02\/Wspomnienie-ferii-w-bibliotece-w-Pi-awie-Dolnej-11-150x150.jpeg\" class=\"attachment-thumbnail size-thumbnail\" alt=\"\" \/><\/a>\n\t\t\t<\/div><\/figure><figure class='gallery-item'>\n\t\t\t<div class='gallery-icon landscape'>\n\t\t\t\t<a href='https:\/\/bibliotekamoscisko.pl\/?attachment_id=1319'><img loading=\"lazy\" decoding=\"async\" width=\"150\" height=\"150\" src=\"https:\/\/bibliotekamoscisko.pl\/wp-content\/uploads\/2015\/02\/Wspomnienie-ferii-w-bibliotece-w-Pi-awie-Dolnej-10-150x150.jpeg\" class=\"attachment-thumbnail size-thumbnail\" alt=\"\" \/><\/a>\n\t\t\t<\/div><\/figure><figure class='gallery-item'>\n\t\t\t<div class='gallery-icon landscape'>\n\t\t\t\t<a href='https:\/\/bibliotekamoscisko.pl\/?attachment_id=1318'><img loading=\"lazy\" decoding=\"async\" width=\"150\" height=\"150\" src=\"https:\/\/bibliotekamoscisko.pl\/wp-content\/uploads\/2015\/02\/Wspomnienie-ferii-w-bibliotece-w-Pi-awie-Dolnej-9-150x150.jpeg\" class=\"attachment-thumbnail size-thumbnail\" alt=\"\" \/><\/a>\n\t\t\t<\/div><\/figure><figure class='gallery-item'>\n\t\t\t<div class='gallery-icon landscape'>\n\t\t\t\t<a href='https:\/\/bibliotekamoscisko.pl\/?attachment_id=1316'><img loading=\"lazy\" decoding=\"async\" width=\"150\" height=\"150\" src=\"https:\/\/bibliotekamoscisko.pl\/wp-content\/uploads\/2015\/02\/Wspomnienie-ferii-w-bibliotece-w-Pi-awie-Dolnej-7-150x150.jpeg\" class=\"attachment-thumbnail size-thumbnail\" alt=\"\" \/><\/a>\n\t\t\t<\/div><\/figure><figure class='gallery-item'>\n\t\t\t<div class='gallery-icon landscape'>\n\t\t\t\t<a href='https:\/\/bibliotekamoscisko.pl\/?attachment_id=1317'><img loading=\"lazy\" decoding=\"async\" width=\"150\" height=\"150\" src=\"https:\/\/bibliotekamoscisko.pl\/wp-content\/uploads\/2015\/02\/Wspomnienie-ferii-w-bibliotece-w-Pi-awie-Dolnej-8-150x150.jpeg\" class=\"attachment-thumbnail size-thumbnail\" alt=\"\" \/><\/a>\n\t\t\t<\/div><\/figure><figure class='gallery-item'>\n\t\t\t<div class='gallery-icon landscape'>\n\t\t\t\t<a href='https:\/\/bibliotekamoscisko.pl\/?attachment_id=1315'><img loading=\"lazy\" decoding=\"async\" width=\"150\" height=\"150\" src=\"https:\/\/bibliotekamoscisko.pl\/wp-content\/uploads\/2015\/02\/Wspomnienie-ferii-w-bibliotece-w-Pi-awie-Dolnej-6-150x150.jpeg\" class=\"attachment-thumbnail size-thumbnail\" alt=\"\" \/><\/a>\n\t\t\t<\/div><\/figure><figure class='gallery-item'>\n\t\t\t<div class='gallery-icon landscape'>\n\t\t\t\t<a href='https:\/\/bibliotekamoscisko.pl\/?attachment_id=1310'><img loading=\"lazy\" decoding=\"async\" width=\"150\" height=\"150\" src=\"https:\/\/bibliotekamoscisko.pl\/wp-content\/uploads\/2015\/02\/Wspomnienie-ferii-w-bibliotece-w-Pi-awie-Dolnej-1-150x150.jpeg\" class=\"attachment-thumbnail size-thumbnail\" alt=\"\" \/><\/a>\n\t\t\t<\/div><\/figure><figure class='gallery-item'>\n\t\t\t<div class='gallery-icon portrait'>\n\t\t\t\t<a href='https:\/\/bibliotekamoscisko.pl\/?attachment_id=1311'><img loading=\"lazy\" decoding=\"async\" width=\"150\" height=\"150\" src=\"https:\/\/bibliotekamoscisko.pl\/wp-content\/uploads\/2015\/02\/Wspomnienie-ferii-w-bibliotece-w-Pi-awie-Dolnej-2-150x150.jpeg\" class=\"attachment-thumbnail size-thumbnail\" alt=\"\" \/><\/a>\n\t\t\t<\/div><\/figure><figure class='gallery-item'>\n\t\t\t<div class='gallery-icon landscape'>\n\t\t\t\t<a href='https:\/\/bibliotekamoscisko.pl\/?attachment_id=1312'><img loading=\"lazy\" decoding=\"async\" width=\"150\" height=\"150\" src=\"https:\/\/bibliotekamoscisko.pl\/wp-content\/uploads\/2015\/02\/Wspomnienie-ferii-w-bibliotece-w-Pi-awie-Dolnej-3-150x150.jpeg\" class=\"attachment-thumbnail size-thumbnail\" alt=\"\" \/><\/a>\n\t\t\t<\/div><\/figure><figure class='gallery-item'>\n\t\t\t<div class='gallery-icon portrait'>\n\t\t\t\t<a href='https:\/\/bibliotekamoscisko.pl\/?attachment_id=1313'><img loading=\"lazy\" decoding=\"async\" width=\"150\" height=\"150\" src=\"https:\/\/bibliotekamoscisko.pl\/wp-content\/uploads\/2015\/02\/Wspomnienie-ferii-w-bibliotece-w-Pi-awie-Dolnej-4-150x150.jpeg\" class=\"attachment-thumbnail size-thumbnail\" alt=\"\" \/><\/a>\n\t\t\t<\/div><\/figure><figure class='gallery-item'>\n\t\t\t<div class='gallery-icon portrait'>\n\t\t\t\t<a href='https:\/\/bibliotekamoscisko.pl\/?attachment_id=1314'><img loading=\"lazy\" decoding=\"async\" width=\"150\" height=\"150\" src=\"https:\/\/bibliotekamoscisko.pl\/wp-content\/uploads\/2015\/02\/Wspomnienie-ferii-w-bibliotece-w-Pi-awie-Dolnej-5-150x150.jpeg\" class=\"attachment-thumbnail size-thumbnail\" alt=\"\" \/><\/a>\n\t\t\t<\/div><\/figure>\n\t\t<\/div>\n\n<p><a href=\"http:\/\/bibliotekamoscisko.pl\/wp-content\/uploads\/2015\/02\/Wspomnienie-ferii-w-bibliotece-w-Pi-awie-Dolnej-1.jpeg\"><br \/>\n<\/a> <a href=\"http:\/\/bibliotekamoscisko.pl\/wp-content\/uploads\/2015\/02\/Wspomnienie-ferii-w-bibliotece-w-Pi-awie-Dolnej-2.jpeg\"><br \/>\n<\/a> <a href=\"http:\/\/bibliotekamoscisko.pl\/wp-content\/uploads\/2015\/02\/Wspomnienie-ferii-w-bibliotece-w-Pi-awie-Dolnej-3.jpeg\"><br \/>\n<\/a> Dzi\u0119kuj\u0119 za odwiedziny i zapraszam do biblioteki.<a href=\"http:\/\/bibliotekamoscisko.pl\/wp-content\/uploads\/2015\/02\/Wspomnienie-ferii-w-bibliotece-w-Pi-awie-Dolnej-4.jpeg\"><br \/>\n<\/a><\/p>\n<p>Wanda Kun<\/p>\n","protected":false},"excerpt":{"rendered":"<p>W\u015br\u00f3d wsp\u00f3lnych spotka\u0144 z dzie\u0107mi, pr\u00f3cz gier planszowych, czy komputerowych, by\u0142o kolorowo i weso\u0142o w bibliotece. Dzieci wykonywa\u0142y obrazki dla swoich dziadk\u00f3w, rzucali\u015bmy pi\u0142eczk\u0105 do kr\u0119gli, by\u0142 tor przeszk\u00f3d \u2013 [&hellip;]<\/p>\n","protected":false},"author":1,"featured_media":1320,"comment_status":"closed","ping_status":"open","sticky":false,"template":"","format":"standard","meta":{"ngg_post_thumbnail":0,"footnotes":""},"categories":[1],"tags":[],"class_list":["post-1309","post","type-post","status-publish","format-standard","has-post-thumbnail","hentry","category-uncategorized"],"_links":{"self":[{"href":"https:\/\/bibliotekamoscisko.pl\/index.php?rest_route=\/wp\/v2\/posts\/1309","targetHints":{"allow":["GET"]}}],"collection":[{"href":"https:\/\/bibliotekamoscisko.pl\/index.php?rest_route=\/wp\/v2\/posts"}],"about":[{"href":"https:\/\/bibliotekamoscisko.pl\/index.php?rest_route=\/wp\/v2\/types\/post"}],"author":[{"embeddable":true,"href":"https:\/\/bibliotekamoscisko.pl\/index.php?rest_route=\/wp\/v2\/users\/1"}],"replies":[{"embeddable":true,"href":"https:\/\/bibliotekamoscisko.pl\/index.php?rest_route=%2Fwp%2Fv2%2Fcomments&post=1309"}],"version-history":[{"count":1,"href":"https:\/\/bibliotekamoscisko.pl\/index.php?rest_route=\/wp\/v2\/posts\/1309\/revisions"}],"predecessor-version":[{"id":1325,"href":"https:\/\/bibliotekamoscisko.pl\/index.php?rest_route=\/wp\/v2\/posts\/1309\/revisions\/1325"}],"wp:featuredmedia":[{"embeddable":true,"href":"https:\/\/bibliotekamoscisko.pl\/index.php?rest_route=\/wp\/v2\/media\/1320"}],"wp:attachment":[{"href":"https:\/\/bibliotekamoscisko.pl\/index.php?rest_route=%2Fwp%2Fv2%2Fmedia&parent=1309"}],"wp:term":[{"taxonomy":"category","embeddable":true,"href":"https:\/\/bibliotekamoscisko.pl\/index.php?rest_route=%2Fwp%2Fv2%2Fcategories&post=1309"},{"taxonomy":"post_tag","embeddable":true,"href":"https:\/\/bibliotekamoscisko.pl\/index.php?rest_route=%2Fwp%2Fv2%2Ftags&post=1309"}],"curies":[{"name":"wp","href":"https:\/\/api.w.org\/{rel}","templated":true}]}}