{"id":1359,"date":"2015-02-06T11:38:36","date_gmt":"2015-02-06T11:38:36","guid":{"rendered":"http:\/\/bibliotekamoscisko.pl\/?p=1359"},"modified":"2015-02-06T11:38:36","modified_gmt":"2015-02-06T11:38:36","slug":"zabawa-choinkowa-i-dzien-seniora-w-owiesnie","status":"publish","type":"post","link":"https:\/\/bibliotekamoscisko.pl\/?p=1359","title":{"rendered":"Zabawa Choinkowa  i Dzie\u0144 Seniora w Owie\u015bnie"},"content":{"rendered":"<p>24 i 25 stycznia biblioteka w Owie\u015bnie ju\u017c tradycyjnie jak co roku zorganizowa\u0142a przy wsp\u00f3\u0142pracy Rady So\u0142eckie\u00a0 spotkania dla najm\u0142odszych i najstarszych mieszka\u0144c\u00f3w Owiesna.<\/p>\n<p>W sobot\u0119\u00a0 podczas Zabawy Choinkowej do dzieci z dalekiej Laponii przyjecha\u0142 Miko\u0142aj z wielkim workiem prezent\u00f3w. Nie zabrak\u0142o r\u00f3wnie\u017c wsp\u00f3lnej zabawy przy muzyce, konkurs\u00f3w, malowania twarzy oraz pocz\u0119stunku.<\/p>\n<div id='gallery-1' class='gallery galleryid-1359 gallery-columns-3 gallery-size-thumbnail'><figure class='gallery-item'>\n\t\t\t<div class='gallery-icon landscape'>\n\t\t\t\t<a href='https:\/\/bibliotekamoscisko.pl\/?attachment_id=1360'><img decoding=\"async\" width=\"150\" height=\"150\" src=\"https:\/\/bibliotekamoscisko.pl\/wp-content\/uploads\/2015\/02\/DSC_9028-150x150.jpeg\" class=\"attachment-thumbnail size-thumbnail\" alt=\"\" \/><\/a>\n\t\t\t<\/div><\/figure><figure class='gallery-item'>\n\t\t\t<div class='gallery-icon landscape'>\n\t\t\t\t<a href='https:\/\/bibliotekamoscisko.pl\/?attachment_id=1361'><img decoding=\"async\" width=\"150\" height=\"150\" src=\"https:\/\/bibliotekamoscisko.pl\/wp-content\/uploads\/2015\/02\/DSC_9082-150x150.jpeg\" class=\"attachment-thumbnail size-thumbnail\" alt=\"\" \/><\/a>\n\t\t\t<\/div><\/figure><figure class='gallery-item'>\n\t\t\t<div class='gallery-icon portrait'>\n\t\t\t\t<a href='https:\/\/bibliotekamoscisko.pl\/?attachment_id=1362'><img decoding=\"async\" width=\"150\" height=\"150\" src=\"https:\/\/bibliotekamoscisko.pl\/wp-content\/uploads\/2015\/02\/DSC_9123-150x150.jpeg\" class=\"attachment-thumbnail size-thumbnail\" alt=\"\" \/><\/a>\n\t\t\t<\/div><\/figure>\n\t\t<\/div>\n\n<p>W niedziel\u0119 sala wype\u0142ni\u0142a si\u0119 go\u015b\u0107mi o bogatym \u017cyciorysie i do\u015bwiadczeniu. Wszyscy zaproszeni seniorzy mieli okazj\u0119 prze\u017cywa\u0107 swoj\u0105 uroczysto\u015b\u0107 w gronie zaproszonych go\u015bci m.in. p. w\u00f3jta \u00a0Marka Chmielewskiego.<\/p>\n<div id='gallery-2' class='gallery galleryid-1359 gallery-columns-3 gallery-size-thumbnail'><figure class='gallery-item'>\n\t\t\t<div class='gallery-icon landscape'>\n\t\t\t\t<a href='https:\/\/bibliotekamoscisko.pl\/?attachment_id=1363'><img loading=\"lazy\" decoding=\"async\" width=\"150\" height=\"150\" src=\"https:\/\/bibliotekamoscisko.pl\/wp-content\/uploads\/2015\/02\/DSC_8989-150x150.jpeg\" class=\"attachment-thumbnail size-thumbnail\" alt=\"\" \/><\/a>\n\t\t\t<\/div><\/figure><figure class='gallery-item'>\n\t\t\t<div class='gallery-icon landscape'>\n\t\t\t\t<a href='https:\/\/bibliotekamoscisko.pl\/?attachment_id=1364'><img loading=\"lazy\" decoding=\"async\" width=\"150\" height=\"150\" src=\"https:\/\/bibliotekamoscisko.pl\/wp-content\/uploads\/2015\/02\/DSC_9003-150x150.jpeg\" class=\"attachment-thumbnail size-thumbnail\" alt=\"\" \/><\/a>\n\t\t\t<\/div><\/figure><figure class='gallery-item'>\n\t\t\t<div class='gallery-icon landscape'>\n\t\t\t\t<a href='https:\/\/bibliotekamoscisko.pl\/?attachment_id=1365'><img loading=\"lazy\" decoding=\"async\" width=\"150\" height=\"150\" src=\"https:\/\/bibliotekamoscisko.pl\/wp-content\/uploads\/2015\/02\/DSC_9065-150x150.jpeg\" class=\"attachment-thumbnail size-thumbnail\" alt=\"\" \/><\/a>\n\t\t\t<\/div><\/figure>\n\t\t<\/div>\n\n<p>Mi\u0142ym akcentem tego dnia by\u0142o nagrodzenie najrzetelniejszych czytelnik\u00f3w biblioteki\u00a0 \u00a0w Owie\u015bnie. Wszyscy wyr\u00f3\u017cnieni otrzymali dyplomy i drobne upominki.<\/p>\n<p>J.P.<\/p>\n","protected":false},"excerpt":{"rendered":"<p>24 i 25 stycznia biblioteka w Owie\u015bnie ju\u017c tradycyjnie jak co roku zorganizowa\u0142a przy wsp\u00f3\u0142pracy Rady So\u0142eckie\u00a0 spotkania dla najm\u0142odszych i najstarszych mieszka\u0144c\u00f3w Owiesna. W sobot\u0119\u00a0 podczas Zabawy Choinkowej do [&hellip;]<\/p>\n","protected":false},"author":1,"featured_media":1362,"comment_status":"closed","ping_status":"open","sticky":false,"template":"","format":"standard","meta":{"ngg_post_thumbnail":0,"footnotes":""},"categories":[1],"tags":[],"class_list":["post-1359","post","type-post","status-publish","format-standard","has-post-thumbnail","hentry","category-uncategorized"],"_links":{"self":[{"href":"https:\/\/bibliotekamoscisko.pl\/index.php?rest_route=\/wp\/v2\/posts\/1359","targetHints":{"allow":["GET"]}}],"collection":[{"href":"https:\/\/bibliotekamoscisko.pl\/index.php?rest_route=\/wp\/v2\/posts"}],"about":[{"href":"https:\/\/bibliotekamoscisko.pl\/index.php?rest_route=\/wp\/v2\/types\/post"}],"author":[{"embeddable":true,"href":"https:\/\/bibliotekamoscisko.pl\/index.php?rest_route=\/wp\/v2\/users\/1"}],"replies":[{"embeddable":true,"href":"https:\/\/bibliotekamoscisko.pl\/index.php?rest_route=%2Fwp%2Fv2%2Fcomments&post=1359"}],"version-history":[{"count":1,"href":"https:\/\/bibliotekamoscisko.pl\/index.php?rest_route=\/wp\/v2\/posts\/1359\/revisions"}],"predecessor-version":[{"id":1366,"href":"https:\/\/bibliotekamoscisko.pl\/index.php?rest_route=\/wp\/v2\/posts\/1359\/revisions\/1366"}],"wp:featuredmedia":[{"embeddable":true,"href":"https:\/\/bibliotekamoscisko.pl\/index.php?rest_route=\/wp\/v2\/media\/1362"}],"wp:attachment":[{"href":"https:\/\/bibliotekamoscisko.pl\/index.php?rest_route=%2Fwp%2Fv2%2Fmedia&parent=1359"}],"wp:term":[{"taxonomy":"category","embeddable":true,"href":"https:\/\/bibliotekamoscisko.pl\/index.php?rest_route=%2Fwp%2Fv2%2Fcategories&post=1359"},{"taxonomy":"post_tag","embeddable":true,"href":"https:\/\/bibliotekamoscisko.pl\/index.php?rest_route=%2Fwp%2Fv2%2Ftags&post=1359"}],"curies":[{"name":"wp","href":"https:\/\/api.w.org\/{rel}","templated":true}]}}