{"id":1371,"date":"2015-02-10T09:52:35","date_gmt":"2015-02-10T09:52:35","guid":{"rendered":"http:\/\/bibliotekamoscisko.pl\/?p=1371"},"modified":"2015-02-10T10:16:36","modified_gmt":"2015-02-10T10:16:36","slug":"spotkanie-z-tomaszem-grudzinskim","status":"publish","type":"post","link":"https:\/\/bibliotekamoscisko.pl\/?p=1371","title":{"rendered":"Spotkanie z Tomaszem Grudzi\u0144skim"},"content":{"rendered":"<p>Zapraszamy na spotkanie z Tomaszem Grudzi\u0144ski, autorem wnikliwego opracowania dziej\u00f3w \u015awidnicy:<\/p>\n<p><em><strong>&#8222;Mi\u0119dzy twierdz\u0105 a miastem wolnym. Obraz \u017cycia miejskiego \u015awidnicy w latach 1815-1870&#8221;<\/strong><\/em><\/p>\n<p>Ksi\u0105\u017cka jest pr\u00f3b\u0105 rekonstrukcji \u015bwiata, kt\u00f3ry przemin\u0105\u0142. Na przyk\u0142adzie \u015awidnicy autor ukazuje ca\u0142okszta\u0142t \u017cycia, jakie toczy\u0142o si\u0119 w \u015bl\u0105skim mie\u015bcie w XIX wieku, w dobie przemian spo\u0142eczno-gospodarczych. Tytu\u0142 sygnalizuje, \u017ce w omawianym okresie miasto uwolni si\u0119 spod jarzma twierdzy, co prze\u0142o\u017cy si\u0119 na jego urbanizacyjny i demograficzny rozrost. Z opisem mechanizm\u00f3w funkcjonowania samorz\u0105du miejskiego, opieki spo\u0142ecznej, handlu, rzemios\u0142a i przemys\u0142u autor zestawi\u0142 obraz codziennego \u017cycia \u015bwidniczan \u2013 pisze o ich rozrywkach, formach spo\u0142ecznej asocjacji, w ko\u0144cu tak\u017ce o miejscowych zwyczajach. Tre\u015b\u0107 wzbogacona zosta\u0142a w cytaty pochodz\u0105ce z prasy z tamtego czasu, przez co niemiecka przesz\u0142o\u015b\u0107 miasta staje si\u0119 dla Czytelnika mniej obca i nabiera \u017cywego wymiaru &#8211; czytamy na stronie Wydawnictwa Atut, kt\u00f3re podj\u0119\u0142o si\u0119 przedstawi\u0107 w pi\u0119knej formie zebrane przez autora materia\u0142y.<\/p>\n<p><a href=\"http:\/\/bibliotekamoscisko.pl\/wp-content\/uploads\/2015\/02\/Grudzi\u0144ski.jpg\"><img fetchpriority=\"high\" decoding=\"async\" class=\"aligncenter wp-image-1372 size-full\" src=\"http:\/\/bibliotekamoscisko.pl\/wp-content\/uploads\/2015\/02\/Grudzi\u0144ski.jpg\" alt=\"Grudzi\u0144ski\" width=\"577\" height=\"859\" srcset=\"https:\/\/bibliotekamoscisko.pl\/wp-content\/uploads\/2015\/02\/Grudzi\u0144ski.jpg 577w, https:\/\/bibliotekamoscisko.pl\/wp-content\/uploads\/2015\/02\/Grudzi\u0144ski-201x300.jpg 201w\" sizes=\"(max-width: 577px) 100vw, 577px\" \/><\/a><\/p>\n<p>&nbsp;<\/p>\n","protected":false},"excerpt":{"rendered":"<p>Zapraszamy na spotkanie z Tomaszem Grudzi\u0144ski, autorem wnikliwego opracowania dziej\u00f3w \u015awidnicy: &#8222;Mi\u0119dzy twierdz\u0105 a miastem wolnym. Obraz \u017cycia miejskiego \u015awidnicy w latach 1815-1870&#8221; Ksi\u0105\u017cka jest pr\u00f3b\u0105 rekonstrukcji \u015bwiata, kt\u00f3ry przemin\u0105\u0142. [&hellip;]<\/p>\n","protected":false},"author":1,"featured_media":1373,"comment_status":"closed","ping_status":"open","sticky":false,"template":"","format":"standard","meta":{"ngg_post_thumbnail":0,"footnotes":""},"categories":[1],"tags":[],"class_list":["post-1371","post","type-post","status-publish","format-standard","has-post-thumbnail","hentry","category-uncategorized"],"_links":{"self":[{"href":"https:\/\/bibliotekamoscisko.pl\/index.php?rest_route=\/wp\/v2\/posts\/1371","targetHints":{"allow":["GET"]}}],"collection":[{"href":"https:\/\/bibliotekamoscisko.pl\/index.php?rest_route=\/wp\/v2\/posts"}],"about":[{"href":"https:\/\/bibliotekamoscisko.pl\/index.php?rest_route=\/wp\/v2\/types\/post"}],"author":[{"embeddable":true,"href":"https:\/\/bibliotekamoscisko.pl\/index.php?rest_route=\/wp\/v2\/users\/1"}],"replies":[{"embeddable":true,"href":"https:\/\/bibliotekamoscisko.pl\/index.php?rest_route=%2Fwp%2Fv2%2Fcomments&post=1371"}],"version-history":[{"count":1,"href":"https:\/\/bibliotekamoscisko.pl\/index.php?rest_route=\/wp\/v2\/posts\/1371\/revisions"}],"predecessor-version":[{"id":1374,"href":"https:\/\/bibliotekamoscisko.pl\/index.php?rest_route=\/wp\/v2\/posts\/1371\/revisions\/1374"}],"wp:featuredmedia":[{"embeddable":true,"href":"https:\/\/bibliotekamoscisko.pl\/index.php?rest_route=\/wp\/v2\/media\/1373"}],"wp:attachment":[{"href":"https:\/\/bibliotekamoscisko.pl\/index.php?rest_route=%2Fwp%2Fv2%2Fmedia&parent=1371"}],"wp:term":[{"taxonomy":"category","embeddable":true,"href":"https:\/\/bibliotekamoscisko.pl\/index.php?rest_route=%2Fwp%2Fv2%2Fcategories&post=1371"},{"taxonomy":"post_tag","embeddable":true,"href":"https:\/\/bibliotekamoscisko.pl\/index.php?rest_route=%2Fwp%2Fv2%2Ftags&post=1371"}],"curies":[{"name":"wp","href":"https:\/\/api.w.org\/{rel}","templated":true}]}}