{"id":13748,"date":"2023-04-20T08:04:56","date_gmt":"2023-04-20T08:04:56","guid":{"rendered":"http:\/\/bibliotekamoscisko.pl\/?p=13748"},"modified":"2023-04-20T13:36:54","modified_gmt":"2023-04-20T13:36:54","slug":"adam-sztaba-po-raz-kolejny-w-tuszynie","status":"publish","type":"post","link":"https:\/\/bibliotekamoscisko.pl\/?p=13748","title":{"rendered":"Adam Sztaba po raz kolejny w Tuszynie"},"content":{"rendered":"\n<p>Szko\u0142a w Tuszynie kolejny raz mia\u0142a okazj\u0119 go\u015bci\u0107 Pana Adama Sztab\u0119 w ramach projektu Most the Music. Praca nad kolejnymi utworami to prawdziwe wyzwanie dla m\u0142odych wokalist\u00f3w i wa\u017cne do\u015bwiadczenie. M\u0142odzi ch\u00f3rzy\u015bci pog\u0142\u0119biaj\u0105 swoj\u0105 wiedz\u0119 muzyczn\u0105, ale przede wszystkim rozwijaj\u0105 zdolno\u015bci wokalne na warsztatach muzycznych. <\/p>\n\n\n\n<p>Kwietniowe spotkanie z Panem Adamem Sztab\u0105 to niezapomniane prze\u017cycie i okazja do budowania muzycznych przyja\u017ani. Ju\u017c wkr\u00f3tce czerwcowy koncert fina\u0142owy w Lus\u0142awicach.<\/p>\n\n\n\n<figure class=\"wp-block-image size-large\"><img fetchpriority=\"high\" decoding=\"async\" width=\"1024\" height=\"768\" src=\"http:\/\/bibliotekamoscisko.pl\/wp-content\/uploads\/2023\/04\/kwiecien-Sztaba1-1024x768.jpg\" alt=\"\" class=\"wp-image-13749\" srcset=\"https:\/\/bibliotekamoscisko.pl\/wp-content\/uploads\/2023\/04\/kwiecien-Sztaba1-1024x768.jpg 1024w, https:\/\/bibliotekamoscisko.pl\/wp-content\/uploads\/2023\/04\/kwiecien-Sztaba1-300x225.jpg 300w, https:\/\/bibliotekamoscisko.pl\/wp-content\/uploads\/2023\/04\/kwiecien-Sztaba1-768x576.jpg 768w, https:\/\/bibliotekamoscisko.pl\/wp-content\/uploads\/2023\/04\/kwiecien-Sztaba1-1536x1152.jpg 1536w, https:\/\/bibliotekamoscisko.pl\/wp-content\/uploads\/2023\/04\/kwiecien-Sztaba1.jpg 2048w\" sizes=\"(max-width: 1024px) 100vw, 1024px\" \/><figcaption>Tuszyn<\/figcaption><\/figure>\n\n\n\n<figure class=\"wp-block-image size-large\"><img decoding=\"async\" width=\"574\" height=\"251\" src=\"http:\/\/bibliotekamoscisko.pl\/wp-content\/uploads\/2023\/04\/MtMusic_.jpg\" alt=\"\" class=\"wp-image-13750\" srcset=\"https:\/\/bibliotekamoscisko.pl\/wp-content\/uploads\/2023\/04\/MtMusic_.jpg 574w, https:\/\/bibliotekamoscisko.pl\/wp-content\/uploads\/2023\/04\/MtMusic_-300x131.jpg 300w\" sizes=\"(max-width: 574px) 100vw, 574px\" \/><\/figure>\n\n\n\n<p><\/p>\n","protected":false},"excerpt":{"rendered":"<p>Szko\u0142a w Tuszynie kolejny raz mia\u0142a okazj\u0119 go\u015bci\u0107 Pana Adama Sztab\u0119 w ramach projektu Most the Music. Praca nad kolejnymi utworami to prawdziwe wyzwanie dla m\u0142odych wokalist\u00f3w i wa\u017cne do\u015bwiadczenie. [&hellip;]<\/p>\n","protected":false},"author":1,"featured_media":0,"comment_status":"closed","ping_status":"closed","sticky":false,"template":"","format":"standard","meta":{"ngg_post_thumbnail":0,"footnotes":""},"categories":[1],"tags":[],"class_list":["post-13748","post","type-post","status-publish","format-standard","hentry","category-uncategorized"],"_links":{"self":[{"href":"https:\/\/bibliotekamoscisko.pl\/index.php?rest_route=\/wp\/v2\/posts\/13748","targetHints":{"allow":["GET"]}}],"collection":[{"href":"https:\/\/bibliotekamoscisko.pl\/index.php?rest_route=\/wp\/v2\/posts"}],"about":[{"href":"https:\/\/bibliotekamoscisko.pl\/index.php?rest_route=\/wp\/v2\/types\/post"}],"author":[{"embeddable":true,"href":"https:\/\/bibliotekamoscisko.pl\/index.php?rest_route=\/wp\/v2\/users\/1"}],"replies":[{"embeddable":true,"href":"https:\/\/bibliotekamoscisko.pl\/index.php?rest_route=%2Fwp%2Fv2%2Fcomments&post=13748"}],"version-history":[{"count":2,"href":"https:\/\/bibliotekamoscisko.pl\/index.php?rest_route=\/wp\/v2\/posts\/13748\/revisions"}],"predecessor-version":[{"id":13752,"href":"https:\/\/bibliotekamoscisko.pl\/index.php?rest_route=\/wp\/v2\/posts\/13748\/revisions\/13752"}],"wp:attachment":[{"href":"https:\/\/bibliotekamoscisko.pl\/index.php?rest_route=%2Fwp%2Fv2%2Fmedia&parent=13748"}],"wp:term":[{"taxonomy":"category","embeddable":true,"href":"https:\/\/bibliotekamoscisko.pl\/index.php?rest_route=%2Fwp%2Fv2%2Fcategories&post=13748"},{"taxonomy":"post_tag","embeddable":true,"href":"https:\/\/bibliotekamoscisko.pl\/index.php?rest_route=%2Fwp%2Fv2%2Ftags&post=13748"}],"curies":[{"name":"wp","href":"https:\/\/api.w.org\/{rel}","templated":true}]}}