{"id":13753,"date":"2023-04-20T13:46:14","date_gmt":"2023-04-20T13:46:14","guid":{"rendered":"http:\/\/bibliotekamoscisko.pl\/?p=13753"},"modified":"2023-04-20T13:46:14","modified_gmt":"2023-04-20T13:46:14","slug":"dzien-ziemi","status":"publish","type":"post","link":"https:\/\/bibliotekamoscisko.pl\/?p=13753","title":{"rendered":"Dzie\u0144 Ziemi"},"content":{"rendered":"\n<p>22 kwietnia \u015bwi\u0119tujemy Dzie\u0144 Ziemi.<br>Z tej okazji odwiedzili\u015bmy uciechowskie przedszkolaki. W ramach kszta\u0142towania postawy ekologicznej rozmawiali\u015bmy o sprawach wa\u017cnych dla \u015brodowiska. Nie zabrak\u0142o r\u00f3wnie\u017c weso\u0142ej zabawy &#8230; \u017cuk gnojarek okaza\u0142 si\u0119 naj\u015bmieszniejszy.<\/p>\n\n\n\n<figure class=\"wp-block-gallery columns-3 is-cropped wp-block-gallery-1 is-layout-flex wp-block-gallery-is-layout-flex\"><ul class=\"blocks-gallery-grid\"><li class=\"blocks-gallery-item\"><figure><img fetchpriority=\"high\" decoding=\"async\" width=\"723\" height=\"996\" src=\"http:\/\/bibliotekamoscisko.pl\/wp-content\/uploads\/2023\/04\/20230420_093542.jpg\" alt=\"\" data-id=\"13757\" data-full-url=\"http:\/\/bibliotekamoscisko.pl\/wp-content\/uploads\/2023\/04\/20230420_093542.jpg\" data-link=\"http:\/\/bibliotekamoscisko.pl\/?attachment_id=13757\" class=\"wp-image-13757\" srcset=\"https:\/\/bibliotekamoscisko.pl\/wp-content\/uploads\/2023\/04\/20230420_093542.jpg 723w, https:\/\/bibliotekamoscisko.pl\/wp-content\/uploads\/2023\/04\/20230420_093542-218x300.jpg 218w\" sizes=\"(max-width: 723px) 100vw, 723px\" \/><\/figure><\/li><li class=\"blocks-gallery-item\"><figure><img decoding=\"async\" width=\"768\" height=\"1024\" src=\"http:\/\/bibliotekamoscisko.pl\/wp-content\/uploads\/2023\/04\/20230420_105009-1.jpg\" alt=\"\" data-id=\"13756\" data-full-url=\"http:\/\/bibliotekamoscisko.pl\/wp-content\/uploads\/2023\/04\/20230420_105009-1.jpg\" data-link=\"http:\/\/bibliotekamoscisko.pl\/?attachment_id=13756\" class=\"wp-image-13756\" srcset=\"https:\/\/bibliotekamoscisko.pl\/wp-content\/uploads\/2023\/04\/20230420_105009-1.jpg 768w, https:\/\/bibliotekamoscisko.pl\/wp-content\/uploads\/2023\/04\/20230420_105009-1-225x300.jpg 225w\" sizes=\"(max-width: 768px) 100vw, 768px\" \/><\/figure><\/li><li class=\"blocks-gallery-item\"><figure><img decoding=\"async\" width=\"768\" height=\"1024\" src=\"http:\/\/bibliotekamoscisko.pl\/wp-content\/uploads\/2023\/04\/20230420_103957.jpg\" alt=\"\" data-id=\"13755\" data-full-url=\"http:\/\/bibliotekamoscisko.pl\/wp-content\/uploads\/2023\/04\/20230420_103957.jpg\" data-link=\"http:\/\/bibliotekamoscisko.pl\/?attachment_id=13755\" class=\"wp-image-13755\" srcset=\"https:\/\/bibliotekamoscisko.pl\/wp-content\/uploads\/2023\/04\/20230420_103957.jpg 768w, https:\/\/bibliotekamoscisko.pl\/wp-content\/uploads\/2023\/04\/20230420_103957-225x300.jpg 225w\" sizes=\"(max-width: 768px) 100vw, 768px\" \/><\/figure><\/li><\/ul><figcaption class=\"blocks-gallery-caption\">Uciech\u00f3w<\/figcaption><\/figure>\n\n\n\n<p>W.W.B.<\/p>\n","protected":false},"excerpt":{"rendered":"<p>22 kwietnia \u015bwi\u0119tujemy Dzie\u0144 Ziemi.Z tej okazji odwiedzili\u015bmy uciechowskie przedszkolaki. W ramach kszta\u0142towania postawy ekologicznej rozmawiali\u015bmy o sprawach wa\u017cnych dla \u015brodowiska. Nie zabrak\u0142o r\u00f3wnie\u017c weso\u0142ej zabawy &#8230; \u017cuk gnojarek okaza\u0142 [&hellip;]<\/p>\n","protected":false},"author":1,"featured_media":0,"comment_status":"closed","ping_status":"closed","sticky":false,"template":"","format":"standard","meta":{"ngg_post_thumbnail":0,"footnotes":""},"categories":[1],"tags":[],"class_list":["post-13753","post","type-post","status-publish","format-standard","hentry","category-uncategorized"],"_links":{"self":[{"href":"https:\/\/bibliotekamoscisko.pl\/index.php?rest_route=\/wp\/v2\/posts\/13753","targetHints":{"allow":["GET"]}}],"collection":[{"href":"https:\/\/bibliotekamoscisko.pl\/index.php?rest_route=\/wp\/v2\/posts"}],"about":[{"href":"https:\/\/bibliotekamoscisko.pl\/index.php?rest_route=\/wp\/v2\/types\/post"}],"author":[{"embeddable":true,"href":"https:\/\/bibliotekamoscisko.pl\/index.php?rest_route=\/wp\/v2\/users\/1"}],"replies":[{"embeddable":true,"href":"https:\/\/bibliotekamoscisko.pl\/index.php?rest_route=%2Fwp%2Fv2%2Fcomments&post=13753"}],"version-history":[{"count":2,"href":"https:\/\/bibliotekamoscisko.pl\/index.php?rest_route=\/wp\/v2\/posts\/13753\/revisions"}],"predecessor-version":[{"id":13759,"href":"https:\/\/bibliotekamoscisko.pl\/index.php?rest_route=\/wp\/v2\/posts\/13753\/revisions\/13759"}],"wp:attachment":[{"href":"https:\/\/bibliotekamoscisko.pl\/index.php?rest_route=%2Fwp%2Fv2%2Fmedia&parent=13753"}],"wp:term":[{"taxonomy":"category","embeddable":true,"href":"https:\/\/bibliotekamoscisko.pl\/index.php?rest_route=%2Fwp%2Fv2%2Fcategories&post=13753"},{"taxonomy":"post_tag","embeddable":true,"href":"https:\/\/bibliotekamoscisko.pl\/index.php?rest_route=%2Fwp%2Fv2%2Ftags&post=13753"}],"curies":[{"name":"wp","href":"https:\/\/api.w.org\/{rel}","templated":true}]}}