{"id":1390,"date":"2015-02-11T09:16:35","date_gmt":"2015-02-11T09:16:35","guid":{"rendered":"http:\/\/bibliotekamoscisko.pl\/?p=1390"},"modified":"2015-02-11T09:16:35","modified_gmt":"2015-02-11T09:16:35","slug":"piosenka-plastikowego-woreczka","status":"publish","type":"post","link":"https:\/\/bibliotekamoscisko.pl\/?p=1390","title":{"rendered":"Piosenka plastikowego woreczka"},"content":{"rendered":"<p>23 stycznia obchodzony by\u0142 Dzie\u0144 Bez Torby Foliowej. Jej produkcja trwa mniej ni\u017c sekund\u0119 ale pozostaje z nami blisko 400 lat. Plastikowa torba sta\u0142a si\u0119 sta\u0142ym elementem naszego krajobrazu i powa\u017cnie zagra\u017ca r\u00f3wnowadze ekosystemu, kt\u00f3rego jeste\u015bmy cz\u0119\u015bci\u0105.<\/p>\n<p><strong>Biblioteka Publiczna Gminy Dzier\u017coni\u00f3w w Mo\u015bcisku<\/strong> przy\u0142\u0105czy\u0142a si\u0119 do obchod\u00f3w Tygodnia Edukacji Globalnej<strong>. <\/strong>W listopadzie 2014 r. \u00a0postanowili\u015bmy przyjrze\u0107 si\u0119 bli\u017cej zasadzie RRR, odnosz\u0105cej si\u0119 do ekologicznego stylu \u017cycia. Nasze zaj\u0119cia wykorzystali\u015bmy do przyjrzenia si\u0119 z bliska \u015brodkowemu R, czyli Reuse. Rozmawiali\u015bmy o tym co w praktyce oznacza odzyskiwanie i wielokrotne u\u017cywanie przedmiot\u00f3w. Czy s\u0142oik po d\u017cemie mo\u017cna ponownie wykorzysta\u0107? Co zrobi\u0107 z za ma\u0142ym ju\u017c swetrem? Uruchomili\u015bmy nasz\u0105 kreatywno\u015b\u0107 i przez ca\u0142y dzie\u0144 tworzyli\u015bmy co\u015b z niczego. Okaza\u0142o si\u0119 \u017ce guziki i nitki to niezwykle wdzi\u0119czny materia\u0142. Pos\u0142u\u017cy\u0142y nam m.in. do ozdobienia pierwszych kartek \u015bwi\u0105tecznych oraz sta\u0142y si\u0119 baz\u0105 kolorowych bransoletek. Zwyk\u0142y sznurek i stara folia w kilka minut przekszta\u0142cony zosta\u0142 w zabawk\u0119 dla kota a stara butelka plastikowa sta\u0142a si\u0119 ciekaw\u0105 konewk\u0105 do podlewania domowych kwiatk\u00f3w.<\/p>\n<p><a href=\"http:\/\/bibliotekamoscisko.pl\/wp-content\/uploads\/2015\/02\/DSCN3198.jpg\"><img fetchpriority=\"high\" decoding=\"async\" class=\"aligncenter size-medium wp-image-1386\" src=\"http:\/\/bibliotekamoscisko.pl\/wp-content\/uploads\/2015\/02\/DSCN3198-300x225.jpg\" alt=\"DSCN3198\" width=\"300\" height=\"225\" srcset=\"https:\/\/bibliotekamoscisko.pl\/wp-content\/uploads\/2015\/02\/DSCN3198-300x225.jpg 300w, https:\/\/bibliotekamoscisko.pl\/wp-content\/uploads\/2015\/02\/DSCN3198-1024x768.jpg 1024w\" sizes=\"(max-width: 300px) 100vw, 300px\" \/><\/a><\/p>\n<p>Hania Luboch, Gosia Pisarewicz, Julia Siekierka, Oliwier Pow\u0105zka<\/p>\n<p>Znale\u017ali si\u0119 tak\u017ce ch\u0119tni do pracy z tekstem Ewy Zachary. Jej &#8222;Piosenka plastikowego woreczka&#8221;, kt\u00f3r\u0105 zachwycili\u015bmy si\u0119 si\u0119 w 18 numerze (2014r) \u201e\u015awierszczyka\u201d \u00a0zyska\u0142a dzi\u0119ki m\u0142odym tw\u00f3rcom opraw\u0119 muzyczn\u0105. Mamy przyjemno\u015b\u0107 zaprezentowa\u0107 j\u0105 Pa\u0144stwu. Towarzysz\u0105ce nam w refrenie instrumenty muzyczne powsta\u0142y tak\u017ce z niepotrzebnych element\u00f3w, folii, po\u0142amanych kredek i pude\u0142ka porozginanych spinaczy.<\/p>\n<audio class=\"wp-audio-shortcode\" id=\"audio-1390-1\" preload=\"none\" style=\"width: 100%;\" controls=\"controls\"><source type=\"audio\/mpeg\" src=\"http:\/\/bibliotekamoscisko.pl\/wp-content\/uploads\/2015\/02\/Piosenka.mp3?_=1\" \/><a href=\"http:\/\/bibliotekamoscisko.pl\/wp-content\/uploads\/2015\/02\/Piosenka.mp3\">http:\/\/bibliotekamoscisko.pl\/wp-content\/uploads\/2015\/02\/Piosenka.mp3<\/a><\/audio>\n<p>Bardzo dzi\u0119kujemy zespo\u0142owi \u201e\u015awierszczyka\u201d oraz autorce tekstu za mo\u017cliwo\u015b\u0107 wykorzystania piosenki podczas zaj\u0119\u0107 w bibliotece.<\/p>\n<p>Danuta Wi\u015bniewska<\/p>\n<p>Realizacja nagrania i fot. D.W.<\/p>\n","protected":false},"excerpt":{"rendered":"<p>23 stycznia obchodzony by\u0142 Dzie\u0144 Bez Torby Foliowej. Jej produkcja trwa mniej ni\u017c sekund\u0119 ale pozostaje z nami blisko 400 lat. Plastikowa torba sta\u0142a si\u0119 sta\u0142ym elementem naszego krajobrazu i [&hellip;]<\/p>\n","protected":false},"author":1,"featured_media":0,"comment_status":"closed","ping_status":"open","sticky":false,"template":"","format":"standard","meta":{"ngg_post_thumbnail":0,"footnotes":""},"categories":[1],"tags":[],"class_list":["post-1390","post","type-post","status-publish","format-standard","hentry","category-uncategorized"],"_links":{"self":[{"href":"https:\/\/bibliotekamoscisko.pl\/index.php?rest_route=\/wp\/v2\/posts\/1390","targetHints":{"allow":["GET"]}}],"collection":[{"href":"https:\/\/bibliotekamoscisko.pl\/index.php?rest_route=\/wp\/v2\/posts"}],"about":[{"href":"https:\/\/bibliotekamoscisko.pl\/index.php?rest_route=\/wp\/v2\/types\/post"}],"author":[{"embeddable":true,"href":"https:\/\/bibliotekamoscisko.pl\/index.php?rest_route=\/wp\/v2\/users\/1"}],"replies":[{"embeddable":true,"href":"https:\/\/bibliotekamoscisko.pl\/index.php?rest_route=%2Fwp%2Fv2%2Fcomments&post=1390"}],"version-history":[{"count":1,"href":"https:\/\/bibliotekamoscisko.pl\/index.php?rest_route=\/wp\/v2\/posts\/1390\/revisions"}],"predecessor-version":[{"id":1391,"href":"https:\/\/bibliotekamoscisko.pl\/index.php?rest_route=\/wp\/v2\/posts\/1390\/revisions\/1391"}],"wp:attachment":[{"href":"https:\/\/bibliotekamoscisko.pl\/index.php?rest_route=%2Fwp%2Fv2%2Fmedia&parent=1390"}],"wp:term":[{"taxonomy":"category","embeddable":true,"href":"https:\/\/bibliotekamoscisko.pl\/index.php?rest_route=%2Fwp%2Fv2%2Fcategories&post=1390"},{"taxonomy":"post_tag","embeddable":true,"href":"https:\/\/bibliotekamoscisko.pl\/index.php?rest_route=%2Fwp%2Fv2%2Ftags&post=1390"}],"curies":[{"name":"wp","href":"https:\/\/api.w.org\/{rel}","templated":true}]}}