{"id":1419,"date":"2015-02-21T12:11:12","date_gmt":"2015-02-21T12:11:12","guid":{"rendered":"http:\/\/bibliotekamoscisko.pl\/?p=1419"},"modified":"2015-02-21T12:11:12","modified_gmt":"2015-02-21T12:11:12","slug":"moje-nadzieje-z-nia-wiazane-w-zadnej-mierze-nie-zostaly-zawiedzione","status":"publish","type":"post","link":"https:\/\/bibliotekamoscisko.pl\/?p=1419","title":{"rendered":"&#8222;Moje nadzieje z ni\u0105 wi\u0105zane w \u017cadnej mierze nie zosta\u0142y zawiedzione&#8221;"},"content":{"rendered":"<p><em>&#8222;Moje nadzieje z ni\u0105 wi\u0105zane w \u017cadnej mierze nie zosta\u0142y zawiedzione&#8221;<\/em><\/p>\n<p><em>\u00a0<\/em>Powy\u017cszy cytat dotyczy wprawdzie zupy piwnej z jajkiem, jak\u0105 uraczono\u00a0 K.J. Webera w \u015bwidnickim zaje\u017adzie \u201ePod Nadziej\u0105\u201d, ale pasuje tak\u017ce do uczu\u0107 uczestnik\u00f3w \u00a0spotkania autorskiego, kt\u00f3re odby\u0142o si\u0119 20 lutego w Bibliotece Publicznej Gminy Dzier\u017coni\u00f3w w Mo\u015bcisku. \u00a0 \u00a0 \u00a0 \u00a0 \u00a0 \u00a0 \u00a0 \u00a0 \u00a0 \u00a0 \u00a0 \u00a0 \u00a0 \u00a0 \u00a0 \u00a0 \u00a0 \u00a0 \u00a0 \u00a0 Czy ksi\u0105\u017cka historyczna musi by\u0107 nudna? Niekoniecznie. Wystarczy\u0142y zaledwie dwa lata aby powsta\u0142a pozycja ukazuj\u0105ca \u017cycie \u015awidnicy w latach 1815-1870. \u015awiadczy to nie tylko o umiej\u0119tno\u015bciach autora ale i o jego pasji, kt\u00f3ra towarzyszy mu od najm\u0142odszych lat. Dostrzec to mo\u017cna by\u0142o doskonale podczas pi\u0105tkowego spotkania. Nikt nie ziewa\u0142.<\/p>\n<p>Tomasz Grudzi\u0144ski, doktorant w Zak\u0142adzie Historii Pa\u0144stwa i Prawa Polskiego UWr, \u00a0\u00a0z werw\u0105 i b\u0142yskiem w oku opowiada\u0142 o nieznanych ciekawostkach zwi\u0105zanych z jego rodzinnym miastem. W \u015bl\u0105skim mie\u015bcie w XIX wieku, podczas istotnych przemian spo\u0142eczno-gospodarczych , kwit\u0142o bujnie \u017cycie towarzyskie, handel, rzemios\u0142o i przemys\u0142. Bawiono si\u0119 w ponad 210 gospodach i zajazdach usytuowanych w mie\u015bcie i w jego okolicy, r\u00f3wnie\u017c w Mo\u015bcisku. W ober\u017cach \u00a0\u201ePod Bia\u0142ym jagni\u0119ciem\u201d, \u201ePod Trzema Murzynami\u201d czy \u201ePod Czarnym Kogutem\u201d pito doskona\u0142e piwo z lokalnych browar\u00f3w i raczono si\u0119 piernikami \u015bwidnickimi. Wprawdzie pierniki cz\u0119\u015bciej zwano brukiem z racji swej twardo\u015bci ale ich smak nie pozostawia\u0142 niczego do zarzucenia. \u00a0Pilnowano tak\u017ce innego dobra lokalnego \u2013 swoich kurtyzan. Jednym z zada\u0144 kata, kt\u00f3ry przeprowadzi\u0142 sw\u0105 ostatni\u0105 egzekucj\u0119 w 1851 roku, by\u0142o tak\u017ce wch\u0142ostanie i wystawienie za mury miasta ka\u017cdej obcej c\u00f3ry Koryntu. Za to w obr\u0119bie mur\u00f3w dba\u0142o\u015b\u0107 o miejskie bulwary i skwery k\u0142\u00f3ci\u0142a si\u0119 ze stanem czysto\u015bci i problemem utylizacji \u015bmieci. Z jednej strony zabraniano pod gro\u017ab\u0105 kary wjazdu w\u00f3zkami dziecinnymi na aleje parkowe a z drugiej nie potrafiono si\u0119 upora\u0107 z hodowl\u0105 kr\u00f3w i \u015bwi\u0144 w obr\u0119bie \u015br\u00f3dmie\u015bcia.<\/p>\n<p>Podczas spotkania w bibliotece prezentowana by\u0142a r\u00f3wnie\u017c cz\u0119\u015b\u0107 zdj\u0119\u0107 i dokument\u00f3w, wykorzystanych podczas pracy nad publikacj\u0105. Uwag\u0119 przykuwaj\u0105 karty pocztowe ze sporego zbioru domowego autora. Interesuj\u0105ce s\u0105 tak\u017ce cytaty z licznie wydawanej w tamtym okresie prasy, dotycz\u0105ce \u017cycia miasta.<\/p>\n<div id='gallery-1' class='gallery galleryid-1419 gallery-columns-3 gallery-size-thumbnail'><figure class='gallery-item'>\n\t\t\t<div class='gallery-icon portrait'>\n\t\t\t\t<a href='https:\/\/bibliotekamoscisko.pl\/?attachment_id=1424'><img decoding=\"async\" width=\"150\" height=\"150\" src=\"https:\/\/bibliotekamoscisko.pl\/wp-content\/uploads\/2015\/02\/DSCN3505-150x150.jpeg\" class=\"attachment-thumbnail size-thumbnail\" alt=\"\" \/><\/a>\n\t\t\t<\/div><\/figure><figure class='gallery-item'>\n\t\t\t<div class='gallery-icon portrait'>\n\t\t\t\t<a href='https:\/\/bibliotekamoscisko.pl\/?attachment_id=1420'><img decoding=\"async\" width=\"150\" height=\"150\" src=\"https:\/\/bibliotekamoscisko.pl\/wp-content\/uploads\/2015\/02\/DSCN3497-150x150.jpeg\" class=\"attachment-thumbnail size-thumbnail\" alt=\"\" \/><\/a>\n\t\t\t<\/div><\/figure><figure class='gallery-item'>\n\t\t\t<div class='gallery-icon landscape'>\n\t\t\t\t<a href='https:\/\/bibliotekamoscisko.pl\/?attachment_id=1421'><img decoding=\"async\" width=\"150\" height=\"150\" src=\"https:\/\/bibliotekamoscisko.pl\/wp-content\/uploads\/2015\/02\/DSCN3501-150x150.jpeg\" class=\"attachment-thumbnail size-thumbnail\" alt=\"\" \/><\/a>\n\t\t\t<\/div><\/figure><figure class='gallery-item'>\n\t\t\t<div class='gallery-icon landscape'>\n\t\t\t\t<a href='https:\/\/bibliotekamoscisko.pl\/?attachment_id=1422'><img loading=\"lazy\" decoding=\"async\" width=\"150\" height=\"150\" src=\"https:\/\/bibliotekamoscisko.pl\/wp-content\/uploads\/2015\/02\/DSCN3502-150x150.jpeg\" class=\"attachment-thumbnail size-thumbnail\" alt=\"\" \/><\/a>\n\t\t\t<\/div><\/figure><figure class='gallery-item'>\n\t\t\t<div class='gallery-icon landscape'>\n\t\t\t\t<a href='https:\/\/bibliotekamoscisko.pl\/?attachment_id=1423'><img loading=\"lazy\" decoding=\"async\" width=\"150\" height=\"150\" src=\"https:\/\/bibliotekamoscisko.pl\/wp-content\/uploads\/2015\/02\/DSCN3503-150x150.jpeg\" class=\"attachment-thumbnail size-thumbnail\" alt=\"\" \/><\/a>\n\t\t\t<\/div><\/figure>\n\t\t<\/div>\n\n<p>Licz\u0105ca sobie ponad 640 stron publikacja o \u015awidnicy to pierwsza z planowanych trzech cz\u0119\u015bci, kt\u00f3re mamy nadziej\u0119 pojawi\u0105 si\u0119 niebawem w ksi\u0119garniach i w naszej bibliotece.<\/p>\n<p>Danuta Wi\u015bniewska<\/p>\n<p>&nbsp;<\/p>\n<p><strong>Tomasz Grudzi\u0144ski<\/strong><strong><br \/>\n<em>Mi\u0119dzy twierdz\u0105 a miastem wolnym. Obraz \u017cycia miejskiego \u015awidnicy w latach 1815-1870.<\/em><\/strong><\/p>\n<p>ISBN 978-83-7432-978-1, Wroc\u0142aw \u2013 \u015awidnica 2014, 16 x 23 cm., ok\u0142adka twarda.<\/p>\n","protected":false},"excerpt":{"rendered":"<p>&#8222;Moje nadzieje z ni\u0105 wi\u0105zane w \u017cadnej mierze nie zosta\u0142y zawiedzione&#8221; \u00a0Powy\u017cszy cytat dotyczy wprawdzie zupy piwnej z jajkiem, jak\u0105 uraczono\u00a0 K.J. Webera w \u015bwidnickim zaje\u017adzie \u201ePod Nadziej\u0105\u201d, ale pasuje [&hellip;]<\/p>\n","protected":false},"author":1,"featured_media":1373,"comment_status":"closed","ping_status":"open","sticky":false,"template":"","format":"standard","meta":{"ngg_post_thumbnail":0,"footnotes":""},"categories":[1],"tags":[],"class_list":["post-1419","post","type-post","status-publish","format-standard","has-post-thumbnail","hentry","category-uncategorized"],"_links":{"self":[{"href":"https:\/\/bibliotekamoscisko.pl\/index.php?rest_route=\/wp\/v2\/posts\/1419","targetHints":{"allow":["GET"]}}],"collection":[{"href":"https:\/\/bibliotekamoscisko.pl\/index.php?rest_route=\/wp\/v2\/posts"}],"about":[{"href":"https:\/\/bibliotekamoscisko.pl\/index.php?rest_route=\/wp\/v2\/types\/post"}],"author":[{"embeddable":true,"href":"https:\/\/bibliotekamoscisko.pl\/index.php?rest_route=\/wp\/v2\/users\/1"}],"replies":[{"embeddable":true,"href":"https:\/\/bibliotekamoscisko.pl\/index.php?rest_route=%2Fwp%2Fv2%2Fcomments&post=1419"}],"version-history":[{"count":1,"href":"https:\/\/bibliotekamoscisko.pl\/index.php?rest_route=\/wp\/v2\/posts\/1419\/revisions"}],"predecessor-version":[{"id":1425,"href":"https:\/\/bibliotekamoscisko.pl\/index.php?rest_route=\/wp\/v2\/posts\/1419\/revisions\/1425"}],"wp:featuredmedia":[{"embeddable":true,"href":"https:\/\/bibliotekamoscisko.pl\/index.php?rest_route=\/wp\/v2\/media\/1373"}],"wp:attachment":[{"href":"https:\/\/bibliotekamoscisko.pl\/index.php?rest_route=%2Fwp%2Fv2%2Fmedia&parent=1419"}],"wp:term":[{"taxonomy":"category","embeddable":true,"href":"https:\/\/bibliotekamoscisko.pl\/index.php?rest_route=%2Fwp%2Fv2%2Fcategories&post=1419"},{"taxonomy":"post_tag","embeddable":true,"href":"https:\/\/bibliotekamoscisko.pl\/index.php?rest_route=%2Fwp%2Fv2%2Ftags&post=1419"}],"curies":[{"name":"wp","href":"https:\/\/api.w.org\/{rel}","templated":true}]}}