{"id":1465,"date":"2015-03-04T14:06:15","date_gmt":"2015-03-04T14:06:15","guid":{"rendered":"http:\/\/bibliotekamoscisko.pl\/?p=1465"},"modified":"2015-03-04T14:07:18","modified_gmt":"2015-03-04T14:07:18","slug":"ogolnopolskie-wybory-ksiazek","status":"publish","type":"post","link":"https:\/\/bibliotekamoscisko.pl\/?p=1465","title":{"rendered":"Og\u00f3lnopolskie Wybory Ksi\u0105\u017cek"},"content":{"rendered":"<p>27 lutego przy\u0142\u0105czyli\u015bmy si\u0119 do akcji <strong>Og\u00f3lnopolskie Wybory Ksi\u0105\u017cek<\/strong>. Statystyki czytelnictwa w\u015br\u00f3d dzieci i m\u0142odzie\u017cy nie s\u0105 dobre, a badania niezmiennie wskazuj\u0105, \u017ce uczniowie nie przepadaj\u0105 za obowi\u0105zkowymi lekturami. Redakcja miesi\u0119cznika &#8222;Biblioteka w Szkole&#8221; postanowi\u0142a wi\u0119c\u00a0dowiedzie\u0107 si\u0119 u \u017ar\u00f3d\u0142a, co chc\u0105 czyta\u0107 sami zainteresowani.<\/p>\n<p>W Mo\u015bcisku wybory przeprowadzone zosta\u0142y dwuetapowo. Od godz. od 8.00 do 14.30 urna, nad kt\u00f3r\u0105 piecz\u0119 sprawowa\u0142 przewodnicz\u0105cy Samorz\u0105du Uczniowskiego \u0141ukasz Krawczyk, dost\u0119pna by\u0142a w Zespole Szkolno-Przedszkolnym. Od 15.00 do godz. 19.00 g\u0142osy mo\u017cna by\u0142o oddawa\u0107 w Bibliotece Publicznej Gminy Dzier\u017coni\u00f3w.<\/p>\n<p>W wyborach udzia\u0142 wzi\u0119\u0142o 57 uczni\u00f3w podaj\u0105c na kartach do g\u0142osowania 52 \u00a0tytu\u0142y ksi\u0105\u017cek. S\u0105 to zar\u00f3wno docenione przez nich lektury, omawiane w szkole, jak i ksi\u0105\u017cki. kt\u00f3re w tym kanonie chcieliby ujrze\u0107. Prym wiod\u0105 Opowie\u015bci z Narni C.S. Levisa oraz Dzieci z Bullerbyn Astrid Lindgren. Obok nich na p\u00f3\u0142ce z lekturami m\u0142odzi czytelnicy ch\u0119tnie postawili by Harrego Pottera J.K. Rowling, przygody Koszmarnego Karolka F. Simon. Zaproponowano tak\u017ce ksi\u0105\u017ck\u0119 M. Federico\u00a0<em>Trzy metry nad niebem\u00a0<\/em>oraz\u00a0<em>Ba\u015bniob\u00f3r<\/em> B. Mull. To tylko kilka tytu\u0142\u00f3w z d\u0142uuuugiej listy, kt\u00f3ra tak\u017ce nam pos\u0142u\u017cy do uzupe\u0142nienia ksi\u0119gozbioru o interesuj\u0105ce dzieci i m\u0142odzie\u017c tytu\u0142y.<\/p>\n<p>Ju\u017c wkr\u00f3tce cz\u0119\u015b\u0107 z nich znajdziecie w bibliotece \ud83d\ude42<\/p>\n<p>Dzi\u0119kujemy za udzia\u0142 w g\u0142osowaniu!<\/p>\n<p><a href=\"http:\/\/bibliotekamoscisko.pl\/wp-content\/uploads\/2015\/03\/Wybory-2.jpg\"><img fetchpriority=\"high\" decoding=\"async\" class=\"aligncenter size-medium wp-image-1467\" src=\"http:\/\/bibliotekamoscisko.pl\/wp-content\/uploads\/2015\/03\/Wybory-2-300x248.jpg\" alt=\"Wybory 2\" width=\"300\" height=\"248\" srcset=\"https:\/\/bibliotekamoscisko.pl\/wp-content\/uploads\/2015\/03\/Wybory-2-300x248.jpg 300w, https:\/\/bibliotekamoscisko.pl\/wp-content\/uploads\/2015\/03\/Wybory-2.jpg 927w\" sizes=\"(max-width: 300px) 100vw, 300px\" \/><\/a><\/p>\n<p><a href=\"http:\/\/bibliotekamoscisko.pl\/wp-content\/uploads\/2015\/03\/wybory-w-Mo\u015bcisku.jpg\"><img decoding=\"async\" class=\"aligncenter size-medium wp-image-1468\" src=\"http:\/\/bibliotekamoscisko.pl\/wp-content\/uploads\/2015\/03\/wybory-w-Mo\u015bcisku-300x215.jpg\" alt=\"wybory w Mo\u015bcisku\" width=\"300\" height=\"215\" srcset=\"https:\/\/bibliotekamoscisko.pl\/wp-content\/uploads\/2015\/03\/wybory-w-Mo\u015bcisku-300x215.jpg 300w, https:\/\/bibliotekamoscisko.pl\/wp-content\/uploads\/2015\/03\/wybory-w-Mo\u015bcisku.jpg 892w\" sizes=\"(max-width: 300px) 100vw, 300px\" \/><\/a><\/p>\n<p>&nbsp;<\/p>\n<p>Na podstawie sprawozda\u0144 sporz\u0105dzone zostan\u0105 wyniki i przekazane pani minister edukacji narodowej oraz opinii publicznej jako wa\u017cny element dyskusji o kanonie lektur i gustach czytelniczych uczni\u00f3w.<\/p>\n<p>D.W.<\/p>\n","protected":false},"excerpt":{"rendered":"<p>27 lutego przy\u0142\u0105czyli\u015bmy si\u0119 do akcji Og\u00f3lnopolskie Wybory Ksi\u0105\u017cek. Statystyki czytelnictwa w\u015br\u00f3d dzieci i m\u0142odzie\u017cy nie s\u0105 dobre, a badania niezmiennie wskazuj\u0105, \u017ce uczniowie nie przepadaj\u0105 za obowi\u0105zkowymi lekturami. Redakcja [&hellip;]<\/p>\n","protected":false},"author":1,"featured_media":1466,"comment_status":"closed","ping_status":"open","sticky":false,"template":"","format":"standard","meta":{"ngg_post_thumbnail":0,"footnotes":""},"categories":[1],"tags":[],"class_list":["post-1465","post","type-post","status-publish","format-standard","has-post-thumbnail","hentry","category-uncategorized"],"_links":{"self":[{"href":"https:\/\/bibliotekamoscisko.pl\/index.php?rest_route=\/wp\/v2\/posts\/1465","targetHints":{"allow":["GET"]}}],"collection":[{"href":"https:\/\/bibliotekamoscisko.pl\/index.php?rest_route=\/wp\/v2\/posts"}],"about":[{"href":"https:\/\/bibliotekamoscisko.pl\/index.php?rest_route=\/wp\/v2\/types\/post"}],"author":[{"embeddable":true,"href":"https:\/\/bibliotekamoscisko.pl\/index.php?rest_route=\/wp\/v2\/users\/1"}],"replies":[{"embeddable":true,"href":"https:\/\/bibliotekamoscisko.pl\/index.php?rest_route=%2Fwp%2Fv2%2Fcomments&post=1465"}],"version-history":[{"count":2,"href":"https:\/\/bibliotekamoscisko.pl\/index.php?rest_route=\/wp\/v2\/posts\/1465\/revisions"}],"predecessor-version":[{"id":1470,"href":"https:\/\/bibliotekamoscisko.pl\/index.php?rest_route=\/wp\/v2\/posts\/1465\/revisions\/1470"}],"wp:featuredmedia":[{"embeddable":true,"href":"https:\/\/bibliotekamoscisko.pl\/index.php?rest_route=\/wp\/v2\/media\/1466"}],"wp:attachment":[{"href":"https:\/\/bibliotekamoscisko.pl\/index.php?rest_route=%2Fwp%2Fv2%2Fmedia&parent=1465"}],"wp:term":[{"taxonomy":"category","embeddable":true,"href":"https:\/\/bibliotekamoscisko.pl\/index.php?rest_route=%2Fwp%2Fv2%2Fcategories&post=1465"},{"taxonomy":"post_tag","embeddable":true,"href":"https:\/\/bibliotekamoscisko.pl\/index.php?rest_route=%2Fwp%2Fv2%2Ftags&post=1465"}],"curies":[{"name":"wp","href":"https:\/\/api.w.org\/{rel}","templated":true}]}}