{"id":1475,"date":"2015-03-06T09:30:10","date_gmt":"2015-03-06T09:30:10","guid":{"rendered":"http:\/\/bibliotekamoscisko.pl\/?p=1475"},"modified":"2015-03-06T09:30:10","modified_gmt":"2015-03-06T09:30:10","slug":"wspaniala-jableczna-rolada-sluch-absolutny-czlowiek-z-sercem-w-dloni-czyli-niesamowite-spotkanie-w-dyskusyjnym-klubie-ksiazki","status":"publish","type":"post","link":"https:\/\/bibliotekamoscisko.pl\/?p=1475","title":{"rendered":"Wspania\u0142a jab\u0142eczna rolada, s\u0142uch absolutny, cz\u0142owiek z sercem w d\u0142oni, czyli niesamowite spotkanie w Dyskusyjnym Klubie Ksi\u0105\u017cki"},"content":{"rendered":"<div>Dwie ksi\u0105\u017cki zafascynowa\u0142y nas podczas spotkania w DKK kt\u00f3re odby\u0142o si\u0119 26 lutego: ,,S\u0142uch absolutny&#8221; Andrzej Szczeklik w rozmowie z Jerzym Ilgiem&#8221; oraz ,,Religa.Cz\u0142owiek z sercem w d\u0142oni&#8221; Jana Osieckiego.<\/div>\n<div><\/div>\n<div>Pani Maryla upiek\u0142a smakowit\u0105 rolad\u0119 z jab\u0142kami, Pani Ania serwowa\u0142a aromatyczn\u0105 kaw\u0119,wi\u0119c by\u0142o bardzo klimatycznie.<\/div>\n<div><\/div>\n<div>,,Gdybym mia\u0142 wymieni\u0107 osoby, kt\u00f3re w r\u00f3\u017cnych sferach \u017cycia \u2013 lekarskiej, naukowej, duchowej, artystycznej \u2013 postrzegam jako autorytety, w ka\u017cdej z tych kategorii znalaz\u0142by si\u0119 profesor Andrzej Szczeklik. Wybitny naukowiec, lekarz z pasj\u0105, erudyta, pisarz, pianista, uroczy cz\u0142owiek, przyjaciel artyst\u00f3w i noblist\u00f3w. Odszed\u0142 za wcze\u015bnie, tyle mia\u0142 jeszcze bada\u0144 do sko\u0144czenia, tyle pokole\u0144 lekarzy do wychowania, tyle historii do opowiedzenia\u2026<\/div>\n<div>Wszechstronno\u015bci\u0105 zainteresowa\u0144 i ujmuj\u0105c\u0105 osobowo\u015bci\u0105 zainicjowa\u0142 wiele idei. Przede wszystkim wpaja\u0142 lekarzom takie cechy, jak wierno\u015b\u0107 zasadom etycznym, niezale\u017cno\u015b\u0107 my\u015bli, uczciwo\u015b\u0107, sumienno\u015b\u0107, dociekliwo\u015b\u0107 i pasj\u0119 w badaniach naukowych, dzielenie si\u0119 wiedz\u0105 i \u017cyczliwo\u015b\u0107 &#8222;powiedzia\u0142 Piotr Gajewski redaktor naczelny miesi\u0119cznika ,,Medycyna Praktyczna&#8221;.<\/div>\n<div>Ksi\u0105\u017cka o Profesorze Szczekliku jest swoistym \u015bwiadectwem o cz\u0142owieku dla kt\u00f3rego praca to powo\u0142anie i realizacja \u017cyciowych pasji.<\/div>\n<div>Burzliw\u0105 dyskusj\u0119 wywo\u0142a\u0142a posta\u0107 profesora Zbigniewa Religii.<\/div>\n<div>\n<div id='gallery-1' class='gallery galleryid-1475 gallery-columns-3 gallery-size-thumbnail'><figure class='gallery-item'>\n\t\t\t<div class='gallery-icon landscape'>\n\t\t\t\t<a href='https:\/\/bibliotekamoscisko.pl\/?attachment_id=1476'><img decoding=\"async\" width=\"150\" height=\"150\" src=\"https:\/\/bibliotekamoscisko.pl\/wp-content\/uploads\/2015\/03\/IMG_0496-150x150.jpeg\" class=\"attachment-thumbnail size-thumbnail\" alt=\"\" \/><\/a>\n\t\t\t<\/div><\/figure><figure class='gallery-item'>\n\t\t\t<div class='gallery-icon landscape'>\n\t\t\t\t<a href='https:\/\/bibliotekamoscisko.pl\/?attachment_id=1477'><img decoding=\"async\" width=\"150\" height=\"150\" src=\"https:\/\/bibliotekamoscisko.pl\/wp-content\/uploads\/2015\/03\/IMG_0497-150x150.jpeg\" class=\"attachment-thumbnail size-thumbnail\" alt=\"\" \/><\/a>\n\t\t\t<\/div><\/figure><figure class='gallery-item'>\n\t\t\t<div class='gallery-icon landscape'>\n\t\t\t\t<a href='https:\/\/bibliotekamoscisko.pl\/?attachment_id=1478'><img decoding=\"async\" width=\"150\" height=\"150\" src=\"https:\/\/bibliotekamoscisko.pl\/wp-content\/uploads\/2015\/03\/IMG_0498-150x150.jpeg\" class=\"attachment-thumbnail size-thumbnail\" alt=\"\" \/><\/a>\n\t\t\t<\/div><\/figure><figure class='gallery-item'>\n\t\t\t<div class='gallery-icon landscape'>\n\t\t\t\t<a href='https:\/\/bibliotekamoscisko.pl\/?attachment_id=1479'><img loading=\"lazy\" decoding=\"async\" width=\"150\" height=\"150\" src=\"https:\/\/bibliotekamoscisko.pl\/wp-content\/uploads\/2015\/03\/IMG_0499-150x150.jpeg\" class=\"attachment-thumbnail size-thumbnail\" alt=\"\" \/><\/a>\n\t\t\t<\/div><\/figure>\n\t\t<\/div>\n\n<\/div>\n<div><\/div>\n<div>\u00a0Zami\u0142owanie do muzyki powa\u017cnej, a w przypadku profesora Szczeklika posiadanie s\u0142uchu absolutnego wzbudzi\u0142y w nas dodatkowo szacunek, podziw i uznanie dla tych wspania\u0142ych ludzi.<\/div>\n<div>\u00a0Warto by\u0142o powspomina\u0107 tych \u015bwietnych lekarzy, pasjonat\u00f3w \u017cycia&#8230;<\/div>\n<div>Niestety rzeczywisto\u015b\u0107 w medycynie ma r\u00f3wnie\u017c sporo wad. Negatywne do\u015bwiadczenia ze s\u0142u\u017cb\u0105 zdrowia os\u0142odzi\u0142a smakowita jab\u0142eczna rolada.<\/div>\n<div>Dyskusyjny Klub Ksi\u0105\u017cki dzia\u0142a terapeutycznie.<\/div>\n<div>Do domu wracamy bardziej zdrowe i pe\u0142ne wiary w ludzi&#8230;<\/div>\n<div>mk<\/div>\n","protected":false},"excerpt":{"rendered":"<p>Dwie ksi\u0105\u017cki zafascynowa\u0142y nas podczas spotkania w DKK kt\u00f3re odby\u0142o si\u0119 26 lutego: ,,S\u0142uch absolutny&#8221; Andrzej Szczeklik w rozmowie z Jerzym Ilgiem&#8221; oraz ,,Religa.Cz\u0142owiek z sercem w d\u0142oni&#8221; Jana Osieckiego. [&hellip;]<\/p>\n","protected":false},"author":1,"featured_media":1477,"comment_status":"closed","ping_status":"open","sticky":false,"template":"","format":"standard","meta":{"ngg_post_thumbnail":0,"footnotes":""},"categories":[1],"tags":[],"class_list":["post-1475","post","type-post","status-publish","format-standard","has-post-thumbnail","hentry","category-uncategorized"],"_links":{"self":[{"href":"https:\/\/bibliotekamoscisko.pl\/index.php?rest_route=\/wp\/v2\/posts\/1475","targetHints":{"allow":["GET"]}}],"collection":[{"href":"https:\/\/bibliotekamoscisko.pl\/index.php?rest_route=\/wp\/v2\/posts"}],"about":[{"href":"https:\/\/bibliotekamoscisko.pl\/index.php?rest_route=\/wp\/v2\/types\/post"}],"author":[{"embeddable":true,"href":"https:\/\/bibliotekamoscisko.pl\/index.php?rest_route=\/wp\/v2\/users\/1"}],"replies":[{"embeddable":true,"href":"https:\/\/bibliotekamoscisko.pl\/index.php?rest_route=%2Fwp%2Fv2%2Fcomments&post=1475"}],"version-history":[{"count":1,"href":"https:\/\/bibliotekamoscisko.pl\/index.php?rest_route=\/wp\/v2\/posts\/1475\/revisions"}],"predecessor-version":[{"id":1480,"href":"https:\/\/bibliotekamoscisko.pl\/index.php?rest_route=\/wp\/v2\/posts\/1475\/revisions\/1480"}],"wp:featuredmedia":[{"embeddable":true,"href":"https:\/\/bibliotekamoscisko.pl\/index.php?rest_route=\/wp\/v2\/media\/1477"}],"wp:attachment":[{"href":"https:\/\/bibliotekamoscisko.pl\/index.php?rest_route=%2Fwp%2Fv2%2Fmedia&parent=1475"}],"wp:term":[{"taxonomy":"category","embeddable":true,"href":"https:\/\/bibliotekamoscisko.pl\/index.php?rest_route=%2Fwp%2Fv2%2Fcategories&post=1475"},{"taxonomy":"post_tag","embeddable":true,"href":"https:\/\/bibliotekamoscisko.pl\/index.php?rest_route=%2Fwp%2Fv2%2Ftags&post=1475"}],"curies":[{"name":"wp","href":"https:\/\/api.w.org\/{rel}","templated":true}]}}