{"id":1481,"date":"2015-03-07T12:40:29","date_gmt":"2015-03-07T12:40:29","guid":{"rendered":"http:\/\/bibliotekamoscisko.pl\/?p=1481"},"modified":"2015-03-07T12:40:29","modified_gmt":"2015-03-07T12:40:29","slug":"szklany-kolorowy-swiat","status":"publish","type":"post","link":"https:\/\/bibliotekamoscisko.pl\/?p=1481","title":{"rendered":"Szklany, kolorowy \u015bwiat"},"content":{"rendered":"<p>Przy wsp\u00f3\u0142pracy ze Szko\u0142\u0105 Podstawow\u0105 w Pi\u0142awie Dolnej i Bibliotek\u0105 Publiczno-Szkoln\u0105 04 marca odby\u0142 si\u0119 wyjazd dzieci z klas I-III do zaprzyja\u017anionego DOK, na wystaw\u0119 w Galerii \u201eNa Pi\u0119trze\u201d pt. \u201eSzklany kolorowy \u015bwiat\u201d.<\/p>\n<p>Szklane, barwne eksponaty bardzo nam si\u0119 podoba\u0142y. Dzieci z zainteresowaniem s\u0142ucha\u0142y opowie\u015bci o szkle. W ten ciekawy \u015bwiat szk\u0142a, witra\u017cy wprowadzi\u0142a nas kustosz wystawy Teresa Walczak.<\/p>\n<p>Bardzo dzi\u0119kujemy za interesuj\u0105ce, kolorowe spotkanie. Wr\u00f3cimy na pewno na kolejne spotkanie z sztuk\u0105.<\/p>\n<div id='gallery-1' class='gallery galleryid-1481 gallery-columns-3 gallery-size-thumbnail'><figure class='gallery-item'>\n\t\t\t<div class='gallery-icon landscape'>\n\t\t\t\t<a href='https:\/\/bibliotekamoscisko.pl\/?attachment_id=1482'><img decoding=\"async\" width=\"150\" height=\"150\" src=\"https:\/\/bibliotekamoscisko.pl\/wp-content\/uploads\/2015\/03\/wystawa-szklany-kolorowy-\u00c2wiat-1-150x150.jpeg\" class=\"attachment-thumbnail size-thumbnail\" alt=\"\" \/><\/a>\n\t\t\t<\/div><\/figure><figure class='gallery-item'>\n\t\t\t<div class='gallery-icon landscape'>\n\t\t\t\t<a href='https:\/\/bibliotekamoscisko.pl\/?attachment_id=1483'><img decoding=\"async\" width=\"150\" height=\"150\" src=\"https:\/\/bibliotekamoscisko.pl\/wp-content\/uploads\/2015\/03\/wystawa-szklany-kolorowy-\u00c2wiat-2-150x150.jpeg\" class=\"attachment-thumbnail size-thumbnail\" alt=\"\" \/><\/a>\n\t\t\t<\/div><\/figure><figure class='gallery-item'>\n\t\t\t<div class='gallery-icon portrait'>\n\t\t\t\t<a href='https:\/\/bibliotekamoscisko.pl\/?attachment_id=1484'><img decoding=\"async\" width=\"150\" height=\"150\" src=\"https:\/\/bibliotekamoscisko.pl\/wp-content\/uploads\/2015\/03\/wystawa-szklany-kolorowy-\u00c2wiat-3-150x150.jpeg\" class=\"attachment-thumbnail size-thumbnail\" alt=\"\" \/><\/a>\n\t\t\t<\/div><\/figure><figure class='gallery-item'>\n\t\t\t<div class='gallery-icon landscape'>\n\t\t\t\t<a href='https:\/\/bibliotekamoscisko.pl\/?attachment_id=1485'><img loading=\"lazy\" decoding=\"async\" width=\"150\" height=\"150\" src=\"https:\/\/bibliotekamoscisko.pl\/wp-content\/uploads\/2015\/03\/wystawa-szklany-kolorowy-\u00c2wiat-4-150x150.jpeg\" class=\"attachment-thumbnail size-thumbnail\" alt=\"\" \/><\/a>\n\t\t\t<\/div><\/figure><figure class='gallery-item'>\n\t\t\t<div class='gallery-icon landscape'>\n\t\t\t\t<a href='https:\/\/bibliotekamoscisko.pl\/?attachment_id=1486'><img loading=\"lazy\" decoding=\"async\" width=\"150\" height=\"150\" src=\"https:\/\/bibliotekamoscisko.pl\/wp-content\/uploads\/2015\/03\/wystawa-szklany-kolorowy-\u00c2wiat-5-150x150.jpeg\" class=\"attachment-thumbnail size-thumbnail\" alt=\"\" \/><\/a>\n\t\t\t<\/div><\/figure><figure class='gallery-item'>\n\t\t\t<div class='gallery-icon landscape'>\n\t\t\t\t<a href='https:\/\/bibliotekamoscisko.pl\/?attachment_id=1487'><img loading=\"lazy\" decoding=\"async\" width=\"150\" height=\"150\" src=\"https:\/\/bibliotekamoscisko.pl\/wp-content\/uploads\/2015\/03\/wystawa-szklany-kolorowy-\u00c2wiat-6-150x150.jpeg\" class=\"attachment-thumbnail size-thumbnail\" alt=\"\" \/><\/a>\n\t\t\t<\/div><\/figure><figure class='gallery-item'>\n\t\t\t<div class='gallery-icon landscape'>\n\t\t\t\t<a href='https:\/\/bibliotekamoscisko.pl\/?attachment_id=1488'><img loading=\"lazy\" decoding=\"async\" width=\"150\" height=\"150\" src=\"https:\/\/bibliotekamoscisko.pl\/wp-content\/uploads\/2015\/03\/wystawa-szklany-kolorowy-\u00c2wiat-7-150x150.jpeg\" class=\"attachment-thumbnail size-thumbnail\" alt=\"\" \/><\/a>\n\t\t\t<\/div><\/figure><figure class='gallery-item'>\n\t\t\t<div class='gallery-icon landscape'>\n\t\t\t\t<a href='https:\/\/bibliotekamoscisko.pl\/?attachment_id=1489'><img loading=\"lazy\" decoding=\"async\" width=\"150\" height=\"150\" src=\"https:\/\/bibliotekamoscisko.pl\/wp-content\/uploads\/2015\/03\/wystawa-szklany-kolorowy-\u00c2wiat-8-150x150.jpeg\" class=\"attachment-thumbnail size-thumbnail\" alt=\"\" \/><\/a>\n\t\t\t<\/div><\/figure>\n\t\t<\/div>\n\n<p>Po obejrzeniu wystawy wybrali\u015bmy si\u0119 na spektakl teatralny \u201eCyrk Doktora Dolittle\u201d \u2013wg powie\u015bci autorstwa ameryka\u0144skiego pisarza Hugh\u2019a Loftinga, kt\u00f3ry to spektakl \u00a0wystawiany by\u0142 w kinie Zbyszek przez Teatr Animacji z Jeleniej G\u00f3ry.<\/p>\n<p>&nbsp;<\/p>\n<p>Wanda Kun<\/p>\n","protected":false},"excerpt":{"rendered":"<p>Przy wsp\u00f3\u0142pracy ze Szko\u0142\u0105 Podstawow\u0105 w Pi\u0142awie Dolnej i Bibliotek\u0105 Publiczno-Szkoln\u0105 04 marca odby\u0142 si\u0119 wyjazd dzieci z klas I-III do zaprzyja\u017anionego DOK, na wystaw\u0119 w Galerii \u201eNa Pi\u0119trze\u201d pt. [&hellip;]<\/p>\n","protected":false},"author":1,"featured_media":1490,"comment_status":"closed","ping_status":"open","sticky":false,"template":"","format":"standard","meta":{"ngg_post_thumbnail":0,"footnotes":""},"categories":[1],"tags":[],"class_list":["post-1481","post","type-post","status-publish","format-standard","has-post-thumbnail","hentry","category-uncategorized"],"_links":{"self":[{"href":"https:\/\/bibliotekamoscisko.pl\/index.php?rest_route=\/wp\/v2\/posts\/1481","targetHints":{"allow":["GET"]}}],"collection":[{"href":"https:\/\/bibliotekamoscisko.pl\/index.php?rest_route=\/wp\/v2\/posts"}],"about":[{"href":"https:\/\/bibliotekamoscisko.pl\/index.php?rest_route=\/wp\/v2\/types\/post"}],"author":[{"embeddable":true,"href":"https:\/\/bibliotekamoscisko.pl\/index.php?rest_route=\/wp\/v2\/users\/1"}],"replies":[{"embeddable":true,"href":"https:\/\/bibliotekamoscisko.pl\/index.php?rest_route=%2Fwp%2Fv2%2Fcomments&post=1481"}],"version-history":[{"count":1,"href":"https:\/\/bibliotekamoscisko.pl\/index.php?rest_route=\/wp\/v2\/posts\/1481\/revisions"}],"predecessor-version":[{"id":1491,"href":"https:\/\/bibliotekamoscisko.pl\/index.php?rest_route=\/wp\/v2\/posts\/1481\/revisions\/1491"}],"wp:featuredmedia":[{"embeddable":true,"href":"https:\/\/bibliotekamoscisko.pl\/index.php?rest_route=\/wp\/v2\/media\/1490"}],"wp:attachment":[{"href":"https:\/\/bibliotekamoscisko.pl\/index.php?rest_route=%2Fwp%2Fv2%2Fmedia&parent=1481"}],"wp:term":[{"taxonomy":"category","embeddable":true,"href":"https:\/\/bibliotekamoscisko.pl\/index.php?rest_route=%2Fwp%2Fv2%2Fcategories&post=1481"},{"taxonomy":"post_tag","embeddable":true,"href":"https:\/\/bibliotekamoscisko.pl\/index.php?rest_route=%2Fwp%2Fv2%2Ftags&post=1481"}],"curies":[{"name":"wp","href":"https:\/\/api.w.org\/{rel}","templated":true}]}}