{"id":1492,"date":"2015-03-10T09:25:09","date_gmt":"2015-03-10T09:25:09","guid":{"rendered":"http:\/\/bibliotekamoscisko.pl\/?p=1492"},"modified":"2015-03-10T09:29:17","modified_gmt":"2015-03-10T09:29:17","slug":"ksiazki-nie-gryza","status":"publish","type":"post","link":"https:\/\/bibliotekamoscisko.pl\/?p=1492","title":{"rendered":"Ksi\u0105\u017cki nie gryz\u0105?"},"content":{"rendered":"<p>Dyskusyjny Klub Ksi\u0105\u017ckowy dla dzieci<\/p>\n<p>Czy godzinna lektura mo\u017ce by\u0107 dla m\u0142odych czytelnik\u00f3w problemem? Na szcz\u0119\u015bcie nie w naszym klubie. Bohaterem lutowego spotkania w bibliotece w Mo\u015bcisku by\u0142a ksi\u0105\u017cka \u201eNa szcz\u0119\u015bcie mleko&#8221; Neila Gaimana, kt\u00f3r\u0105 ozdobi\u0142 niezwyk\u0142ymi ilustracjami Chris Riddell. Wartka akcja i zaskakuj\u0105ce przygody nikomu nie pozwoli\u0142y na nud\u0119. Okazuje si\u0119 bowiem, \u017ce wyj\u015bcie po mleko, niezb\u0119dne do \u015bniadania, mo\u017ce nie by\u0107 tak\u0105 zwyk\u0142\u0105 czynno\u015bci\u0105 na jak\u0105 wygl\u0105da. Tu\u017c za rogiem czekaj\u0105 kosmici, piraci, policja galaktyczna, balon s\u0142u\u017c\u0105cy jako maszyna czasu \u2013 ka\u017cda strona tej niezwyk\u0142ej ksi\u0105\u017cki to nowy pomys\u0142 i pole do popisu dla autora.<\/p>\n<p>Po tak kreatywnej lekturze postanowili\u015bmy stworzy\u0107 pasuj\u0105ce do naszej ksi\u0105\u017cki zak\u0142adki. One na szcz\u0119\u015bcie te\u017c nie gryz\u0105 pomimo z\u0119b\u00f3w.<\/p>\n<p><a href=\"http:\/\/bibliotekamoscisko.pl\/wp-content\/uploads\/2015\/03\/DSCN3593.jpg\"><img fetchpriority=\"high\" decoding=\"async\" class=\"aligncenter size-medium wp-image-1493\" src=\"http:\/\/bibliotekamoscisko.pl\/wp-content\/uploads\/2015\/03\/DSCN3593-300x290.jpg\" alt=\"DSCN3593\" width=\"300\" height=\"290\" srcset=\"https:\/\/bibliotekamoscisko.pl\/wp-content\/uploads\/2015\/03\/DSCN3593-300x290.jpg 300w, https:\/\/bibliotekamoscisko.pl\/wp-content\/uploads\/2015\/03\/DSCN3593.jpg 793w\" sizes=\"(max-width: 300px) 100vw, 300px\" \/><\/a><\/p>\n<p>Du\u017co rado\u015bci sprawi\u0142 te\u017c pierwszy kontakt z tabletami. Jak na Dyskusyjny klub Ksi\u0105\u017cki przysta\u0142o sprawdzili\u015bmy m.in. jak dzia\u0142a aplikacja S\u0142owotok, czyli gra w kt\u00f3rej z wylosowanych liter nale\u017cy u\u0142o\u017cy\u0107 jak najwi\u0119cej s\u0142\u00f3w.<\/p>\n<p><a href=\"http:\/\/bibliotekamoscisko.pl\/wp-content\/uploads\/2015\/03\/28-lutego.jpg\"><img decoding=\"async\" class=\"aligncenter wp-image-1494 size-full\" src=\"http:\/\/bibliotekamoscisko.pl\/wp-content\/uploads\/2015\/03\/28-lutego.jpg\" alt=\"28 lutego\" width=\"960\" height=\"960\" srcset=\"https:\/\/bibliotekamoscisko.pl\/wp-content\/uploads\/2015\/03\/28-lutego.jpg 960w, https:\/\/bibliotekamoscisko.pl\/wp-content\/uploads\/2015\/03\/28-lutego-150x150.jpg 150w, https:\/\/bibliotekamoscisko.pl\/wp-content\/uploads\/2015\/03\/28-lutego-300x300.jpg 300w\" sizes=\"(max-width: 960px) 100vw, 960px\" \/><\/a><\/p>\n<p>&nbsp;<\/p>\n<p>Kolejne spotkania Dyskusyjnego Klubu Ksi\u0105\u017cki odbywa\u0107 si\u0119 b\u0119d\u0105 w ka\u017cd\u0105 ostatni\u0105 sobot\u0119 miesi\u0105ca &#8211; zapraszam! Czekaj\u0105 na Was niezwyk\u0142e ksi\u0105\u017cki!<\/p>\n<p>D.W.<\/p>\n<p>*projekt logo DKK &#8211; <a href=\"http:\/\/www.produktdizajn.pl\/\" target=\"_blank\">Krzysztof Kubasek<\/a><\/p>\n","protected":false},"excerpt":{"rendered":"<p>Dyskusyjny Klub Ksi\u0105\u017ckowy dla dzieci Czy godzinna lektura mo\u017ce by\u0107 dla m\u0142odych czytelnik\u00f3w problemem? Na szcz\u0119\u015bcie nie w naszym klubie. Bohaterem lutowego spotkania w bibliotece w Mo\u015bcisku by\u0142a ksi\u0105\u017cka \u201eNa [&hellip;]<\/p>\n","protected":false},"author":1,"featured_media":1495,"comment_status":"closed","ping_status":"open","sticky":false,"template":"","format":"standard","meta":{"ngg_post_thumbnail":0,"footnotes":""},"categories":[1],"tags":[],"class_list":["post-1492","post","type-post","status-publish","format-standard","has-post-thumbnail","hentry","category-uncategorized"],"_links":{"self":[{"href":"https:\/\/bibliotekamoscisko.pl\/index.php?rest_route=\/wp\/v2\/posts\/1492","targetHints":{"allow":["GET"]}}],"collection":[{"href":"https:\/\/bibliotekamoscisko.pl\/index.php?rest_route=\/wp\/v2\/posts"}],"about":[{"href":"https:\/\/bibliotekamoscisko.pl\/index.php?rest_route=\/wp\/v2\/types\/post"}],"author":[{"embeddable":true,"href":"https:\/\/bibliotekamoscisko.pl\/index.php?rest_route=\/wp\/v2\/users\/1"}],"replies":[{"embeddable":true,"href":"https:\/\/bibliotekamoscisko.pl\/index.php?rest_route=%2Fwp%2Fv2%2Fcomments&post=1492"}],"version-history":[{"count":2,"href":"https:\/\/bibliotekamoscisko.pl\/index.php?rest_route=\/wp\/v2\/posts\/1492\/revisions"}],"predecessor-version":[{"id":1497,"href":"https:\/\/bibliotekamoscisko.pl\/index.php?rest_route=\/wp\/v2\/posts\/1492\/revisions\/1497"}],"wp:featuredmedia":[{"embeddable":true,"href":"https:\/\/bibliotekamoscisko.pl\/index.php?rest_route=\/wp\/v2\/media\/1495"}],"wp:attachment":[{"href":"https:\/\/bibliotekamoscisko.pl\/index.php?rest_route=%2Fwp%2Fv2%2Fmedia&parent=1492"}],"wp:term":[{"taxonomy":"category","embeddable":true,"href":"https:\/\/bibliotekamoscisko.pl\/index.php?rest_route=%2Fwp%2Fv2%2Fcategories&post=1492"},{"taxonomy":"post_tag","embeddable":true,"href":"https:\/\/bibliotekamoscisko.pl\/index.php?rest_route=%2Fwp%2Fv2%2Ftags&post=1492"}],"curies":[{"name":"wp","href":"https:\/\/api.w.org\/{rel}","templated":true}]}}