{"id":152,"date":"2014-03-25T11:08:22","date_gmt":"2014-03-25T11:08:22","guid":{"rendered":"http:\/\/bibliotekamoscisko.pl\/?p=152"},"modified":"2014-03-28T13:41:31","modified_gmt":"2014-03-28T13:41:31","slug":"71-rocznica-akcji-pod-arsenalem","status":"publish","type":"post","link":"https:\/\/bibliotekamoscisko.pl\/?p=152","title":{"rendered":"71. rocznica \u201cAkcji pod Arsena\u0142em\u201d"},"content":{"rendered":"<p>Przyjd\u017a, pos\u0142uchaj, przeczytaj! Wst\u0119p wolny!<\/p>\n<p style=\"text-align: center;\"><span style=\"color: #339966;\">26 marca, godz. 11.00 &#8211; Biblioteka w Mo\u015bcisku<\/span><br \/>\nHufiec Ziemi Dzier\u017coniowskiej ZHP wraz z partnerami ma zaszczyt zaprosi\u0107 do udzia\u0142u w publicznym czytaniu ksi\u0105\u017cki druha Aleksandra Kami\u0144skiego pt. \u201cKamienie na Szaniec\u201d na terenie\u00a0bibliotek w Bielawie, Dzier\u017coniowie, Mo\u015bcisku i Pieszycach w \u015brod\u0119, 26 marca 2014 r.,\u00a0w 71 rocznic\u0119 \u201cAkcji pod Arsena\u0142em\u201d.<br \/>\n<a href=\"http:\/\/bibliotekamoscisko.pl\/wp-content\/uploads\/2014\/03\/Ca\u0142a-Polska-czyta-Kamienie-na-szaniec1.png\"><img fetchpriority=\"high\" decoding=\"async\" class=\"size-medium wp-image-153 aligncenter\" alt=\"Ca\u0142a Polska czyta Kamienie na szaniec\" src=\"http:\/\/bibliotekamoscisko.pl\/wp-content\/uploads\/2014\/03\/Ca\u0142a-Polska-czyta-Kamienie-na-szaniec1-204x300.png\" width=\"204\" height=\"300\" \/><\/a><br \/>\nW spotkaniach z lektur\u0105 wezm\u0105 udzia\u0142 harcerze i znani samorz\u0105dowcy m.in. Wicestarosta Dzier\u017coniowski Dariusz Kucharski, Wiceburmistrz Bielawy Mariusz Pach, Wiceburmistrz Pieszyc Pawe\u0142 Brzozowski i Wiceprzewodnicz\u0105cy Rady Miejskiej Dzier\u017coniowa Miros\u0142aw Piorun \u2013 cz\u0142onkowie i sympatycy Rady Przyjaci\u00f3\u0142 Harcerstwa Ziemi Dzier\u017coniowskiej. Ka\u017cde spotkanie jest otwarte i zaplanowane na ok. 1 godzin\u0119. Nasz\u0105 ide\u0105 jest popularyzacja czytelnictwa, zach\u0119cenie do por\u00f3wnania fabu\u0142y filmu, kt\u00f3ry niedawno wszed\u0142 na ekrany kin z tre\u015bci\u0105 lektury, uczczenie rocznicy Akcji pod Arsena\u0142em. Poni\u017cej podajemy link do 40 sekundowej zapowiedzi wydarzenia przygotowanej przez telewizj\u0119 ZHP360<\/p>\n<p><a href=\"https:\/\/www.youtube.com\/watch?v=d6EAvs_2nus&amp;list=UUsCWq9pskPuqOqCjrAKQ_sg\">https:\/\/www.youtube.com\/watch?v=d6EAvs_2nus&amp;list=UUsCWq9pskPuqOqCjrAKQ_sg<\/a><\/p>\n<p>Uczestnicy spotka\u0144 mog\u0105 tak\u017ce wzi\u0105\u0107 udzia\u0142 w kr\u00f3tkim konkursie ze znajomo\u015bci lektury, w kt\u00f3rym do wygrania b\u0119d\u0105 audiobuk, ksi\u0105\u017cka lub bilet do kina na \u201cKamienie na Szaniec\u201d.<\/p>\n","protected":false},"excerpt":{"rendered":"<p>Przyjd\u017a, pos\u0142uchaj, przeczytaj! Wst\u0119p wolny! 26 marca, godz. 11.00 &#8211; Biblioteka w Mo\u015bcisku Hufiec Ziemi Dzier\u017coniowskiej ZHP wraz z partnerami ma zaszczyt zaprosi\u0107 do udzia\u0142u w publicznym czytaniu ksi\u0105\u017cki druha [&hellip;]<\/p>\n","protected":false},"author":1,"featured_media":0,"comment_status":"open","ping_status":"open","sticky":false,"template":"","format":"standard","meta":{"ngg_post_thumbnail":0,"footnotes":""},"categories":[1],"tags":[],"class_list":["post-152","post","type-post","status-publish","format-standard","hentry","category-uncategorized"],"_links":{"self":[{"href":"https:\/\/bibliotekamoscisko.pl\/index.php?rest_route=\/wp\/v2\/posts\/152","targetHints":{"allow":["GET"]}}],"collection":[{"href":"https:\/\/bibliotekamoscisko.pl\/index.php?rest_route=\/wp\/v2\/posts"}],"about":[{"href":"https:\/\/bibliotekamoscisko.pl\/index.php?rest_route=\/wp\/v2\/types\/post"}],"author":[{"embeddable":true,"href":"https:\/\/bibliotekamoscisko.pl\/index.php?rest_route=\/wp\/v2\/users\/1"}],"replies":[{"embeddable":true,"href":"https:\/\/bibliotekamoscisko.pl\/index.php?rest_route=%2Fwp%2Fv2%2Fcomments&post=152"}],"version-history":[{"count":3,"href":"https:\/\/bibliotekamoscisko.pl\/index.php?rest_route=\/wp\/v2\/posts\/152\/revisions"}],"predecessor-version":[{"id":213,"href":"https:\/\/bibliotekamoscisko.pl\/index.php?rest_route=\/wp\/v2\/posts\/152\/revisions\/213"}],"wp:attachment":[{"href":"https:\/\/bibliotekamoscisko.pl\/index.php?rest_route=%2Fwp%2Fv2%2Fmedia&parent=152"}],"wp:term":[{"taxonomy":"category","embeddable":true,"href":"https:\/\/bibliotekamoscisko.pl\/index.php?rest_route=%2Fwp%2Fv2%2Fcategories&post=152"},{"taxonomy":"post_tag","embeddable":true,"href":"https:\/\/bibliotekamoscisko.pl\/index.php?rest_route=%2Fwp%2Fv2%2Ftags&post=152"}],"curies":[{"name":"wp","href":"https:\/\/api.w.org\/{rel}","templated":true}]}}