{"id":1539,"date":"2015-03-24T08:37:12","date_gmt":"2015-03-24T08:37:12","guid":{"rendered":"http:\/\/bibliotekamoscisko.pl\/?p=1539"},"modified":"2015-03-24T08:38:57","modified_gmt":"2015-03-24T08:38:57","slug":"zapraszamy-do-galerii","status":"publish","type":"post","link":"https:\/\/bibliotekamoscisko.pl\/?p=1539","title":{"rendered":"Emil \u0141ojczuk ONO"},"content":{"rendered":"<p>&nbsp;<\/p>\n<p><a href=\"http:\/\/bibliotekamoscisko.pl\/wp-content\/uploads\/2015\/03\/plakat-wystawa_02.jpg\"><img fetchpriority=\"high\" decoding=\"async\" class=\"aligncenter wp-image-1540 \" src=\"http:\/\/bibliotekamoscisko.pl\/wp-content\/uploads\/2015\/03\/plakat-wystawa_02-724x1024.jpg\" alt=\"plakat - wystawa_02\" width=\"706\" height=\"999\" srcset=\"https:\/\/bibliotekamoscisko.pl\/wp-content\/uploads\/2015\/03\/plakat-wystawa_02-724x1024.jpg 724w, https:\/\/bibliotekamoscisko.pl\/wp-content\/uploads\/2015\/03\/plakat-wystawa_02-212x300.jpg 212w, https:\/\/bibliotekamoscisko.pl\/wp-content\/uploads\/2015\/03\/plakat-wystawa_02.jpg 1500w\" sizes=\"(max-width: 706px) 100vw, 706px\" \/><\/a><\/p>\n<p>&nbsp;<\/p>\n<p>&nbsp;<\/p>\n<p>Na spotkanie zaprasza tak\u017ce Klub Mamu\u015bki\/o Dzier\u017coni\u00f3w, kt\u00f3ry \u015bwi\u0119tuje trzylecie swojego istnienia &#8211; Gratulujemy!!!<\/p>\n","protected":false},"excerpt":{"rendered":"<p>&nbsp; &nbsp; &nbsp; Na spotkanie zaprasza tak\u017ce Klub Mamu\u015bki\/o Dzier\u017coni\u00f3w, kt\u00f3ry \u015bwi\u0119tuje trzylecie swojego istnienia &#8211; Gratulujemy!!!<\/p>\n","protected":false},"author":1,"featured_media":32,"comment_status":"closed","ping_status":"open","sticky":false,"template":"","format":"standard","meta":{"ngg_post_thumbnail":0,"footnotes":""},"categories":[1],"tags":[],"class_list":["post-1539","post","type-post","status-publish","format-standard","has-post-thumbnail","hentry","category-uncategorized"],"_links":{"self":[{"href":"https:\/\/bibliotekamoscisko.pl\/index.php?rest_route=\/wp\/v2\/posts\/1539","targetHints":{"allow":["GET"]}}],"collection":[{"href":"https:\/\/bibliotekamoscisko.pl\/index.php?rest_route=\/wp\/v2\/posts"}],"about":[{"href":"https:\/\/bibliotekamoscisko.pl\/index.php?rest_route=\/wp\/v2\/types\/post"}],"author":[{"embeddable":true,"href":"https:\/\/bibliotekamoscisko.pl\/index.php?rest_route=\/wp\/v2\/users\/1"}],"replies":[{"embeddable":true,"href":"https:\/\/bibliotekamoscisko.pl\/index.php?rest_route=%2Fwp%2Fv2%2Fcomments&post=1539"}],"version-history":[{"count":2,"href":"https:\/\/bibliotekamoscisko.pl\/index.php?rest_route=\/wp\/v2\/posts\/1539\/revisions"}],"predecessor-version":[{"id":1542,"href":"https:\/\/bibliotekamoscisko.pl\/index.php?rest_route=\/wp\/v2\/posts\/1539\/revisions\/1542"}],"wp:featuredmedia":[{"embeddable":true,"href":"https:\/\/bibliotekamoscisko.pl\/index.php?rest_route=\/wp\/v2\/media\/32"}],"wp:attachment":[{"href":"https:\/\/bibliotekamoscisko.pl\/index.php?rest_route=%2Fwp%2Fv2%2Fmedia&parent=1539"}],"wp:term":[{"taxonomy":"category","embeddable":true,"href":"https:\/\/bibliotekamoscisko.pl\/index.php?rest_route=%2Fwp%2Fv2%2Fcategories&post=1539"},{"taxonomy":"post_tag","embeddable":true,"href":"https:\/\/bibliotekamoscisko.pl\/index.php?rest_route=%2Fwp%2Fv2%2Ftags&post=1539"}],"curies":[{"name":"wp","href":"https:\/\/api.w.org\/{rel}","templated":true}]}}