{"id":1560,"date":"2015-03-27T08:42:44","date_gmt":"2015-03-27T08:42:44","guid":{"rendered":"http:\/\/bibliotekamoscisko.pl\/?p=1560"},"modified":"2015-03-31T08:39:07","modified_gmt":"2015-03-31T08:39:07","slug":"tydzien-z-internetem-2","status":"publish","type":"post","link":"https:\/\/bibliotekamoscisko.pl\/?p=1560","title":{"rendered":"Tydzie\u0144 z Internetem"},"content":{"rendered":"<p>Biblioteka Publiczna Gminy Dzier\u017coni\u00f3w w Mo\u015bcisku oraz filia w Ostroszowicach w\u0142\u0105czy\u0142y si\u0119 do tegorocznej edycji og\u00f3lnoeuropejskiej kampanii Tydzie\u0144 z Internetem. W dniach od 23 do 29 marca organizacje i instytucje oferuj\u0105ce publiczny dost\u0119p do Internetu mog\u0142y zorganizowa\u0107 spotkania pokazuj\u0105ce jak r\u00f3\u017cnorodne s\u0105 mo\u017cliwo\u015bci wykorzystania Internetu i zastosowania nowych technologii. Honorowy patronat nad kampani\u0105 obj\u0105\u0142 Prezydent Rzeczpospolitej Polskiej Bronis\u0142aw Komorowski.<\/p>\n<p><a href=\"http:\/\/bibliotekamoscisko.pl\/wp-content\/uploads\/2015\/03\/TzI.jpg\"><img fetchpriority=\"high\" decoding=\"async\" class=\"aligncenter size-medium wp-image-1561\" src=\"http:\/\/bibliotekamoscisko.pl\/wp-content\/uploads\/2015\/03\/TzI-300x225.jpg\" alt=\"TzI\" width=\"300\" height=\"225\" srcset=\"https:\/\/bibliotekamoscisko.pl\/wp-content\/uploads\/2015\/03\/TzI-300x225.jpg 300w, https:\/\/bibliotekamoscisko.pl\/wp-content\/uploads\/2015\/03\/TzI.jpg 640w\" sizes=\"(max-width: 300px) 100vw, 300px\" \/><\/a><\/p>\n<p>Zapewnienie wszystkim szansy na w\u0142\u0105czenie si\u0119 w cyfrowy \u015bwiat i rozwijanie cyfrowych kompetencji to nie tylko troska o w\u0142a\u015bciwe kwalifikacje potrzebne na obecnym rynku pracy. To tak\u017ce niezb\u0119dne obecnie umiej\u0119tno\u015bci, dzi\u0119ki kt\u00f3rym bardziej zrozumia\u0142y staje si\u0119 otaczaj\u0105cy nas \u015bwiat. Czwartkowe spotkanie w Bibliotece w Mo\u015bcisku wype\u0142ni\u0142a zabawa i nauka. Dzieci bez k\u0142opotu pos\u0142ugiwa\u0142y si\u0119 kolejnymi aplikacjami dost\u0119pnymi w tabletach, kt\u00f3re niedawno pojawi\u0142y si\u0119 w czytelni. Sporo rado\u015bci sprawi\u0142o przekszta\u0142canie zdj\u0119\u0107. Mo\u017cna si\u0119 by\u0142o poczu\u0107 jak w sali luster w weso\u0142ym miasteczku a najciekawsze efekty zapisa\u0107 na pami\u0105tk\u0119 w formie elektronicznej.<\/p>\n<div id='gallery-1' class='gallery galleryid-1560 gallery-columns-3 gallery-size-thumbnail'><figure class='gallery-item'>\n\t\t\t<div class='gallery-icon landscape'>\n\t\t\t\t<a href='https:\/\/bibliotekamoscisko.pl\/?attachment_id=1563'><img decoding=\"async\" width=\"150\" height=\"150\" src=\"https:\/\/bibliotekamoscisko.pl\/wp-content\/uploads\/2015\/03\/DSCN3614-150x150.jpg\" class=\"attachment-thumbnail size-thumbnail\" alt=\"\" aria-describedby=\"gallery-1-1563\" \/><\/a>\n\t\t\t<\/div>\n\t\t\t\t<figcaption class='wp-caption-text gallery-caption' id='gallery-1-1563'>\n\t\t\t\tKlasa III Zesp\u00f3\u0142 Szkolno-Przedszkolny w Mo\u015bcisku\n\t\t\t\t<\/figcaption><\/figure><figure class='gallery-item'>\n\t\t\t<div class='gallery-icon landscape'>\n\t\t\t\t<a href='https:\/\/bibliotekamoscisko.pl\/?attachment_id=1562'><img decoding=\"async\" width=\"150\" height=\"150\" src=\"https:\/\/bibliotekamoscisko.pl\/wp-content\/uploads\/2015\/03\/DSCN3610-150x150.jpg\" class=\"attachment-thumbnail size-thumbnail\" alt=\"\" aria-describedby=\"gallery-1-1562\" \/><\/a>\n\t\t\t<\/div>\n\t\t\t\t<figcaption class='wp-caption-text gallery-caption' id='gallery-1-1562'>\n\t\t\t\tKlasa III Zesp\u00f3\u0142 Szkolno-Przedszkolny w Mo\u015bcisku\n\t\t\t\t<\/figcaption><\/figure>\n\t\t<\/div>\n\n<p>Uczestnicy zaj\u0119\u0107 w bibliotece w Ostroszowicach spr\u00f3bowali swoich si\u0142 w selfowaniu przy pomocy telefon\u00f3w kom\u00f3rkowych oraz smartfon\u00f3w.<\/p>\n<div id='gallery-2' class='gallery galleryid-1560 gallery-columns-3 gallery-size-thumbnail'><figure class='gallery-item'>\n\t\t\t<div class='gallery-icon landscape'>\n\t\t\t\t<a href='https:\/\/bibliotekamoscisko.pl\/?attachment_id=1573'><img loading=\"lazy\" decoding=\"async\" width=\"150\" height=\"150\" src=\"https:\/\/bibliotekamoscisko.pl\/wp-content\/uploads\/2015\/03\/11050173_344084352459777_5463468576430577239_n-150x150.jpg\" class=\"attachment-thumbnail size-thumbnail\" alt=\"\" aria-describedby=\"gallery-2-1573\" \/><\/a>\n\t\t\t<\/div>\n\t\t\t\t<figcaption class='wp-caption-text gallery-caption' id='gallery-2-1573'>\n\t\t\t\tBiblioteka w Ostroszowicach\n\t\t\t\t<\/figcaption><\/figure><figure class='gallery-item'>\n\t\t\t<div class='gallery-icon landscape'>\n\t\t\t\t<a href='https:\/\/bibliotekamoscisko.pl\/?attachment_id=1574'><img loading=\"lazy\" decoding=\"async\" width=\"150\" height=\"150\" src=\"https:\/\/bibliotekamoscisko.pl\/wp-content\/uploads\/2015\/03\/10540561_344084315793114_7158799570396186691_n-150x150.jpg\" class=\"attachment-thumbnail size-thumbnail\" alt=\"\" aria-describedby=\"gallery-2-1574\" \/><\/a>\n\t\t\t<\/div>\n\t\t\t\t<figcaption class='wp-caption-text gallery-caption' id='gallery-2-1574'>\n\t\t\t\tBiblioteka w Ostroszowicach\n\t\t\t\t<\/figcaption><\/figure><figure class='gallery-item'>\n\t\t\t<div class='gallery-icon landscape'>\n\t\t\t\t<a href='https:\/\/bibliotekamoscisko.pl\/?attachment_id=1575'><img loading=\"lazy\" decoding=\"async\" width=\"150\" height=\"150\" src=\"https:\/\/bibliotekamoscisko.pl\/wp-content\/uploads\/2015\/03\/10929909_344084282459784_4920551951160965177_n-150x150.jpg\" class=\"attachment-thumbnail size-thumbnail\" alt=\"\" aria-describedby=\"gallery-2-1575\" \/><\/a>\n\t\t\t<\/div>\n\t\t\t\t<figcaption class='wp-caption-text gallery-caption' id='gallery-2-1575'>\n\t\t\t\tBiblioteka w Ostroszowicach\n\t\t\t\t<\/figcaption><\/figure>\n\t\t<\/div>\n\n<p>D.W.<\/p>\n","protected":false},"excerpt":{"rendered":"<p>Biblioteka Publiczna Gminy Dzier\u017coni\u00f3w w Mo\u015bcisku oraz filia w Ostroszowicach w\u0142\u0105czy\u0142y si\u0119 do tegorocznej edycji og\u00f3lnoeuropejskiej kampanii Tydzie\u0144 z Internetem. W dniach od 23 do 29 marca organizacje i instytucje [&hellip;]<\/p>\n","protected":false},"author":1,"featured_media":1564,"comment_status":"closed","ping_status":"open","sticky":false,"template":"","format":"standard","meta":{"ngg_post_thumbnail":0,"footnotes":""},"categories":[1],"tags":[],"class_list":["post-1560","post","type-post","status-publish","format-standard","has-post-thumbnail","hentry","category-uncategorized"],"_links":{"self":[{"href":"https:\/\/bibliotekamoscisko.pl\/index.php?rest_route=\/wp\/v2\/posts\/1560","targetHints":{"allow":["GET"]}}],"collection":[{"href":"https:\/\/bibliotekamoscisko.pl\/index.php?rest_route=\/wp\/v2\/posts"}],"about":[{"href":"https:\/\/bibliotekamoscisko.pl\/index.php?rest_route=\/wp\/v2\/types\/post"}],"author":[{"embeddable":true,"href":"https:\/\/bibliotekamoscisko.pl\/index.php?rest_route=\/wp\/v2\/users\/1"}],"replies":[{"embeddable":true,"href":"https:\/\/bibliotekamoscisko.pl\/index.php?rest_route=%2Fwp%2Fv2%2Fcomments&post=1560"}],"version-history":[{"count":3,"href":"https:\/\/bibliotekamoscisko.pl\/index.php?rest_route=\/wp\/v2\/posts\/1560\/revisions"}],"predecessor-version":[{"id":1576,"href":"https:\/\/bibliotekamoscisko.pl\/index.php?rest_route=\/wp\/v2\/posts\/1560\/revisions\/1576"}],"wp:featuredmedia":[{"embeddable":true,"href":"https:\/\/bibliotekamoscisko.pl\/index.php?rest_route=\/wp\/v2\/media\/1564"}],"wp:attachment":[{"href":"https:\/\/bibliotekamoscisko.pl\/index.php?rest_route=%2Fwp%2Fv2%2Fmedia&parent=1560"}],"wp:term":[{"taxonomy":"category","embeddable":true,"href":"https:\/\/bibliotekamoscisko.pl\/index.php?rest_route=%2Fwp%2Fv2%2Fcategories&post=1560"},{"taxonomy":"post_tag","embeddable":true,"href":"https:\/\/bibliotekamoscisko.pl\/index.php?rest_route=%2Fwp%2Fv2%2Ftags&post=1560"}],"curies":[{"name":"wp","href":"https:\/\/api.w.org\/{rel}","templated":true}]}}