{"id":1567,"date":"2015-03-28T13:18:36","date_gmt":"2015-03-28T13:18:36","guid":{"rendered":"http:\/\/bibliotekamoscisko.pl\/?p=1567"},"modified":"2015-03-28T13:18:36","modified_gmt":"2015-03-28T13:18:36","slug":"czytam-w-podrozy-herberta","status":"publish","type":"post","link":"https:\/\/bibliotekamoscisko.pl\/?p=1567","title":{"rendered":"Czytam w podr\u00f3\u017cy \u2026 Herberta"},"content":{"rendered":"<p>Biblioteka Publiczna Gminy Dzier\u017coni\u00f3w w Mo\u015bcisku oraz jej filie w\u0142\u0105czy\u0142y si\u0119 w tegoroczn\u0105 akcj\u0119 &#8222;<strong><em><a href=\"http:\/\/www.fundacjaherberta.com\/aktualnosci\/item\/444-akcja-czytam-w-podrozy-herberta-2015-iii-edycja\" target=\"_blank\">Czytam w podr\u00f3\u017cy \u2026 Herberta&#8221;<\/a>.<\/em><\/strong><\/p>\n<p>24 marca, ju\u017c po raz trzeci wolontariusze ze szk\u00f3\u0142 nosz\u0105cych imi\u0119 Zbigniewa Herberta oraz przedstawiciele innych szk\u00f3\u0142 niezrzeszonych w Klubie Herbertowskich Szk\u00f3\u0142, rozdawali \u00a0podr\u00f3\u017cuj\u0105cym osobom zak\u0142adki do ksi\u0105\u017cek z fragmentami utwor\u00f3w Zbigniewa Herberta, zach\u0119caj\u0105c do czytania. Wolontariuszy spotka\u0107 by\u0142o mo\u017cna w wielu miejscach &#8211; \u00a0\u015brodkach transportu miejskiego,na przystankach autobusowych, w ksi\u0119garniach, kawiarniach oraz bibliotekach. Nasi czytelnicy tak\u017ce wychodzili z zak\u0142adkami w wypo\u017cyczanych ksi\u0105\u017ckach.<\/p>\n<p>W tym roku wyj\u0105tkowo do akcji w\u0142\u0105czyli si\u0119 polscy aktorzy m\u0142odego pokolenia <b>Anna Pr\u00f3chniak<\/b> oraz <b>J\u00f3zef Paw\u0142owski.<\/b><\/p>\n<p>Zapraszamy do zajrzenia na stron\u0119 Fundacji Herberta:<\/p>\n<p><a title=\"czytam w podr\u00f3\u017cy\" href=\"http:\/\/fundacjaherberta.com\/aktualnosci\/item\/443\" target=\"_blank\">wybrane fragmenty utwor\u00f3w Zbigniewa Herberta<\/a><\/p>\n<p><a href=\"http:\/\/fundacjaherberta.com\/aktualnosci\/item\/441\" target=\"_blank\">Zapraszamy do obejrzenia spot\u00f3w promuj\u0105cych akcj\u0119<\/a>\u00a0 \u00a0\u00a0<img fetchpriority=\"high\" decoding=\"async\" class=\"alignright size-medium wp-image-1569\" src=\"http:\/\/bibliotekamoscisko.pl\/wp-content\/uploads\/2015\/03\/czytam-w-podr\u00f3zy1-176x300.jpg\" alt=\"czytam w podr\u00f3zy1\" width=\"176\" height=\"300\" srcset=\"https:\/\/bibliotekamoscisko.pl\/wp-content\/uploads\/2015\/03\/czytam-w-podr\u00f3zy1-176x300.jpg 176w, https:\/\/bibliotekamoscisko.pl\/wp-content\/uploads\/2015\/03\/czytam-w-podr\u00f3zy1-602x1024.jpg 602w, https:\/\/bibliotekamoscisko.pl\/wp-content\/uploads\/2015\/03\/czytam-w-podr\u00f3zy1.jpg 1002w\" sizes=\"(max-width: 176px) 100vw, 176px\" \/><\/p>\n<p>&nbsp;<\/p>\n<p><a href=\"http:\/\/bibliotekamoscisko.pl\/wp-content\/uploads\/2015\/03\/Czytam-w-podr\u00f3\u017cy.jpg\"><img decoding=\"async\" class=\"alignleft wp-image-1568 size-medium\" src=\"http:\/\/bibliotekamoscisko.pl\/wp-content\/uploads\/2015\/03\/Czytam-w-podr\u00f3\u017cy-300x300.jpg\" alt=\"Czytam w podr\u00f3\u017cy\" width=\"300\" height=\"300\" srcset=\"https:\/\/bibliotekamoscisko.pl\/wp-content\/uploads\/2015\/03\/Czytam-w-podr\u00f3\u017cy-300x300.jpg 300w, https:\/\/bibliotekamoscisko.pl\/wp-content\/uploads\/2015\/03\/Czytam-w-podr\u00f3\u017cy-150x150.jpg 150w, https:\/\/bibliotekamoscisko.pl\/wp-content\/uploads\/2015\/03\/Czytam-w-podr\u00f3\u017cy-1024x1024.jpg 1024w, https:\/\/bibliotekamoscisko.pl\/wp-content\/uploads\/2015\/03\/Czytam-w-podr\u00f3\u017cy.jpg 1774w\" sizes=\"(max-width: 300px) 100vw, 300px\" \/><\/a><\/p>\n","protected":false},"excerpt":{"rendered":"<p>Biblioteka Publiczna Gminy Dzier\u017coni\u00f3w w Mo\u015bcisku oraz jej filie w\u0142\u0105czy\u0142y si\u0119 w tegoroczn\u0105 akcj\u0119 &#8222;Czytam w podr\u00f3\u017cy \u2026 Herberta&#8221;. 24 marca, ju\u017c po raz trzeci wolontariusze ze szk\u00f3\u0142 nosz\u0105cych imi\u0119 [&hellip;]<\/p>\n","protected":false},"author":1,"featured_media":1568,"comment_status":"closed","ping_status":"open","sticky":false,"template":"","format":"standard","meta":{"ngg_post_thumbnail":0,"footnotes":""},"categories":[1],"tags":[],"class_list":["post-1567","post","type-post","status-publish","format-standard","has-post-thumbnail","hentry","category-uncategorized"],"_links":{"self":[{"href":"https:\/\/bibliotekamoscisko.pl\/index.php?rest_route=\/wp\/v2\/posts\/1567","targetHints":{"allow":["GET"]}}],"collection":[{"href":"https:\/\/bibliotekamoscisko.pl\/index.php?rest_route=\/wp\/v2\/posts"}],"about":[{"href":"https:\/\/bibliotekamoscisko.pl\/index.php?rest_route=\/wp\/v2\/types\/post"}],"author":[{"embeddable":true,"href":"https:\/\/bibliotekamoscisko.pl\/index.php?rest_route=\/wp\/v2\/users\/1"}],"replies":[{"embeddable":true,"href":"https:\/\/bibliotekamoscisko.pl\/index.php?rest_route=%2Fwp%2Fv2%2Fcomments&post=1567"}],"version-history":[{"count":1,"href":"https:\/\/bibliotekamoscisko.pl\/index.php?rest_route=\/wp\/v2\/posts\/1567\/revisions"}],"predecessor-version":[{"id":1570,"href":"https:\/\/bibliotekamoscisko.pl\/index.php?rest_route=\/wp\/v2\/posts\/1567\/revisions\/1570"}],"wp:featuredmedia":[{"embeddable":true,"href":"https:\/\/bibliotekamoscisko.pl\/index.php?rest_route=\/wp\/v2\/media\/1568"}],"wp:attachment":[{"href":"https:\/\/bibliotekamoscisko.pl\/index.php?rest_route=%2Fwp%2Fv2%2Fmedia&parent=1567"}],"wp:term":[{"taxonomy":"category","embeddable":true,"href":"https:\/\/bibliotekamoscisko.pl\/index.php?rest_route=%2Fwp%2Fv2%2Fcategories&post=1567"},{"taxonomy":"post_tag","embeddable":true,"href":"https:\/\/bibliotekamoscisko.pl\/index.php?rest_route=%2Fwp%2Fv2%2Ftags&post=1567"}],"curies":[{"name":"wp","href":"https:\/\/api.w.org\/{rel}","templated":true}]}}