{"id":1577,"date":"2015-03-31T08:55:54","date_gmt":"2015-03-31T08:55:54","guid":{"rendered":"http:\/\/bibliotekamoscisko.pl\/?p=1577"},"modified":"2015-03-31T09:07:23","modified_gmt":"2015-03-31T09:07:23","slug":"noc-z-andersenem","status":"publish","type":"post","link":"https:\/\/bibliotekamoscisko.pl\/?p=1577","title":{"rendered":"Noc z Andersenem"},"content":{"rendered":"<p><strong>,,Postaw wieczorem \u015bwiate\u0142ko w swoim oknie&#8221;<\/strong><\/p>\n<p>Noc z Andersenem to inicjatywa czeskich bibliotekarek. W tym toku obchodzili\u015bmy jubileuszow\u0105 15 letni\u0105 magiczn\u0105 noc. W bibliotece w Ostroszowicach spotkali\u015bmy si\u0119 po raz trzeci. Organizatorki zasugerowa\u0142y, aby tegoroczne spotkanie z Andersenem na ca\u0142ym \u015bwiecie u\u015bwietni\u0142o 100-n\u0105 rocznic\u0119 urodzin czeskiego pisarza Jana Drdy, kt\u00f3ry pisz\u0105c bajki dla dzieci inspirowa\u0142 si\u0119 tw\u00f3rczo\u015bci\u0105 Hansa Christiana Andersena.<\/p>\n<p><strong>,,O kr\u00f3lewnie Jasnience i lataj\u0105cym szewcu&#8221;<\/strong><\/p>\n<p>Bajka Jana Drdy, niezwykle d\u0142uga, ale za to niesamowicie interesuj\u0105ca, zaciekawi\u0142a s\u0142uchaczy. Wartka opowie\u015b\u0107, pe\u0142na dygresji i niesamowitych zwrot\u00f3w akcji wci\u0105gn\u0119\u0142a dzieci bez reszty. Podziwiali\u015bmy skupienie i zainteresowanie s\u0142uchaczy tre\u015bci\u0105 bajki, a emocje podczas s\u0142uchania si\u0119gn\u0119\u0142y zenitu, w\u00f3wczas gdy w opowiadaniu pojawi\u0142y si\u0119 czarownice, nietoperze i le\u015bne stwory.<\/p>\n<p>&nbsp;<\/p>\n<div id='gallery-1' class='gallery galleryid-1577 gallery-columns-3 gallery-size-thumbnail'><figure class='gallery-item'>\n\t\t\t<div class='gallery-icon landscape'>\n\t\t\t\t<a href='https:\/\/bibliotekamoscisko.pl\/?attachment_id=1578'><img decoding=\"async\" width=\"150\" height=\"150\" src=\"https:\/\/bibliotekamoscisko.pl\/wp-content\/uploads\/2015\/03\/21144_344116799123199_9138580389477091957_n-150x150.jpg\" class=\"attachment-thumbnail size-thumbnail\" alt=\"\" \/><\/a>\n\t\t\t<\/div><\/figure><figure class='gallery-item'>\n\t\t\t<div class='gallery-icon landscape'>\n\t\t\t\t<a href='https:\/\/bibliotekamoscisko.pl\/?attachment_id=1579'><img decoding=\"async\" width=\"150\" height=\"150\" src=\"https:\/\/bibliotekamoscisko.pl\/wp-content\/uploads\/2015\/03\/1799115_344114552456757_8467684032094239710_o-150x150.jpg\" class=\"attachment-thumbnail size-thumbnail\" alt=\"\" \/><\/a>\n\t\t\t<\/div><\/figure><figure class='gallery-item'>\n\t\t\t<div class='gallery-icon landscape'>\n\t\t\t\t<a href='https:\/\/bibliotekamoscisko.pl\/?attachment_id=1580'><img decoding=\"async\" width=\"150\" height=\"150\" src=\"https:\/\/bibliotekamoscisko.pl\/wp-content\/uploads\/2015\/03\/10847587_344115475789998_875096184737853897_o-150x150.jpg\" class=\"attachment-thumbnail size-thumbnail\" alt=\"\" \/><\/a>\n\t\t\t<\/div><\/figure><figure class='gallery-item'>\n\t\t\t<div class='gallery-icon landscape'>\n\t\t\t\t<a href='https:\/\/bibliotekamoscisko.pl\/?attachment_id=1581'><img loading=\"lazy\" decoding=\"async\" width=\"150\" height=\"150\" src=\"https:\/\/bibliotekamoscisko.pl\/wp-content\/uploads\/2015\/03\/Noc-a-Andersenem-2015-2-150x150.jpg\" class=\"attachment-thumbnail size-thumbnail\" alt=\"\" \/><\/a>\n\t\t\t<\/div><\/figure><figure class='gallery-item'>\n\t\t\t<div class='gallery-icon landscape'>\n\t\t\t\t<a href='https:\/\/bibliotekamoscisko.pl\/?attachment_id=1583'><img loading=\"lazy\" decoding=\"async\" width=\"150\" height=\"150\" src=\"https:\/\/bibliotekamoscisko.pl\/wp-content\/uploads\/2015\/03\/Noc-z-Andersenem-2015-150x150.jpg\" class=\"attachment-thumbnail size-thumbnail\" alt=\"\" \/><\/a>\n\t\t\t<\/div><\/figure>\n\t\t<\/div>\n\n<p>Niecodziennie spotyka si\u0119 widok dzieci tak mocno zaanga\u017cowanych w tre\u015b\u0107 utworu. Perfekcyjne czytanie bajki przez Panie Alicj\u0119 Najwer, Bo\u017cen\u0119 Nowak oraz Gabriel\u0119 Wojnarsk\u0105 zas\u0142uguje na najwy\u017csze uznanie.<\/p>\n<p>Du\u017cym zaskoczeniem dla doros\u0142ych by\u0142a r\u00f3wnie\u017c praca dzieci w grupach. Zadaniem uczestnik\u00f3w by\u0142o stworzenie mapy my\u015bli analizuj\u0105cej zachowania bohater\u00f3w. Dzieci wywi\u0105za\u0142y si\u0119 z tego zadania znakomicie. Mi\u0142ym akcentem okaza\u0142o si\u0119 tak\u017ce spotkanie z Czechem Panem Szczepanem, kt\u00f3ry rozmawia\u0142 z dzie\u0107mi po czesku, co wywo\u0142a\u0142o og\u00f3lny entuzjazm.<\/p>\n<p>Pyszny torcik oraz smaczna herbatka w kuluarach zach\u0119ci\u0142y wszystkich do wymiany wra\u017ce\u0144 na temat fantastycznej bajki Jana Drdy. Wystawa poczt\u00f3wek, monet z Andersenem, oraz starych fotografii du\u0144czyk\u00f3w z epoki Andersena przygotowane przez Paw\u0142a Guczwi\u0144skiego oraz Izabel\u0119 Gawe\u0142ek u\u015bwietni\u0142y nasze spotkanie.<\/p>\n<p>Atmosfery tego wspania\u0142ego spotkania nie da si\u0119 w pe\u0142ni opisa\u0107. Takie chwile nale\u017cy prze\u017cywa\u0107 razem.<\/p>\n<p>W bibliotece&#8230;<\/p>\n<p>mk<\/p>\n<p>&nbsp;<\/p>\n","protected":false},"excerpt":{"rendered":"<p>,,Postaw wieczorem \u015bwiate\u0142ko w swoim oknie&#8221; Noc z Andersenem to inicjatywa czeskich bibliotekarek. W tym toku obchodzili\u015bmy jubileuszow\u0105 15 letni\u0105 magiczn\u0105 noc. W bibliotece w Ostroszowicach spotkali\u015bmy si\u0119 po raz [&hellip;]<\/p>\n","protected":false},"author":1,"featured_media":1578,"comment_status":"closed","ping_status":"open","sticky":false,"template":"","format":"standard","meta":{"ngg_post_thumbnail":0,"footnotes":""},"categories":[1],"tags":[],"class_list":["post-1577","post","type-post","status-publish","format-standard","has-post-thumbnail","hentry","category-uncategorized"],"_links":{"self":[{"href":"https:\/\/bibliotekamoscisko.pl\/index.php?rest_route=\/wp\/v2\/posts\/1577","targetHints":{"allow":["GET"]}}],"collection":[{"href":"https:\/\/bibliotekamoscisko.pl\/index.php?rest_route=\/wp\/v2\/posts"}],"about":[{"href":"https:\/\/bibliotekamoscisko.pl\/index.php?rest_route=\/wp\/v2\/types\/post"}],"author":[{"embeddable":true,"href":"https:\/\/bibliotekamoscisko.pl\/index.php?rest_route=\/wp\/v2\/users\/1"}],"replies":[{"embeddable":true,"href":"https:\/\/bibliotekamoscisko.pl\/index.php?rest_route=%2Fwp%2Fv2%2Fcomments&post=1577"}],"version-history":[{"count":1,"href":"https:\/\/bibliotekamoscisko.pl\/index.php?rest_route=\/wp\/v2\/posts\/1577\/revisions"}],"predecessor-version":[{"id":1584,"href":"https:\/\/bibliotekamoscisko.pl\/index.php?rest_route=\/wp\/v2\/posts\/1577\/revisions\/1584"}],"wp:featuredmedia":[{"embeddable":true,"href":"https:\/\/bibliotekamoscisko.pl\/index.php?rest_route=\/wp\/v2\/media\/1578"}],"wp:attachment":[{"href":"https:\/\/bibliotekamoscisko.pl\/index.php?rest_route=%2Fwp%2Fv2%2Fmedia&parent=1577"}],"wp:term":[{"taxonomy":"category","embeddable":true,"href":"https:\/\/bibliotekamoscisko.pl\/index.php?rest_route=%2Fwp%2Fv2%2Fcategories&post=1577"},{"taxonomy":"post_tag","embeddable":true,"href":"https:\/\/bibliotekamoscisko.pl\/index.php?rest_route=%2Fwp%2Fv2%2Ftags&post=1577"}],"curies":[{"name":"wp","href":"https:\/\/api.w.org\/{rel}","templated":true}]}}