{"id":16388,"date":"2026-09-02T11:30:37","date_gmt":"2026-09-02T11:30:37","guid":{"rendered":"https:\/\/bibliotekamoscisko.pl\/?p=16388"},"modified":"2026-09-02T11:30:37","modified_gmt":"2026-09-02T11:30:37","slug":"zajecia-szachowe-w-moscisku-3","status":"publish","type":"post","link":"https:\/\/bibliotekamoscisko.pl\/?p=16388","title":{"rendered":"Zaj\u0119cia szachowe w Mo\u015bcisku"},"content":{"rendered":"\n<figure class=\"wp-block-image size-large\"><a href=\"https:\/\/bibliotekamoscisko.pl\/wp-content\/uploads\/2026\/09\/szachy4.jpg\"><img fetchpriority=\"high\" decoding=\"async\" width=\"1024\" height=\"858\" src=\"https:\/\/bibliotekamoscisko.pl\/wp-content\/uploads\/2026\/09\/szachy4-1024x858.jpg\" alt=\"\" class=\"wp-image-16389\" srcset=\"https:\/\/bibliotekamoscisko.pl\/wp-content\/uploads\/2026\/09\/szachy4-1024x858.jpg 1024w, https:\/\/bibliotekamoscisko.pl\/wp-content\/uploads\/2026\/09\/szachy4-300x251.jpg 300w, https:\/\/bibliotekamoscisko.pl\/wp-content\/uploads\/2026\/09\/szachy4-768x644.jpg 768w, https:\/\/bibliotekamoscisko.pl\/wp-content\/uploads\/2026\/09\/szachy4-1536x1288.jpg 1536w, https:\/\/bibliotekamoscisko.pl\/wp-content\/uploads\/2026\/09\/szachy4.jpg 1645w\" sizes=\"(max-width: 1024px) 100vw, 1024px\" \/><\/a><\/figure>\n\n\n\n<p class=\"wp-block-paragraph\">18 wrze\u015bnia ponownie pojawi\u0105 si\u0119 w bibliotece warsztaty szachowe. Mamy nadziej\u0119, \u017ce do\u0142\u0105czycie do nas!<\/p>\n\n\n\n<p class=\"wp-block-paragraph\">Bezp\u0142atne zaj\u0119cia poprowadzi <a href=\"https:\/\/www.facebook.com\/profile.php?id=100010075658502&amp;__cft__[0]=AZj05znFhj4dSFG85BgN6T0e0aux61oodCRv-QTeWrZ3AuV5yny_R2ymOtWCuzUdwLGYYGh1ZTN_4EJ43lsQVAL35uP77KEHJE945u4UFWP_SDx48s0JWrEsuSJpZiZNtDS4kXYnyk5nVSB9WW69rFBvF8EEUrD-&amp;__tn__=-]K-R\">Jaros\u0142aw Kresa<\/a>, dyrektor Biblioteki Publicznej Gminy Dzier\u017coni\u00f3w im. W\u0142adys\u0142awa Reymonta<\/p>\n\n\n\n<p class=\"wp-block-paragraph\"><\/p>\n","protected":false},"excerpt":{"rendered":"<p>18 wrze\u015bnia ponownie pojawi\u0105 si\u0119 w bibliotece warsztaty szachowe. Mamy nadziej\u0119, \u017ce do\u0142\u0105czycie do nas! Bezp\u0142atne zaj\u0119cia poprowadzi Jaros\u0142aw Kresa, dyrektor Biblioteki Publicznej Gminy Dzier\u017coni\u00f3w im. W\u0142adys\u0142awa Reymonta<\/p>\n","protected":false},"author":1,"featured_media":0,"comment_status":"closed","ping_status":"closed","sticky":false,"template":"","format":"standard","meta":{"ngg_post_thumbnail":0,"footnotes":""},"categories":[1],"tags":[],"class_list":["post-16388","post","type-post","status-publish","format-standard","hentry","category-uncategorized"],"_links":{"self":[{"href":"https:\/\/bibliotekamoscisko.pl\/index.php?rest_route=\/wp\/v2\/posts\/16388","targetHints":{"allow":["GET"]}}],"collection":[{"href":"https:\/\/bibliotekamoscisko.pl\/index.php?rest_route=\/wp\/v2\/posts"}],"about":[{"href":"https:\/\/bibliotekamoscisko.pl\/index.php?rest_route=\/wp\/v2\/types\/post"}],"author":[{"embeddable":true,"href":"https:\/\/bibliotekamoscisko.pl\/index.php?rest_route=\/wp\/v2\/users\/1"}],"replies":[{"embeddable":true,"href":"https:\/\/bibliotekamoscisko.pl\/index.php?rest_route=%2Fwp%2Fv2%2Fcomments&post=16388"}],"version-history":[{"count":1,"href":"https:\/\/bibliotekamoscisko.pl\/index.php?rest_route=\/wp\/v2\/posts\/16388\/revisions"}],"predecessor-version":[{"id":16390,"href":"https:\/\/bibliotekamoscisko.pl\/index.php?rest_route=\/wp\/v2\/posts\/16388\/revisions\/16390"}],"wp:attachment":[{"href":"https:\/\/bibliotekamoscisko.pl\/index.php?rest_route=%2Fwp%2Fv2%2Fmedia&parent=16388"}],"wp:term":[{"taxonomy":"category","embeddable":true,"href":"https:\/\/bibliotekamoscisko.pl\/index.php?rest_route=%2Fwp%2Fv2%2Fcategories&post=16388"},{"taxonomy":"post_tag","embeddable":true,"href":"https:\/\/bibliotekamoscisko.pl\/index.php?rest_route=%2Fwp%2Fv2%2Ftags&post=16388"}],"curies":[{"name":"wp","href":"https:\/\/api.w.org\/{rel}","templated":true}]}}