{"id":1688,"date":"2015-04-18T09:09:34","date_gmt":"2015-04-18T09:09:34","guid":{"rendered":"http:\/\/bibliotekamoscisko.pl\/?p=1688"},"modified":"2015-04-18T09:09:34","modified_gmt":"2015-04-18T09:09:34","slug":"swiatowy-dzien-ksiazki-i-rozy","status":"publish","type":"post","link":"https:\/\/bibliotekamoscisko.pl\/?p=1688","title":{"rendered":"\u015awiatowy Dzie\u0144 Ksi\u0105\u017cki i R\u00f3\u017cy"},"content":{"rendered":"<div>\u00a0W dniu 16 kwietnia biblioteka w Ostroszowicach rozpocz\u0119\u0142a obchody Dnia<\/div>\n<div>Ksi\u0105\u017cki i R\u00f3\u017cy , kt\u00f3ry zgodnie z katalo\u0144sk\u0105 tradycj\u0105 obchodzony jest w rocznic\u0119 imienin \u015aw. Jerzego.<\/div>\n<div>Spotkanie DKK by\u0142o znakomit\u0105 okazj\u0105 do rozm\u00f3w o najnowszych trendach w literaturze<\/div>\n<div>oraz degustacji tradycyjnej roladki z jab\u0142kami.<\/div>\n<div>Na pami\u0105tk\u0119 tego wspania\u0142ego \u015bwi\u0119ta upami\u0119tniaj\u0105cego tak\u017ce daty narodzin niekt\u00f3rych pisarzy,<\/div>\n<div>zosta\u0142y wr\u0119czone okoliczno\u015bciowe podzi\u0119kowania .<\/div>\n<div>Czas sp\u0119dzony na dyskusji o ksi\u0105\u017cce A. Ku\u017aniak ,,Czarny anio\u0142 &#8221; o Ewie Demarczyk up\u0142yn\u0105\u0142 w bardzo nostalgicznej atmosferze.<\/div>\n<div>\n<div id='gallery-1' class='gallery galleryid-1688 gallery-columns-3 gallery-size-thumbnail'><figure class='gallery-item'>\n\t\t\t<div class='gallery-icon landscape'>\n\t\t\t\t<a href='https:\/\/bibliotekamoscisko.pl\/?attachment_id=1689'><img decoding=\"async\" width=\"150\" height=\"150\" src=\"https:\/\/bibliotekamoscisko.pl\/wp-content\/uploads\/2015\/04\/10671408_350236585177887_3863015267224963465_n-150x150.jpg\" class=\"attachment-thumbnail size-thumbnail\" alt=\"\" \/><\/a>\n\t\t\t<\/div><\/figure><figure class='gallery-item'>\n\t\t\t<div class='gallery-icon landscape'>\n\t\t\t\t<a href='https:\/\/bibliotekamoscisko.pl\/?attachment_id=1690'><img decoding=\"async\" width=\"150\" height=\"150\" src=\"https:\/\/bibliotekamoscisko.pl\/wp-content\/uploads\/2015\/04\/rosa-1-150x150.jpg\" class=\"attachment-thumbnail size-thumbnail\" alt=\"\" \/><\/a>\n\t\t\t<\/div><\/figure><figure class='gallery-item'>\n\t\t\t<div class='gallery-icon landscape'>\n\t\t\t\t<a href='https:\/\/bibliotekamoscisko.pl\/?attachment_id=1691'><img decoding=\"async\" width=\"150\" height=\"150\" src=\"https:\/\/bibliotekamoscisko.pl\/wp-content\/uploads\/2015\/04\/rosa-150x150.jpg\" class=\"attachment-thumbnail size-thumbnail\" alt=\"\" \/><\/a>\n\t\t\t<\/div><\/figure>\n\t\t<\/div>\n\n<\/div>\n<div>Celebrowanie \u015awi\u0119ta Ksi\u0105\u017cki i R\u00f3\u017cy w naszej bibliotece potrwa do 23 kwietnia.<\/div>\n<div>Cytat Carlosa Luiza Zafona:<\/div>\n<div>,,Ksi\u0105\u017cki s\u0105 lustrem: widzisz w nich tylko to, co ju\u017c masz w sobie&#8221;<\/div>\n<div>w pe\u0142ni oddaje sens czytania ksi\u0105\u017cek i rozmawiania o nich.<\/div>\n<div>\u00a0M.K.<\/div>\n","protected":false},"excerpt":{"rendered":"<p>\u00a0W dniu 16 kwietnia biblioteka w Ostroszowicach rozpocz\u0119\u0142a obchody Dnia Ksi\u0105\u017cki i R\u00f3\u017cy , kt\u00f3ry zgodnie z katalo\u0144sk\u0105 tradycj\u0105 obchodzony jest w rocznic\u0119 imienin \u015aw. Jerzego. Spotkanie DKK by\u0142o znakomit\u0105 [&hellip;]<\/p>\n","protected":false},"author":1,"featured_media":1692,"comment_status":"closed","ping_status":"open","sticky":false,"template":"","format":"standard","meta":{"ngg_post_thumbnail":0,"footnotes":""},"categories":[1],"tags":[],"class_list":["post-1688","post","type-post","status-publish","format-standard","has-post-thumbnail","hentry","category-uncategorized"],"_links":{"self":[{"href":"https:\/\/bibliotekamoscisko.pl\/index.php?rest_route=\/wp\/v2\/posts\/1688","targetHints":{"allow":["GET"]}}],"collection":[{"href":"https:\/\/bibliotekamoscisko.pl\/index.php?rest_route=\/wp\/v2\/posts"}],"about":[{"href":"https:\/\/bibliotekamoscisko.pl\/index.php?rest_route=\/wp\/v2\/types\/post"}],"author":[{"embeddable":true,"href":"https:\/\/bibliotekamoscisko.pl\/index.php?rest_route=\/wp\/v2\/users\/1"}],"replies":[{"embeddable":true,"href":"https:\/\/bibliotekamoscisko.pl\/index.php?rest_route=%2Fwp%2Fv2%2Fcomments&post=1688"}],"version-history":[{"count":1,"href":"https:\/\/bibliotekamoscisko.pl\/index.php?rest_route=\/wp\/v2\/posts\/1688\/revisions"}],"predecessor-version":[{"id":1693,"href":"https:\/\/bibliotekamoscisko.pl\/index.php?rest_route=\/wp\/v2\/posts\/1688\/revisions\/1693"}],"wp:featuredmedia":[{"embeddable":true,"href":"https:\/\/bibliotekamoscisko.pl\/index.php?rest_route=\/wp\/v2\/media\/1692"}],"wp:attachment":[{"href":"https:\/\/bibliotekamoscisko.pl\/index.php?rest_route=%2Fwp%2Fv2%2Fmedia&parent=1688"}],"wp:term":[{"taxonomy":"category","embeddable":true,"href":"https:\/\/bibliotekamoscisko.pl\/index.php?rest_route=%2Fwp%2Fv2%2Fcategories&post=1688"},{"taxonomy":"post_tag","embeddable":true,"href":"https:\/\/bibliotekamoscisko.pl\/index.php?rest_route=%2Fwp%2Fv2%2Ftags&post=1688"}],"curies":[{"name":"wp","href":"https:\/\/api.w.org\/{rel}","templated":true}]}}