{"id":1702,"date":"2015-04-24T09:01:01","date_gmt":"2015-04-24T09:01:01","guid":{"rendered":"http:\/\/bibliotekamoscisko.pl\/?p=1702"},"modified":"2015-04-24T09:01:01","modified_gmt":"2015-04-24T09:01:01","slug":"swiatowy-dzien-ksiazki-z-koziolkiem-matolkiem-w-pilawie-dolnej","status":"publish","type":"post","link":"https:\/\/bibliotekamoscisko.pl\/?p=1702","title":{"rendered":"\u015awiatowy Dzie\u0144 Ksi\u0105\u017cki z Kozio\u0142kiem Mato\u0142kiem w Pi\u0142awie Dolnej"},"content":{"rendered":"<p>W \u015awiatowym Dniu Ksi\u0105\u017cki go\u015bcili\u015bmy w bibliotece dzieci z pi\u0142awskiego przedszkola, grup\u0119 starszak\u00f3w, na spotkaniu \u2013 \u201e\u015aniadanie z Kozio\u0142kiem Mato\u0142kiem i jego przyjaci\u00f3\u0142mi\u201d.<\/p>\n<p>Aby dotrze\u0107 z Kozio\u0142kiem Mato\u0142kiem do Pacanowa, dzieci musz\u0105 pokona\u0107 pewne przeszkody. Odszukuj\u0105 wskazane literki abecad\u0142a, rozwi\u0105zuj\u0105 zagadki ksi\u0105\u017ceczkowych bohater\u00f3w, odszukuj\u0105 skarby \u2013 niespodzianki. W bibliotece ukryte s\u0105 r\u00f3wnie\u017c imiona dzieci, wypisane na kolorowych stopkach. Kolejny etap aby dotrze\u0107 do Pacanowa to pokonanie pola kr\u0119gli, u\u017cywaj\u0105c kolorowych pi\u0142eczek.<\/p>\n<p>Po dotarciu do Pacanowa s\u0142uchamy z audiobooka \u201ePrzyg\u00f3d Kozio\u0142ka Mato\u0142ka\u201d \u2013 K. Makuszy\u0144skiego, pa\u0142aszuj\u0105c swoje \u015bniadanko i zagryzaj\u0105c ma\u015blane ciasteczka.<\/p>\n<div id='gallery-1' class='gallery galleryid-1702 gallery-columns-3 gallery-size-thumbnail'><figure class='gallery-item'>\n\t\t\t<div class='gallery-icon portrait'>\n\t\t\t\t<a href='https:\/\/bibliotekamoscisko.pl\/?attachment_id=1703'><img decoding=\"async\" width=\"150\" height=\"150\" src=\"https:\/\/bibliotekamoscisko.pl\/wp-content\/uploads\/2015\/04\/\u017dwiatowy-Dzie\u02dd-Ksi-\u00acki-z-Kozio-kem-Mato-kiem-1-150x150.jpeg\" class=\"attachment-thumbnail size-thumbnail\" alt=\"\" \/><\/a>\n\t\t\t<\/div><\/figure><figure class='gallery-item'>\n\t\t\t<div class='gallery-icon landscape'>\n\t\t\t\t<a href='https:\/\/bibliotekamoscisko.pl\/?attachment_id=1704'><img decoding=\"async\" width=\"150\" height=\"150\" src=\"https:\/\/bibliotekamoscisko.pl\/wp-content\/uploads\/2015\/04\/\u017dwiatowy-Dzie\u02dd-Ksi-\u00acki-z-Kozio-kem-Mato-kiem-2-150x150.jpeg\" class=\"attachment-thumbnail size-thumbnail\" alt=\"\" \/><\/a>\n\t\t\t<\/div><\/figure><figure class='gallery-item'>\n\t\t\t<div class='gallery-icon landscape'>\n\t\t\t\t<a href='https:\/\/bibliotekamoscisko.pl\/?attachment_id=1705'><img decoding=\"async\" width=\"150\" height=\"150\" src=\"https:\/\/bibliotekamoscisko.pl\/wp-content\/uploads\/2015\/04\/\u017dwiatowy-Dzie\u02dd-Ksi-\u00acki-z-Kozio-kem-Mato-kiem-3-150x150.jpeg\" class=\"attachment-thumbnail size-thumbnail\" alt=\"\" \/><\/a>\n\t\t\t<\/div><\/figure><figure class='gallery-item'>\n\t\t\t<div class='gallery-icon landscape'>\n\t\t\t\t<a href='https:\/\/bibliotekamoscisko.pl\/?attachment_id=1707'><img loading=\"lazy\" decoding=\"async\" width=\"150\" height=\"150\" src=\"https:\/\/bibliotekamoscisko.pl\/wp-content\/uploads\/2015\/04\/\u017dwiatowy-Dzie\u02dd-Ksi-\u00acki-z-Kozio-kem-Mato-kiem-5-150x150.jpeg\" class=\"attachment-thumbnail size-thumbnail\" alt=\"\" \/><\/a>\n\t\t\t<\/div><\/figure><figure class='gallery-item'>\n\t\t\t<div class='gallery-icon landscape'>\n\t\t\t\t<a href='https:\/\/bibliotekamoscisko.pl\/?attachment_id=1708'><img loading=\"lazy\" decoding=\"async\" width=\"150\" height=\"150\" src=\"https:\/\/bibliotekamoscisko.pl\/wp-content\/uploads\/2015\/04\/\u017dwiatowy-Dzie\u02dd-Ksi-\u00acki-z-Kozio-kem-Mato-kiem-6-150x150.jpeg\" class=\"attachment-thumbnail size-thumbnail\" alt=\"\" \/><\/a>\n\t\t\t<\/div><\/figure><figure class='gallery-item'>\n\t\t\t<div class='gallery-icon portrait'>\n\t\t\t\t<a href='https:\/\/bibliotekamoscisko.pl\/?attachment_id=1709'><img loading=\"lazy\" decoding=\"async\" width=\"150\" height=\"150\" src=\"https:\/\/bibliotekamoscisko.pl\/wp-content\/uploads\/2015\/04\/\u017dwiatowy-Dzie\u02dd-Ksi-\u00acki-z-Kozio-kem-Mato-kiem-7-150x150.jpeg\" class=\"attachment-thumbnail size-thumbnail\" alt=\"\" \/><\/a>\n\t\t\t<\/div><\/figure><figure class='gallery-item'>\n\t\t\t<div class='gallery-icon portrait'>\n\t\t\t\t<a href='https:\/\/bibliotekamoscisko.pl\/?attachment_id=1710'><img loading=\"lazy\" decoding=\"async\" width=\"150\" height=\"150\" src=\"https:\/\/bibliotekamoscisko.pl\/wp-content\/uploads\/2015\/04\/\u017dwiatowy-Dzie\u02dd-Ksi-\u00acki-z-Kozio-kem-Mato-kiem-8-150x150.jpeg\" class=\"attachment-thumbnail size-thumbnail\" alt=\"\" \/><\/a>\n\t\t\t<\/div><\/figure><figure class='gallery-item'>\n\t\t\t<div class='gallery-icon portrait'>\n\t\t\t\t<a href='https:\/\/bibliotekamoscisko.pl\/?attachment_id=1711'><img loading=\"lazy\" decoding=\"async\" width=\"150\" height=\"150\" src=\"https:\/\/bibliotekamoscisko.pl\/wp-content\/uploads\/2015\/04\/\u017dwiatowy-Dzie\u02dd-Ksi-\u00acki-z-Kozio-kem-Mato-kiem-9-150x150.jpeg\" class=\"attachment-thumbnail size-thumbnail\" alt=\"\" \/><\/a>\n\t\t\t<\/div><\/figure><figure class='gallery-item'>\n\t\t\t<div class='gallery-icon landscape'>\n\t\t\t\t<a href='https:\/\/bibliotekamoscisko.pl\/?attachment_id=1713'><img loading=\"lazy\" decoding=\"async\" width=\"150\" height=\"150\" src=\"https:\/\/bibliotekamoscisko.pl\/wp-content\/uploads\/2015\/04\/\u017dwiatowy-Dzie\u02dd-Ksi-\u00acki-z-Kozio-kem-Mato-kiem-11-150x150.jpeg\" class=\"attachment-thumbnail size-thumbnail\" alt=\"\" \/><\/a>\n\t\t\t<\/div><\/figure>\n\t\t<\/div>\n\n<p>By\u0142o nam weso\u0142o, smakowicie, \u00a0z przyjemno\u015bci\u0105 wys\u0142uchali\u015bmy zabawnych przyg\u00f3d Kozio\u0142ka. Spotkania dzieci w bibliotece ciesz\u0105 si\u0119 du\u017cym zainteresowaniem. Dzi\u0119kuj\u0119 za odwiedziny i zapraszam.<\/p>\n<p>Wanda Kun<\/p>\n","protected":false},"excerpt":{"rendered":"<p>W \u015awiatowym Dniu Ksi\u0105\u017cki go\u015bcili\u015bmy w bibliotece dzieci z pi\u0142awskiego przedszkola, grup\u0119 starszak\u00f3w, na spotkaniu \u2013 \u201e\u015aniadanie z Kozio\u0142kiem Mato\u0142kiem i jego przyjaci\u00f3\u0142mi\u201d. Aby dotrze\u0107 z Kozio\u0142kiem Mato\u0142kiem do Pacanowa, [&hellip;]<\/p>\n","protected":false},"author":1,"featured_media":1706,"comment_status":"closed","ping_status":"open","sticky":false,"template":"","format":"standard","meta":{"ngg_post_thumbnail":0,"footnotes":""},"categories":[1],"tags":[],"class_list":["post-1702","post","type-post","status-publish","format-standard","has-post-thumbnail","hentry","category-uncategorized"],"_links":{"self":[{"href":"https:\/\/bibliotekamoscisko.pl\/index.php?rest_route=\/wp\/v2\/posts\/1702","targetHints":{"allow":["GET"]}}],"collection":[{"href":"https:\/\/bibliotekamoscisko.pl\/index.php?rest_route=\/wp\/v2\/posts"}],"about":[{"href":"https:\/\/bibliotekamoscisko.pl\/index.php?rest_route=\/wp\/v2\/types\/post"}],"author":[{"embeddable":true,"href":"https:\/\/bibliotekamoscisko.pl\/index.php?rest_route=\/wp\/v2\/users\/1"}],"replies":[{"embeddable":true,"href":"https:\/\/bibliotekamoscisko.pl\/index.php?rest_route=%2Fwp%2Fv2%2Fcomments&post=1702"}],"version-history":[{"count":1,"href":"https:\/\/bibliotekamoscisko.pl\/index.php?rest_route=\/wp\/v2\/posts\/1702\/revisions"}],"predecessor-version":[{"id":1714,"href":"https:\/\/bibliotekamoscisko.pl\/index.php?rest_route=\/wp\/v2\/posts\/1702\/revisions\/1714"}],"wp:featuredmedia":[{"embeddable":true,"href":"https:\/\/bibliotekamoscisko.pl\/index.php?rest_route=\/wp\/v2\/media\/1706"}],"wp:attachment":[{"href":"https:\/\/bibliotekamoscisko.pl\/index.php?rest_route=%2Fwp%2Fv2%2Fmedia&parent=1702"}],"wp:term":[{"taxonomy":"category","embeddable":true,"href":"https:\/\/bibliotekamoscisko.pl\/index.php?rest_route=%2Fwp%2Fv2%2Fcategories&post=1702"},{"taxonomy":"post_tag","embeddable":true,"href":"https:\/\/bibliotekamoscisko.pl\/index.php?rest_route=%2Fwp%2Fv2%2Ftags&post=1702"}],"curies":[{"name":"wp","href":"https:\/\/api.w.org\/{rel}","templated":true}]}}